{"id":11466,"date":"2023-09-11T13:54:58","date_gmt":"2023-09-11T18:54:58","guid":{"rendered":"https:\/\/teegro.gob.mx\/inicio\/?p=11466"},"modified":"2023-09-12T14:43:42","modified_gmt":"2023-09-12T19:43:42","slug":"vigesima-octava-sesion-publica-de-resolucion-2","status":"publish","type":"post","link":"https:\/\/teegro.gob.mx\/sitio2025\/vigesima-octava-sesion-publica-de-resolucion-2\/","title":{"rendered":"Vig\u00e9sima Octava Sesi\u00f3n P\u00fablica de Resoluci\u00f3n"},"content":{"rendered":"<!-- VideographyWP Plugin Message: Automatic video embedding prevented by plugin options. -->\n\n<ul>\n<li><a href=\"https:\/\/teegro.gob.mx\/inicio\/wp-content\/uploads\/2023\/09\/Lista120923.pdf\">Orden del d\u00eda<\/a><\/li>\n<li><a href=\"https:\/\/youtu.be\/pISSmM60OfA\">V\u00eddeo de la Sesi\u00f3n<\/a><\/li>\n<\/ul>\n<h3>Contenido<\/h3>\n<ul>\n<li>TEE\/JEC\/007\/2023 y acumulado. Acuerdo Plenario &#8211; Carlos Arturo Mill\u00e1n S\u00e1nchez y otra persona<\/li>\n<li>TEE\/JEC\/050\/2023 &#8211; Tania \u00c1vila Magadan<\/li>\n<li>TEE\/JEC\/051\/2023 &#8211; Adriana Elizabeth Garnica Ventura y otras personas<\/li>\n<\/ul>\n<p><!--more--><\/p>\n<h3><strong>TEE\/<\/strong>JEC\/007\/2023 y acumulado. Acuerdo Plenario<\/h3>\n<p><strong>Actor:<\/strong> Carlos Arturo Mill\u00e1n S\u00e1nchez y otra persona<\/p>\n<p><strong>Autoridad responsable:<\/strong> Comisi\u00f3n de Justicia del Consejo Nacional del Partido Acci\u00f3n Nacional<\/p>\n<p><strong>Descarga:<\/strong> <a href=\"https:\/\/teegro.gob.mx\/inicio\/wp-content\/uploads\/2023\/09\/TEE-JEC-007-2023-Acuerdo.pdf\">Descarga<\/a><\/p>\n<h3><strong>TEE\/JEC\/050\/2023<\/strong><\/h3>\n<p><strong>Promovente:<\/strong> Tania \u00c1vila Magadan<\/p>\n<p><strong>Autoridad responsable:<\/strong> Congreso del Estado de Guerrero<\/p>\n<p><strong>Descarga:<\/strong> <a href=\"https:\/\/teegro.gob.mx\/inicio\/wp-content\/uploads\/2023\/09\/TEE-JEC-050-2023.pdf\">Descarga<\/a><\/p>\n<h3><strong>TEE\/JEC\/051\/2023&nbsp;<\/strong><\/h3>\n<p><strong>Actor:<\/strong> Adriana Elizabeth Garnica Ventura y otras personas<\/p>\n<p><strong>Autoridad responsable:<\/strong> Congreso del Estado de Guerrero&nbsp;<\/p>\n<p><strong>Descarga:<\/strong> <a href=\"https:\/\/teegro.gob.mx\/inicio\/wp-content\/uploads\/2023\/09\/TEE-JEC-051-2023.pdf\">Descarga<\/a><\/p>\n","protected":false},"excerpt":{"rendered":"<p>Orden del d\u00eda V\u00eddeo de la Sesi\u00f3n Contenido TEE\/JEC\/007\/2023 y acumulado. Acuerdo Plenario &#8211; Carlos Arturo Mill\u00e1n S\u00e1nchez y otra persona TEE\/JEC\/050\/2023 &#8211; Tania \u00c1vila Magadan TEE\/JEC\/051\/2023 &#8211; Adriana Elizabeth Garnica Ventura y otras personas<\/p>\n","protected":false},"author":1,"featured_media":0,"comment_status":"open","ping_status":"open","sticky":false,"template":"","format":"standard","meta":{"_acf_changed":false,"footnotes":""},"categories":[210],"tags":[],"class_list":["post-11466","post","type-post","status-publish","format-standard","hentry","category-gaceta"],"acf":[],"_links":{"self":[{"href":"https:\/\/teegro.gob.mx\/sitio2025\/wp-json\/wp\/v2\/posts\/11466","targetHints":{"allow":["GET"]}}],"collection":[{"href":"https:\/\/teegro.gob.mx\/sitio2025\/wp-json\/wp\/v2\/posts"}],"about":[{"href":"https:\/\/teegro.gob.mx\/sitio2025\/wp-json\/wp\/v2\/types\/post"}],"author":[{"embeddable":true,"href":"https:\/\/teegro.gob.mx\/sitio2025\/wp-json\/wp\/v2\/users\/1"}],"replies":[{"embeddable":true,"href":"https:\/\/teegro.gob.mx\/sitio2025\/wp-json\/wp\/v2\/comments?post=11466"}],"version-history":[{"count":7,"href":"https:\/\/teegro.gob.mx\/sitio2025\/wp-json\/wp\/v2\/posts\/11466\/revisions"}],"predecessor-version":[{"id":11484,"href":"https:\/\/teegro.gob.mx\/sitio2025\/wp-json\/wp\/v2\/posts\/11466\/revisions\/11484"}],"wp:attachment":[{"href":"https:\/\/teegro.gob.mx\/sitio2025\/wp-json\/wp\/v2\/media?parent=11466"}],"wp:term":[{"taxonomy":"category","embeddable":true,"href":"https:\/\/teegro.gob.mx\/sitio2025\/wp-json\/wp\/v2\/categories?post=11466"},{"taxonomy":"post_tag","embeddable":true,"href":"https:\/\/teegro.gob.mx\/sitio2025\/wp-json\/wp\/v2\/tags?post=11466"}],"curies":[{"name":"wp","href":"https:\/\/api.w.org\/{rel}","templated":true}]}}