{"id":11486,"date":"2023-09-18T14:57:46","date_gmt":"2023-09-18T19:57:46","guid":{"rendered":"https:\/\/teegro.gob.mx\/inicio\/?p=11486"},"modified":"2023-09-20T16:20:51","modified_gmt":"2023-09-20T21:20:51","slug":"vigesima-novena-sesion-publica-de-resolucion-2","status":"publish","type":"post","link":"https:\/\/teegro.gob.mx\/sitio2025\/vigesima-novena-sesion-publica-de-resolucion-2\/","title":{"rendered":"Vig\u00e9sima Novena Sesi\u00f3n P\u00fablica de Resoluci\u00f3n"},"content":{"rendered":"<!-- VideographyWP Plugin Message: Automatic video embedding prevented by plugin options. -->\n\n<ul>\n<li><a href=\"https:\/\/teegro.gob.mx\/inicio\/wp-content\/uploads\/2023\/09\/Lista190923.pdf\">Orden del d\u00eda<\/a><\/li>\n<li><a href=\"https:\/\/youtu.be\/QgeqbvdHmd0\">V\u00eddeo de la Sesi\u00f3n<\/a><\/li>\n<\/ul>\n<h3>Contenido<\/h3>\n<ul>\n<li>TEE\/LCI\/015\/2023 &#8211; Iris Salmer\u00f3n Camero<\/li>\n<li>TEE\/JEC\/043\/2023 y su acumulado &#8211; Arlene Siu Sarabia Pe\u00f1a y otra persona<\/li>\n<li>TEE\/JEC\/035\/2023 &#8211; Blanca Edid Moreno Ayala y otras personas<\/li>\n<li>TEE\/JEC\/039\/2023 &#8211; Carlos Arturo Mill\u00e1n S\u00e1nchez<\/li>\n<\/ul>\n<p><!--more--><\/p>\n<h3><strong>TEE\/LCI\/015\/2023<\/strong><\/h3>\n<p><strong>Comparecientes:<\/strong> Iris Salmer\u00f3n Camero&nbsp;<\/p>\n<p><strong>Autoridad responsable:<\/strong> Instituto Electoral y de Participaci\u00f3n Ciudadana<\/p>\n<p><strong>Descarga:<\/strong> <a href=\"https:\/\/teegro.gob.mx\/inicio\/wp-content\/uploads\/2023\/09\/TEE-LCI-015-2023.pdf\">Descarga<\/a><\/p>\n<h3><strong>TEE\/<\/strong>JEC\/043\/2023 y su acumulado<\/h3>\n<p><strong>Actor:<\/strong> Arlene Siu Sarabia Pe\u00f1a y otra persona<\/p>\n<p><strong>Autoridad responsable:<\/strong> Comisi\u00f3n Nacional de Honestidad y Justicia de Morena<\/p>\n<h3><strong>TEE\/JEC\/035\/2023<\/strong><\/h3>\n<p><strong>Actor:<\/strong> Blanca Edid Moreno Ayala y otras personas<\/p>\n<p><strong>Autoridad responsable:<\/strong> Ayuntamiento de Metlat\u00f3noc, Guerrero<\/p>\n<p><strong>Descarga:<\/strong> <a href=\"https:\/\/teegro.gob.mx\/inicio\/wp-content\/uploads\/2023\/09\/TEE-JEC-035-2023.pdf\">Descarga<\/a><\/p>\n<h3><strong>TEE\/JEC\/039\/2023<\/strong><\/h3>\n<p><strong>Actor:<\/strong> Carlos Arturo Mill\u00e1n S\u00e1nchez<\/p>\n<p><strong>Autoridad responsable:<\/strong> Comisi\u00f3n de Justicia del Consejo Nacional del Partido Acci\u00f3n Nacional<\/p>\n<p><strong>Descarga:<\/strong> <a href=\"https:\/\/teegro.gob.mx\/inicio\/wp-content\/uploads\/2023\/09\/TEE-JEC-039-2023.pdf\">Descarga<\/a><\/p>\n","protected":false},"excerpt":{"rendered":"<p>Orden del d\u00eda V\u00eddeo de la Sesi\u00f3n Contenido TEE\/LCI\/015\/2023 &#8211; Iris Salmer\u00f3n Camero TEE\/JEC\/043\/2023 y su acumulado &#8211; Arlene Siu Sarabia Pe\u00f1a y otra persona TEE\/JEC\/035\/2023 &#8211; Blanca Edid Moreno Ayala y otras personas TEE\/JEC\/039\/2023 &#8211; Carlos Arturo Mill\u00e1n S\u00e1nchez<\/p>\n","protected":false},"author":1,"featured_media":0,"comment_status":"open","ping_status":"open","sticky":false,"template":"","format":"standard","meta":{"_acf_changed":false,"footnotes":""},"categories":[210],"tags":[],"class_list":["post-11486","post","type-post","status-publish","format-standard","hentry","category-gaceta"],"acf":[],"_links":{"self":[{"href":"https:\/\/teegro.gob.mx\/sitio2025\/wp-json\/wp\/v2\/posts\/11486","targetHints":{"allow":["GET"]}}],"collection":[{"href":"https:\/\/teegro.gob.mx\/sitio2025\/wp-json\/wp\/v2\/posts"}],"about":[{"href":"https:\/\/teegro.gob.mx\/sitio2025\/wp-json\/wp\/v2\/types\/post"}],"author":[{"embeddable":true,"href":"https:\/\/teegro.gob.mx\/sitio2025\/wp-json\/wp\/v2\/users\/1"}],"replies":[{"embeddable":true,"href":"https:\/\/teegro.gob.mx\/sitio2025\/wp-json\/wp\/v2\/comments?post=11486"}],"version-history":[{"count":16,"href":"https:\/\/teegro.gob.mx\/sitio2025\/wp-json\/wp\/v2\/posts\/11486\/revisions"}],"predecessor-version":[{"id":11514,"href":"https:\/\/teegro.gob.mx\/sitio2025\/wp-json\/wp\/v2\/posts\/11486\/revisions\/11514"}],"wp:attachment":[{"href":"https:\/\/teegro.gob.mx\/sitio2025\/wp-json\/wp\/v2\/media?parent=11486"}],"wp:term":[{"taxonomy":"category","embeddable":true,"href":"https:\/\/teegro.gob.mx\/sitio2025\/wp-json\/wp\/v2\/categories?post=11486"},{"taxonomy":"post_tag","embeddable":true,"href":"https:\/\/teegro.gob.mx\/sitio2025\/wp-json\/wp\/v2\/tags?post=11486"}],"curies":[{"name":"wp","href":"https:\/\/api.w.org\/{rel}","templated":true}]}}