{"id":11543,"date":"2023-09-21T16:41:44","date_gmt":"2023-09-21T21:41:44","guid":{"rendered":"https:\/\/teegro.gob.mx\/inicio\/?p=11543"},"modified":"2023-09-25T11:40:07","modified_gmt":"2023-09-25T16:40:07","slug":"trigesima-primera-sesion-publica-de-resolucion-3","status":"publish","type":"post","link":"https:\/\/teegro.gob.mx\/sitio2025\/trigesima-primera-sesion-publica-de-resolucion-3\/","title":{"rendered":"Trig\u00e9sima Primera Sesi\u00f3n P\u00fablica de Resoluci\u00f3n"},"content":{"rendered":"<!-- VideographyWP Plugin Message: Automatic video embedding prevented by plugin options. -->\n\n<ul>\n<li><a href=\"https:\/\/teegro.gob.mx\/inicio\/wp-content\/uploads\/2023\/09\/Lista220923.pdf\">Orden del d\u00eda<\/a><\/li>\n<li><a href=\"https:\/\/youtu.be\/ii2-qek2vXM\">V\u00eddeo de la Sesi\u00f3n<\/a><\/li>\n<\/ul>\n<h3>Contenido<\/h3>\n<ul>\n<li>TEE\/JEC\/040\/2023<strong> Acuerdo Plenario<\/strong> &#8211; Alfredo S\u00e1nchez Esquivel<\/li>\n<li>TEE\/LCI\/016\/2023 &#8211; Ra\u00fal Rub\u00ed Velasco<\/li>\n<li>TEE\/PES\/006\/2022<\/li>\n<\/ul>\n<p><!--more--><\/p>\n<h3><strong>TEE\/<\/strong>JEC\/040\/2023 <strong>Acuerdo Plenario<\/strong><\/h3>\n<p><strong>Actor:<\/strong> Alfredo S\u00e1nchez Esquivel<\/p>\n<p><strong>Autoridad responsable:<\/strong> Comisi\u00f3n Nacional de Honestidad de Justicia de Morena<\/p>\n<p><strong>Descarga:<\/strong> <a href=\"https:\/\/teegro.gob.mx\/inicio\/wp-content\/uploads\/2023\/09\/TEE-JEC-040-2023-Acuerdo.pdf\">Descarga<\/a><\/p>\n<h3><strong>TEE\/LCI\/016\/2023<\/strong><\/h3>\n<p><strong>Compareciente:<\/strong> Ra\u00fal Rub\u00ed Velasco<\/p>\n<p><strong>Autoridad responsable:<\/strong> Instituto Electoral y de Participaci\u00f3n Ciudadana<\/p>\n<p><strong>Descarga:<\/strong> <a href=\"https:\/\/teegro.gob.mx\/inicio\/wp-content\/uploads\/2023\/09\/TEE-LCI-016-2023.pdf\">Descarga<\/a><\/p>\n<h3><strong>TEE\/PES\/006\/2022<\/strong><\/h3>\n<p><strong>Denunciante:<\/strong> <\/p>\n<p><strong>Denunciado:<\/strong> Joel \u00c1ngel Romero y otras personas<\/p>\n<p><strong>Descarga:<\/strong> <a href=\"https:\/\/teegro.gob.mx\/inicio\/wp-content\/uploads\/2023\/09\/TEE-PES-006-2022-Testado.pdf\">Descarga<\/a><\/p>\n","protected":false},"excerpt":{"rendered":"<p>Orden del d\u00eda V\u00eddeo de la Sesi\u00f3n Contenido TEE\/JEC\/040\/2023 Acuerdo Plenario &#8211; Alfredo S\u00e1nchez Esquivel TEE\/LCI\/016\/2023 &#8211; Ra\u00fal Rub\u00ed Velasco TEE\/PES\/006\/2022<\/p>\n","protected":false},"author":1,"featured_media":0,"comment_status":"open","ping_status":"open","sticky":false,"template":"","format":"standard","meta":{"_acf_changed":false,"footnotes":""},"categories":[210],"tags":[],"class_list":["post-11543","post","type-post","status-publish","format-standard","hentry","category-gaceta"],"acf":[],"_links":{"self":[{"href":"https:\/\/teegro.gob.mx\/sitio2025\/wp-json\/wp\/v2\/posts\/11543","targetHints":{"allow":["GET"]}}],"collection":[{"href":"https:\/\/teegro.gob.mx\/sitio2025\/wp-json\/wp\/v2\/posts"}],"about":[{"href":"https:\/\/teegro.gob.mx\/sitio2025\/wp-json\/wp\/v2\/types\/post"}],"author":[{"embeddable":true,"href":"https:\/\/teegro.gob.mx\/sitio2025\/wp-json\/wp\/v2\/users\/1"}],"replies":[{"embeddable":true,"href":"https:\/\/teegro.gob.mx\/sitio2025\/wp-json\/wp\/v2\/comments?post=11543"}],"version-history":[{"count":9,"href":"https:\/\/teegro.gob.mx\/sitio2025\/wp-json\/wp\/v2\/posts\/11543\/revisions"}],"predecessor-version":[{"id":11555,"href":"https:\/\/teegro.gob.mx\/sitio2025\/wp-json\/wp\/v2\/posts\/11543\/revisions\/11555"}],"wp:attachment":[{"href":"https:\/\/teegro.gob.mx\/sitio2025\/wp-json\/wp\/v2\/media?parent=11543"}],"wp:term":[{"taxonomy":"category","embeddable":true,"href":"https:\/\/teegro.gob.mx\/sitio2025\/wp-json\/wp\/v2\/categories?post=11543"},{"taxonomy":"post_tag","embeddable":true,"href":"https:\/\/teegro.gob.mx\/sitio2025\/wp-json\/wp\/v2\/tags?post=11543"}],"curies":[{"name":"wp","href":"https:\/\/api.w.org\/{rel}","templated":true}]}}