{"id":11557,"date":"2023-10-02T16:50:24","date_gmt":"2023-10-02T21:50:24","guid":{"rendered":"https:\/\/teegro.gob.mx\/inicio\/?p=11557"},"modified":"2023-10-03T18:08:47","modified_gmt":"2023-10-03T23:08:47","slug":"trigesima-segunda-sesion-publica-de-resolucion-3","status":"publish","type":"post","link":"https:\/\/teegro.gob.mx\/sitio2025\/trigesima-segunda-sesion-publica-de-resolucion-3\/","title":{"rendered":"Trig\u00e9sima Segunda Sesi\u00f3n P\u00fablica de Resoluci\u00f3n"},"content":{"rendered":"<!-- VideographyWP Plugin Message: Automatic video embedding prevented by plugin options. -->\n\n<ul>\n<li><a href=\"https:\/\/teegro.gob.mx\/inicio\/wp-content\/uploads\/2023\/10\/Lista031023.pdf\">Orden del d\u00eda<\/a><\/li>\n<li><a href=\"https:\/\/youtu.be\/GE6x9V0P58A\">V\u00eddeo de la Sesi\u00f3n<\/a><\/li>\n<\/ul>\n<h3>Contenido<\/h3>\n<ul>\n<li>TEE\/JEC\/035\/2023 Acuerdo Plenario &#8211; Blanca Edid Moreno Ayala y otras personas<\/li>\n<li>TEE\/JEC\/020\/2021 y acumulado Acuerdo Plenario &#8211; Ricardo del Carmen Gallardo y otra persona<\/li>\n<li>TEE\/JEC\/024\/2023 Acuerdo Plenario &#8211; Yaneth Guti\u00e9rrez Izazaga<\/li>\n<li>TEE\/JEC\/004\/2023 Acuerdo Plenario &#8211; Artemio Le\u00f3n Leal<\/li>\n<li>TEE\/JEC\/054\/2023 &#8211; Antonio Gonz\u00e1lez L\u00f3pez y otras personas<\/li>\n<li>TEE\/JEC\/046\/2023 y acumulado &#8211; Ricardo Landa Pati\u00f1o<\/li>\n<\/ul>\n<p><!--more--><\/p>\n<h3><strong>TEE\/<\/strong>JEC\/035\/2023 Acuerdo Plenario<\/h3>\n<p><strong>Actor:<\/strong> Blanca Edid Moreno Ayala y otras personas<\/p>\n<p><strong>Autoridad responsable:<\/strong> Ayuntamiento de Metlat\u00f3noc, Guerrero<\/p>\n<p><strong>Descarga:<\/strong> <a href=\"https:\/\/teegro.gob.mx\/inicio\/wp-content\/uploads\/2023\/10\/TEE-JEC-035-2023-Acuerdo.pdf\">Descarga<\/a><\/p>\n<h3><strong>TEE\/<\/strong>JEC\/020\/2021 y acumulado Acuerdo Plenario<\/h3>\n<p><strong>Actor:<\/strong> Ricardo del Carmen Gallardo y otra persona<\/p>\n<p><strong>Autoridad responsable:<\/strong> Instituto Electoral y de Participaci\u00f3n Ciudadana del Estado de Guerrero<\/p>\n<p><strong>Descarga:<\/strong> <a href=\"https:\/\/teegro.gob.mx\/inicio\/wp-content\/uploads\/2023\/10\/TEE-JEC-020-2021-y-Acumulado-Acuerdo.pdf\">Descarga<\/a><\/p>\n<h3><strong>TEE\/<\/strong>JEC\/024\/2023 Acuerdo Plenario<\/h3>\n<p><strong>Actor:<\/strong> Yaneth Guti\u00e9rrez Izazaga<\/p>\n<p><strong>Autoridad responsable:<\/strong> Ayuntamiento de la Uni\u00f3n de Isidoro Montes de Oca, Guerrero<\/p>\n<p><strong>Descarga:<\/strong> <a href=\"https:\/\/teegro.gob.mx\/inicio\/wp-content\/uploads\/2023\/10\/TEE-JEC-024-2023-Acuerdo.pdf\">Descarga<\/a><\/p>\n<h3><strong>TEE\/<\/strong>JEC\/004\/2023 Acuerdo Plenario<\/h3>\n<p><strong>Actor:<\/strong> Artemio Le\u00f3n Leal<\/p>\n<p><strong>Autoridad responsable:<\/strong> Ayuntamiento Municipal de Metlat\u00f3noc, Guerrero<\/p>\n<p><strong>Descarga:<\/strong> <a href=\"https:\/\/teegro.gob.mx\/inicio\/wp-content\/uploads\/2023\/10\/TEE-JEC-004-2023-Acuerdo.pdf\">Descarga<\/a><\/p>\n<h3><strong>TEE\/JEC\/054\/2023<\/strong><\/h3>\n<p><strong>Actor:<\/strong> Antonio Gonz\u00e1lez L\u00f3pez y otras personas<\/p>\n<p><strong>Autoridad responsable:<\/strong> Instituto Electoral y de Participaci\u00f3n Ciudadana del Estado de Guerrero<\/p>\n<p><strong>Descarga:<\/strong> <a href=\"https:\/\/teegro.gob.mx\/inicio\/wp-content\/uploads\/2023\/10\/TEE-JEC-054-2023.pdf\">Descarga<\/a><\/p>\n<h3><strong>TEE\/<\/strong>JEC\/046\/2023 y acumulado<\/h3>\n<p><strong>Actor:<\/strong> Ricardo Landa Pati\u00f1o<\/p>\n<p><strong>Autoridad responsable:<\/strong> Congreso del Estado de Guerrero<\/p>\n<p><strong>Descarga:<\/strong> <a href=\"https:\/\/teegro.gob.mx\/inicio\/wp-content\/uploads\/2023\/10\/TEE-JEC-046-2023-Y-ACUMULADO.pdf\">Descarga<\/a><\/p>\n","protected":false},"excerpt":{"rendered":"<p>Orden del d\u00eda V\u00eddeo de la Sesi\u00f3n Contenido TEE\/JEC\/035\/2023 Acuerdo Plenario &#8211; Blanca Edid Moreno Ayala y otras personas TEE\/JEC\/020\/2021 y acumulado Acuerdo Plenario &#8211; Ricardo del Carmen Gallardo y otra persona TEE\/JEC\/024\/2023 Acuerdo Plenario &#8211; Yaneth Guti\u00e9rrez Izazaga TEE\/JEC\/004\/2023 Acuerdo Plenario &#8211; Artemio Le\u00f3n Leal TEE\/JEC\/054\/2023 &#8211; Antonio Gonz\u00e1lez L\u00f3pez y otras personas TEE\/JEC\/046\/2023 [&hellip;]<\/p>\n","protected":false},"author":1,"featured_media":0,"comment_status":"open","ping_status":"open","sticky":false,"template":"","format":"standard","meta":{"_acf_changed":false,"footnotes":""},"categories":[210],"tags":[],"class_list":["post-11557","post","type-post","status-publish","format-standard","hentry","category-gaceta"],"acf":[],"_links":{"self":[{"href":"https:\/\/teegro.gob.mx\/sitio2025\/wp-json\/wp\/v2\/posts\/11557","targetHints":{"allow":["GET"]}}],"collection":[{"href":"https:\/\/teegro.gob.mx\/sitio2025\/wp-json\/wp\/v2\/posts"}],"about":[{"href":"https:\/\/teegro.gob.mx\/sitio2025\/wp-json\/wp\/v2\/types\/post"}],"author":[{"embeddable":true,"href":"https:\/\/teegro.gob.mx\/sitio2025\/wp-json\/wp\/v2\/users\/1"}],"replies":[{"embeddable":true,"href":"https:\/\/teegro.gob.mx\/sitio2025\/wp-json\/wp\/v2\/comments?post=11557"}],"version-history":[{"count":6,"href":"https:\/\/teegro.gob.mx\/sitio2025\/wp-json\/wp\/v2\/posts\/11557\/revisions"}],"predecessor-version":[{"id":11573,"href":"https:\/\/teegro.gob.mx\/sitio2025\/wp-json\/wp\/v2\/posts\/11557\/revisions\/11573"}],"wp:attachment":[{"href":"https:\/\/teegro.gob.mx\/sitio2025\/wp-json\/wp\/v2\/media?parent=11557"}],"wp:term":[{"taxonomy":"category","embeddable":true,"href":"https:\/\/teegro.gob.mx\/sitio2025\/wp-json\/wp\/v2\/categories?post=11557"},{"taxonomy":"post_tag","embeddable":true,"href":"https:\/\/teegro.gob.mx\/sitio2025\/wp-json\/wp\/v2\/tags?post=11557"}],"curies":[{"name":"wp","href":"https:\/\/api.w.org\/{rel}","templated":true}]}}