{"id":11584,"date":"2023-10-09T15:02:05","date_gmt":"2023-10-09T20:02:05","guid":{"rendered":"https:\/\/teegro.gob.mx\/inicio\/?p=11584"},"modified":"2023-10-10T17:03:01","modified_gmt":"2023-10-10T22:03:01","slug":"trigesima-tercera-sesion-publica-de-resolucion-3","status":"publish","type":"post","link":"https:\/\/teegro.gob.mx\/sitio2025\/trigesima-tercera-sesion-publica-de-resolucion-3\/","title":{"rendered":"Trig\u00e9sima Tercera Sesi\u00f3n P\u00fablica de Resoluci\u00f3n"},"content":{"rendered":"<!-- VideographyWP Plugin Message: Automatic video embedding prevented by plugin options. -->\n\n<ul>\n<li><a href=\"https:\/\/teegro.gob.mx\/inicio\/wp-content\/uploads\/2023\/10\/lista101023.pdf\">Orden del d\u00eda<\/a><\/li>\n<li><a href=\"https:\/\/youtu.be\/-Ozxlu5CMm4\">V\u00eddeo de la Sesi\u00f3n<\/a><\/li>\n<\/ul>\n<h3>Contenido<\/h3>\n<ul>\n<li>TEE\/JEC\/007\/2020 y acumulados Acuerdo Plenario &#8211; Sixto Cruz Ortega y otros<\/li>\n<li>TEE\/RAP\/015\/2023 &#8211; Secretaria General del Partido Movimiento Laborista Guerrero<\/li>\n<li>TEE\/JEC\/048\/2023 &#8211; Jes\u00fas Manuel Vergara Encarnaci\u00f3n<\/li>\n<li>TEE\/JEC\/052\/2023 &#8211; Felipe Aceve Palleco y otras personas<\/li>\n<li>TEE\/JEC\/041\/2023 y acumulado &#8211; Jos\u00e9 Luis Abarca Cort\u00e9z y otra persona<\/li>\n<li>TEE\/LCI\/018\/2023 &#8211; V\u00edctor Garc\u00eda Vel\u00e1zquez<\/li>\n<\/ul>\n<p><!--more--><\/p>\n<h3><strong>TEE\/<\/strong>JEC\/007\/2020 y acumulados Acuerdo Plenario<\/h3>\n<p><strong>Actor:<\/strong> Sixto Cruz Ortega y otros<\/p>\n<p><strong>Autoridad responsable:<\/strong> Instituto Electoral y de Participaci\u00f3n Ciudadana del Estado de Guerrero<\/p>\n<p><strong>Descarga:<\/strong> <a href=\"https:\/\/teegro.gob.mx\/inicio\/wp-content\/uploads\/2023\/10\/TEE-JEC-007-2020-y-acum-Acuerdo.pdf\">Descarga<\/a><\/p>\n<h3><strong>TEE\/RAP\/015\/2023<\/strong><\/h3>\n<p><strong>Actor:<\/strong> Secretaria General del Partido Movimiento Laborista Guerrero<\/p>\n<p><strong>Autoridad responsable:<\/strong> Instituto Electoral y de Participaci\u00f3n Ciudadana del Estado de Guerrero<\/p>\n<p><strong>Descarga:<\/strong> <a href=\"https:\/\/teegro.gob.mx\/inicio\/wp-content\/uploads\/2023\/10\/TEE-RAP-015-2023.pdf\">Descarga<\/a><\/p>\n<h3><strong>TEE\/JEC\/048\/2023<\/strong><\/h3>\n<p><strong>Actor:<\/strong>&nbsp;Jes\u00fas Manuel Vergara Encarnaci\u00f3n&nbsp;<\/p>\n<p><strong>Autoridad responsable:<\/strong> Congreso del Estado de Guerrero<\/p>\n<p><strong>Descarga:<\/strong> <a href=\"https:\/\/teegro.gob.mx\/inicio\/wp-content\/uploads\/2023\/10\/TEE-JEC-048-2023.pdf\">Descarga<\/a><\/p>\n<h3><strong>TEE\/JEC\/052\/2023<\/strong><\/h3>\n<p><strong>Actor:<\/strong> Felipe Aceve Palleco y otras personas<\/p>\n<p><strong>Autoridad responsable:<\/strong> Instituto Electoral y de Participaci\u00f3n Ciudadana del Estado de Guerrero<\/p>\n<p><strong>Descarga:<\/strong> <a href=\"https:\/\/teegro.gob.mx\/inicio\/wp-content\/uploads\/2023\/10\/TEE-JEC-052-2023.pdf\">Descarga<\/a><\/p>\n<h3><strong>TEE\/<\/strong>JEC\/041\/2023 y acumulado<\/h3>\n<p><strong>Actor:<\/strong> Jos\u00e9 Luis Abarca Cort\u00e9z y otra persona<\/p>\n<p><strong>Autoridad responsable:<\/strong> Congreso del Estado de Guerrero<\/p>\n<p><strong>Descarga:<\/strong> <a href=\"https:\/\/teegro.gob.mx\/inicio\/wp-content\/uploads\/2023\/10\/TEE-JEC-041-y-42-2023.pdf\">Descarga<\/a><\/p>\n<h3><strong>TEE\/LCI\/018\/2023<\/strong><\/h3>\n<p><strong>Actor:<\/strong> V\u00edctor Garc\u00eda Vel\u00e1zquez<\/p>\n<p><strong>Autoridad responsable:<\/strong> Instituto Electoral y de Participaci\u00f3n Ciudadana del Estado de Guerrero<\/p>\n<p><strong>Descarga:<\/strong> <a href=\"https:\/\/teegro.gob.mx\/inicio\/wp-content\/uploads\/2023\/10\/TEE-LCI-018-2023.pdf\">Descarga<\/a><\/p>\n","protected":false},"excerpt":{"rendered":"<p>Orden del d\u00eda V\u00eddeo de la Sesi\u00f3n Contenido TEE\/JEC\/007\/2020 y acumulados Acuerdo Plenario &#8211; Sixto Cruz Ortega y otros TEE\/RAP\/015\/2023 &#8211; Secretaria General del Partido Movimiento Laborista Guerrero TEE\/JEC\/048\/2023 &#8211; Jes\u00fas Manuel Vergara Encarnaci\u00f3n TEE\/JEC\/052\/2023 &#8211; Felipe Aceve Palleco y otras personas TEE\/JEC\/041\/2023 y acumulado &#8211; Jos\u00e9 Luis Abarca Cort\u00e9z y otra persona TEE\/LCI\/018\/2023 &#8211; [&hellip;]<\/p>\n","protected":false},"author":1,"featured_media":0,"comment_status":"open","ping_status":"open","sticky":false,"template":"","format":"standard","meta":{"_acf_changed":false,"footnotes":""},"categories":[210],"tags":[],"class_list":["post-11584","post","type-post","status-publish","format-standard","hentry","category-gaceta"],"acf":[],"_links":{"self":[{"href":"https:\/\/teegro.gob.mx\/sitio2025\/wp-json\/wp\/v2\/posts\/11584","targetHints":{"allow":["GET"]}}],"collection":[{"href":"https:\/\/teegro.gob.mx\/sitio2025\/wp-json\/wp\/v2\/posts"}],"about":[{"href":"https:\/\/teegro.gob.mx\/sitio2025\/wp-json\/wp\/v2\/types\/post"}],"author":[{"embeddable":true,"href":"https:\/\/teegro.gob.mx\/sitio2025\/wp-json\/wp\/v2\/users\/1"}],"replies":[{"embeddable":true,"href":"https:\/\/teegro.gob.mx\/sitio2025\/wp-json\/wp\/v2\/comments?post=11584"}],"version-history":[{"count":12,"href":"https:\/\/teegro.gob.mx\/sitio2025\/wp-json\/wp\/v2\/posts\/11584\/revisions"}],"predecessor-version":[{"id":11619,"href":"https:\/\/teegro.gob.mx\/sitio2025\/wp-json\/wp\/v2\/posts\/11584\/revisions\/11619"}],"wp:attachment":[{"href":"https:\/\/teegro.gob.mx\/sitio2025\/wp-json\/wp\/v2\/media?parent=11584"}],"wp:term":[{"taxonomy":"category","embeddable":true,"href":"https:\/\/teegro.gob.mx\/sitio2025\/wp-json\/wp\/v2\/categories?post=11584"},{"taxonomy":"post_tag","embeddable":true,"href":"https:\/\/teegro.gob.mx\/sitio2025\/wp-json\/wp\/v2\/tags?post=11584"}],"curies":[{"name":"wp","href":"https:\/\/api.w.org\/{rel}","templated":true}]}}