{"id":11718,"date":"2023-10-16T20:31:15","date_gmt":"2023-10-17T01:31:15","guid":{"rendered":"https:\/\/teegro.gob.mx\/inicio\/?p=11718"},"modified":"2023-10-17T15:13:50","modified_gmt":"2023-10-17T20:13:50","slug":"trigesima-cuarta-sesion-publica-de-resolucion-2","status":"publish","type":"post","link":"https:\/\/teegro.gob.mx\/sitio2025\/trigesima-cuarta-sesion-publica-de-resolucion-2\/","title":{"rendered":"Trig\u00e9sima Cuarta Sesi\u00f3n P\u00fablica de Resoluci\u00f3n"},"content":{"rendered":"<!-- VideographyWP Plugin Message: Automatic video embedding prevented by plugin options. -->\n\n<ul>\n<li><a href=\"https:\/\/teegro.gob.mx\/inicio\/wp-content\/uploads\/2023\/10\/Lista171023.pdf\">Orden del d\u00eda<\/a><\/li>\n<li><a href=\"https:\/\/youtu.be\/T_gi55OvrAI\">V\u00eddeo de la Sesi\u00f3n<\/a><\/li>\n<\/ul>\n<h3>Contenido<\/h3>\n<ul>\n<li>TEE\/JEC\/063\/2023 Acuerdo Plenario &#8211; Norma Otilia Hern\u00e1ndez Mart\u00edne<\/li>\n<li>TEE\/JEC\/007\/2023 y acumulado Acuerdo Plenario &#8211; Carlos Arturo Mill\u00e1n S\u00e1nchez y otra persona<\/li>\n<li>TEE\/JEC\/062\/2023 Acuerdo Plenario &#8211; Norma Otilia Hern\u00e1ndez Mart\u00edne<\/li>\n<li>TEE\/LCI\/019\/2023 &#8211; Olga Sosa Garc\u00eda<\/li>\n<li>TEE\/LCI\/020\/2023 &#8211; Marcelo Castro Montecinos<\/li>\n<li>TEE\/LCI\/017\/2023 &#8211; Mar\u00eda del Roc\u00edo S\u00e1nchez S\u00e1nchez<\/li>\n<li>TEE\/JEC\/057\/2023 &#8211; Felicita Navarrete Neri<\/li>\n<\/ul>\n<p><!--more--><\/p>\n<h3><strong>TEE\/<\/strong>JEC\/063\/2023 Acuerdo Plenario<\/h3>\n<p><strong>Actor:<\/strong> Norma Otilia Hern\u00e1ndez Mart\u00ednez<\/p>\n<p><strong>Autoridad responsable:<\/strong> Instituto Electoral y de Participaci\u00f3n Ciudadana del Estado de Guerrero<\/p>\n<p><strong>Descarga:<\/strong> <a href=\"https:\/\/teegro.gob.mx\/inicio\/wp-content\/uploads\/2023\/10\/TEE-JEC-063-2023-Acuerdo.pdf\">Descarga<\/a><\/p>\n<h3><strong>TEE\/<\/strong>JEC\/007\/2023 y acumulado Acuerdo Plenario<\/h3>\n<p><strong>Actor:<\/strong> Carlos Arturo Mill\u00e1n S\u00e1nchez y otra persona<\/p>\n<p><strong>Autoridad responsable:<\/strong> Comisi\u00f3n de Justicia del Consejo Nacional del Partido Acci\u00f3n Nacional<\/p>\n<p><strong>Descarga:<\/strong> <a href=\"https:\/\/teegro.gob.mx\/inicio\/wp-content\/uploads\/2023\/10\/TEE-JEC-007-Y-008-2023-Acuerdo.pdf\">Descarga<\/a><\/p>\n<h3><strong>TEE\/<\/strong>JEC\/062\/2023 Acuerdo Plenario<\/h3>\n<p><strong>Actor:<\/strong> Norma Otilia Hern\u00e1ndez Mart\u00ednez<\/p>\n<p><strong>Autoridad responsable:<\/strong> Instituto Electoral y de Participaci\u00f3n Ciudadana del Estado de Guerrero<\/p>\n<p><strong>Descarga:<\/strong> <a href=\"https:\/\/teegro.gob.mx\/inicio\/wp-content\/uploads\/2023\/10\/TEE-JEC-062-2023-Acuerdo.pdf\">Descarga<\/a><\/p>\n<h3><strong>TEE\/LCI\/019\/2023<\/strong><\/h3>\n<p><strong>Actor:<\/strong> Olga Sosa Garc\u00eda<\/p>\n<p><strong>Autoridad responsable:<\/strong> Instituto Electoral y de Participaci\u00f3n Ciudadana del Estado de Guerrero<\/p>\n<p><strong>Descarga:<\/strong> <a href=\"https:\/\/teegro.gob.mx\/inicio\/wp-content\/uploads\/2023\/10\/TEE-LCI-019-2023.pdf\">Descarga<\/a><\/p>\n<h3><strong>TEE\/LCI\/020\/2023<\/strong><\/h3>\n<p><strong>Actor:<\/strong> Marcelo Castro Montecinos<\/p>\n<p><strong>Autoridad responsable:<\/strong> Instituto Electoral y de Participaci\u00f3n Ciudadana del Estado de Guerrero<\/p>\n<p><strong>Descarga:<\/strong> <a href=\"https:\/\/teegro.gob.mx\/inicio\/wp-content\/uploads\/2023\/10\/TEE-LCI-020-2023.pdf\">Descarga<\/a><\/p>\n<h3><strong>TEE\/LCI\/017\/2023<\/strong><\/h3>\n<p><strong>Actor:<\/strong> Mar\u00eda del Roc\u00edo S\u00e1nchez S\u00e1nchez<\/p>\n<p><strong>Autoridad responsable:<\/strong> Instituto Electoral y de Participaci\u00f3n Ciudadana del Estado de Guerrero<\/p>\n<p><strong>Descarga:<\/strong> <a href=\"https:\/\/teegro.gob.mx\/inicio\/wp-content\/uploads\/2023\/10\/TEE-LCI-017-2023.pdf\">Descarga<\/a><\/p>\n<h3><strong>TEE\/JEC\/057\/2023<\/strong><\/h3>\n<p><strong>Actor:<\/strong> Felicita Navarrete Neri<\/p>\n<p><strong>Autoridad responsable:<\/strong> Comisi\u00f3n de Justicia del Consejo Nacional del Partido Acci\u00f3n Nacional<\/p>\n<p><strong>Descarga:<\/strong> <a href=\"https:\/\/teegro.gob.mx\/inicio\/wp-content\/uploads\/2023\/10\/TEE-JEC-057-2023.pdf\">Descarga<\/a><\/p>\n","protected":false},"excerpt":{"rendered":"<p>Orden del d\u00eda V\u00eddeo de la Sesi\u00f3n Contenido TEE\/JEC\/063\/2023 Acuerdo Plenario &#8211; Norma Otilia Hern\u00e1ndez Mart\u00edne TEE\/JEC\/007\/2023 y acumulado Acuerdo Plenario &#8211; Carlos Arturo Mill\u00e1n S\u00e1nchez y otra persona TEE\/JEC\/062\/2023 Acuerdo Plenario &#8211; Norma Otilia Hern\u00e1ndez Mart\u00edne TEE\/LCI\/019\/2023 &#8211; Olga Sosa Garc\u00eda TEE\/LCI\/020\/2023 &#8211; Marcelo Castro Montecinos TEE\/LCI\/017\/2023 &#8211; Mar\u00eda del Roc\u00edo S\u00e1nchez S\u00e1nchez TEE\/JEC\/057\/2023 [&hellip;]<\/p>\n","protected":false},"author":1,"featured_media":0,"comment_status":"open","ping_status":"open","sticky":false,"template":"","format":"standard","meta":{"_acf_changed":false,"footnotes":""},"categories":[210],"tags":[],"class_list":["post-11718","post","type-post","status-publish","format-standard","hentry","category-gaceta"],"acf":[],"_links":{"self":[{"href":"https:\/\/teegro.gob.mx\/sitio2025\/wp-json\/wp\/v2\/posts\/11718","targetHints":{"allow":["GET"]}}],"collection":[{"href":"https:\/\/teegro.gob.mx\/sitio2025\/wp-json\/wp\/v2\/posts"}],"about":[{"href":"https:\/\/teegro.gob.mx\/sitio2025\/wp-json\/wp\/v2\/types\/post"}],"author":[{"embeddable":true,"href":"https:\/\/teegro.gob.mx\/sitio2025\/wp-json\/wp\/v2\/users\/1"}],"replies":[{"embeddable":true,"href":"https:\/\/teegro.gob.mx\/sitio2025\/wp-json\/wp\/v2\/comments?post=11718"}],"version-history":[{"count":11,"href":"https:\/\/teegro.gob.mx\/sitio2025\/wp-json\/wp\/v2\/posts\/11718\/revisions"}],"predecessor-version":[{"id":11736,"href":"https:\/\/teegro.gob.mx\/sitio2025\/wp-json\/wp\/v2\/posts\/11718\/revisions\/11736"}],"wp:attachment":[{"href":"https:\/\/teegro.gob.mx\/sitio2025\/wp-json\/wp\/v2\/media?parent=11718"}],"wp:term":[{"taxonomy":"category","embeddable":true,"href":"https:\/\/teegro.gob.mx\/sitio2025\/wp-json\/wp\/v2\/categories?post=11718"},{"taxonomy":"post_tag","embeddable":true,"href":"https:\/\/teegro.gob.mx\/sitio2025\/wp-json\/wp\/v2\/tags?post=11718"}],"curies":[{"name":"wp","href":"https:\/\/api.w.org\/{rel}","templated":true}]}}