{"id":11755,"date":"2023-10-24T15:08:11","date_gmt":"2023-10-24T20:08:11","guid":{"rendered":"https:\/\/teegro.gob.mx\/inicio\/?p=11755"},"modified":"2023-10-25T16:51:46","modified_gmt":"2023-10-25T21:51:46","slug":"trigesima-quinta-sesion-publica-de-resolucion-2","status":"publish","type":"post","link":"https:\/\/teegro.gob.mx\/sitio2025\/trigesima-quinta-sesion-publica-de-resolucion-2\/","title":{"rendered":"Trig\u00e9sima Quinta Sesi\u00f3n P\u00fablica de Resoluci\u00f3n"},"content":{"rendered":"<!-- VideographyWP Plugin Message: Automatic video embedding prevented by plugin options. -->\n\n<ul>\n<li><a href=\"https:\/\/teegro.gob.mx\/inicio\/wp-content\/uploads\/2023\/10\/Lista251023.pdf\">Orden del d\u00eda<\/a><\/li>\n<li><a href=\"https:\/\/youtu.be\/ytm_lJxBIp0\">V\u00eddeo de la Sesi\u00f3n<\/a><\/li>\n<\/ul>\n<h3>Contenido<\/h3>\n<ul>\n<li>TEE\/JEC\/004\/2023 Acuerdo Plenario &#8211; Artemio Le\u00f3n Leal<\/li>\n<li>TEE\/JEC\/043\/2023 y acumulado Acuerdo Plenario &#8211; Arlene Siu Sarabia Pe\u00f1a y otra persona<\/li>\n<li>TEE\/JEC\/056\/2023 y acumulado &#8211; Claudia Mart\u00ednez S\u00e1nchez<\/li>\n<li>TEE\/JEC\/055\/2023 &#8211; Martha Osiris Mondrag\u00f3n Pel\u00e1ez y otras personas<\/li>\n<li>TEE\/JEC\/059\/2023 &#8211; Fel\u00edcita Navarrete Neri<\/li>\n<li>TEE\/PES\/007\/2023 &#8211; Ramiro Solorio Almaz\u00e1n<\/li>\n<li>TEE\/JEC\/065\/2023 &#8211; Ricardo Landa Pati\u00f1o<\/li>\n<\/ul>\n<p><!--more--><\/p>\n<h3><strong>TEE\/<\/strong>JEC\/004\/2023 Acuerdo Plenario<\/h3>\n<p><strong>Actor:<\/strong> Artemio Le\u00f3n Leal<\/p>\n<p><strong>Autoridad responsable:<\/strong> Ayuntamiento Municipal de Metlaton\u00f3c, Guerrero<\/p>\n<p><strong>Descarga:<\/strong> <a href=\"https:\/\/teegro.gob.mx\/inicio\/wp-content\/uploads\/2023\/10\/TEE-JEC-004-2023-Acuerdo-1.pdf\">Descarga<\/a><\/p>\n<h3><strong>TEE\/<\/strong>JEC\/043\/2023 y acumulado Acuerdo Plenario<\/h3>\n<p><strong>Actor:<\/strong> Arlene Siu Sarabia Pe\u00f1a y otra persona<\/p>\n<p><strong>Autoridad responsable:<\/strong> Comisi\u00f3n Nacional de Honestidad y Justicia de Morena<\/p>\n<p><strong>Descarga:<\/strong> <a href=\"https:\/\/teegro.gob.mx\/inicio\/wp-content\/uploads\/2023\/10\/TEE-JEC-043-y-044-2023-Acumulado.pdf\">Descarga<\/a><\/p>\n<h3><strong>TEE\/<\/strong>JEC\/056\/2023 y acumulado<\/h3>\n<p><strong>Actor:<\/strong> Claudia Mart\u00ednez S\u00e1nchez<\/p>\n<p><strong>Autoridad responsable:<\/strong> Comisi\u00f3n de Justicia del Consejo Nacional del Partido Acci\u00f3n Nacional<\/p>\n<p><strong>Descarga:<\/strong> <a href=\"https:\/\/teegro.gob.mx\/inicio\/wp-content\/uploads\/2023\/10\/TEE-JEC-056-Y-058-2023-Acumulado.pdf\">Descarga<\/a><\/p>\n<h3><strong>TEE\/JEC\/055\/2023<\/strong><\/h3>\n<p><strong>Actor: <\/strong>Martha Osiris Mondrag\u00f3n Pel\u00e1ez y otras personas<\/p>\n<p><strong>Autoridad responsable:<\/strong> Instituto Electoral y de Participaci\u00f3n Ciudadana del Estado de Guerrero<\/p>\n<p><strong>Descarga:<\/strong> <a href=\"https:\/\/teegro.gob.mx\/inicio\/wp-content\/uploads\/2023\/10\/TEE-JEC-055-2023.pdf\">Descarga<\/a><\/p>\n<h3><strong>TEE\/JEC\/059\/2023<\/strong><\/h3>\n<p><strong>Actor:<\/strong> Fel\u00edcita Navarrete Neri<\/p>\n<p><strong>Autoridad responsable:<\/strong> Comisi\u00f3n de Justicia del Consejo Nacional del Partido Acci\u00f3n Nacional<\/p>\n<p><strong>Descarga:<\/strong> <a href=\"https:\/\/teegro.gob.mx\/inicio\/wp-content\/uploads\/2023\/10\/TEE-JEC-059-2023.pdf\">Descarga<\/a><\/p>\n<h3><strong>TEE\/PES\/007\/2023<\/strong><\/h3>\n<p><strong>Denunciante:<\/strong> Ramiro Solorio Almaz\u00e1n<\/p>\n<p><strong>Denunciada:<\/strong> Abelina L\u00f3pez Rodr\u00edguez<\/p>\n<p><strong>Descarga:<\/strong> <a href=\"https:\/\/teegro.gob.mx\/inicio\/wp-content\/uploads\/2023\/10\/TEE-PES-007-2023.pdf\">Descarga<\/a><\/p>\n<h3><strong>TEE\/JEC\/065\/2023<\/strong><\/h3>\n<p><strong>Actor:<\/strong> Ricardo Landa Pati\u00f1o<\/p>\n<p><strong>Autoridad responsable:<\/strong> Congreso del Estado de Guerrero\u00a0<\/p>\n<p><strong>Descarga:<\/strong> <a href=\"https:\/\/teegro.gob.mx\/inicio\/wp-content\/uploads\/2023\/10\/TEE-JEC-065-2023.pdf\">Descarga<\/a><\/p>\n","protected":false},"excerpt":{"rendered":"<p>Orden del d\u00eda V\u00eddeo de la Sesi\u00f3n Contenido TEE\/JEC\/004\/2023 Acuerdo Plenario &#8211; Artemio Le\u00f3n Leal TEE\/JEC\/043\/2023 y acumulado Acuerdo Plenario &#8211; Arlene Siu Sarabia Pe\u00f1a y otra persona TEE\/JEC\/056\/2023 y acumulado &#8211; Claudia Mart\u00ednez S\u00e1nchez TEE\/JEC\/055\/2023 &#8211; Martha Osiris Mondrag\u00f3n Pel\u00e1ez y otras personas TEE\/JEC\/059\/2023 &#8211; Fel\u00edcita Navarrete Neri TEE\/PES\/007\/2023 &#8211; Ramiro Solorio Almaz\u00e1n TEE\/JEC\/065\/2023 [&hellip;]<\/p>\n","protected":false},"author":1,"featured_media":0,"comment_status":"open","ping_status":"open","sticky":false,"template":"","format":"standard","meta":{"_acf_changed":false,"footnotes":""},"categories":[210],"tags":[],"class_list":["post-11755","post","type-post","status-publish","format-standard","hentry","category-gaceta"],"acf":[],"_links":{"self":[{"href":"https:\/\/teegro.gob.mx\/sitio2025\/wp-json\/wp\/v2\/posts\/11755","targetHints":{"allow":["GET"]}}],"collection":[{"href":"https:\/\/teegro.gob.mx\/sitio2025\/wp-json\/wp\/v2\/posts"}],"about":[{"href":"https:\/\/teegro.gob.mx\/sitio2025\/wp-json\/wp\/v2\/types\/post"}],"author":[{"embeddable":true,"href":"https:\/\/teegro.gob.mx\/sitio2025\/wp-json\/wp\/v2\/users\/1"}],"replies":[{"embeddable":true,"href":"https:\/\/teegro.gob.mx\/sitio2025\/wp-json\/wp\/v2\/comments?post=11755"}],"version-history":[{"count":11,"href":"https:\/\/teegro.gob.mx\/sitio2025\/wp-json\/wp\/v2\/posts\/11755\/revisions"}],"predecessor-version":[{"id":11774,"href":"https:\/\/teegro.gob.mx\/sitio2025\/wp-json\/wp\/v2\/posts\/11755\/revisions\/11774"}],"wp:attachment":[{"href":"https:\/\/teegro.gob.mx\/sitio2025\/wp-json\/wp\/v2\/media?parent=11755"}],"wp:term":[{"taxonomy":"category","embeddable":true,"href":"https:\/\/teegro.gob.mx\/sitio2025\/wp-json\/wp\/v2\/categories?post=11755"},{"taxonomy":"post_tag","embeddable":true,"href":"https:\/\/teegro.gob.mx\/sitio2025\/wp-json\/wp\/v2\/tags?post=11755"}],"curies":[{"name":"wp","href":"https:\/\/api.w.org\/{rel}","templated":true}]}}