{"id":11828,"date":"2023-11-06T14:07:47","date_gmt":"2023-11-06T20:07:47","guid":{"rendered":"https:\/\/teegro.gob.mx\/inicio\/?p=11828"},"modified":"2023-11-07T14:15:06","modified_gmt":"2023-11-07T20:15:06","slug":"trigesima-sexta-sesion-publica-de-resolucion-2","status":"publish","type":"post","link":"https:\/\/teegro.gob.mx\/sitio2025\/trigesima-sexta-sesion-publica-de-resolucion-2\/","title":{"rendered":"Trig\u00e9sima Sexta Sesi\u00f3n P\u00fablica de Resoluci\u00f3n"},"content":{"rendered":"<!-- VideographyWP Plugin Message: Automatic video embedding prevented by plugin options. -->\n\n<ul>\n<li><a href=\"https:\/\/teegro.gob.mx\/inicio\/wp-content\/uploads\/2023\/11\/Lista071123.pdf\">Orden del d\u00eda<\/a><\/li>\n<li><a href=\"https:\/\/youtu.be\/hgwDNTyg4A4\">V\u00eddeo de la Sesi\u00f3n<\/a><\/li>\n<\/ul>\n<h3>Contenido<\/h3>\n<ul>\n<li>TEE\/RAP\/013\/2023, TEE\/RAP\/014\/2023, TEE\/RAP\/016\/2023, TEE\/JEC\/060\/2023 y TEE\/JEC\/061\/2023 Acumulados &#8211; Representantes de los Partidos de la Revoluci\u00f3n Democr\u00e1tica, Movimiento de Regeneraci\u00f3n Nacional, Revolucionario Institucional, Mijane Jim\u00e9nez Salinas y Ra\u00fal de Jes\u00fas Cabrera<\/li>\n<li>TEE\/RAP\/017\/2023 &#8211; Norma Otilia Hern\u00e1ndez Mart\u00ednez<\/li>\n<li>TEE\/RAP\/018\/2023 &#8211; Norma Otilia Hern\u00e1ndez Mart\u00ednez<\/li>\n<\/ul>\n<p><!--more--><\/p>\n<h3><strong>TEE\/<\/strong>RAP\/013\/2023, TEE\/RAP\/014\/2023, TEE\/RAP\/016\/2023, TEE\/JEC\/060\/2023 y TEE\/JEC\/061\/2023 Acumulados<\/h3>\n<p><strong>Actor:<\/strong> Representantes de los Partidos de la Revoluci\u00f3n Democr\u00e1tica, Movimiento de Regeneraci\u00f3n Nacional, Revolucionario Institucional, Mijane Jim\u00e9nez Salinas y Ra\u00fal de Jes\u00fas Cabrera<\/p>\n<p><strong>Autoridad responsable:<\/strong> Instituto Electoral y de Participaci\u00f3n Ciudadana del Estado de Guerrero<\/p>\n<p><strong>Descarga:<\/strong> <a href=\"https:\/\/teegro.gob.mx\/inicio\/wp-content\/uploads\/2023\/11\/TEE-RAP-013-2023-y-acumulados.pdf\">Descarga<\/a><\/p>\n<h3><strong>TEE\/RAP\/017\/2023<\/strong><\/h3>\n<p><strong>Actor:<\/strong> Norma Otilia Hern\u00e1ndez Mart\u00ednez<\/p>\n<p><strong>Autoridad responsable:<\/strong> Instituto Electoral y de Participaci\u00f3n Ciudadana del Estado de Guerrero<\/p>\n<p><strong>Descarga:<\/strong> <a href=\"https:\/\/teegro.gob.mx\/inicio\/wp-content\/uploads\/2023\/11\/TEE-RAP-017-2023.pdf\">Descarga<\/a><\/p>\n<h3><strong>TEE\/RAP\/018\/2023<\/strong><\/h3>\n<p><strong>Actor:<\/strong> Norma Otilia Hern\u00e1ndez Mart\u00ednez<\/p>\n<p><strong>Autoridad responsable:<\/strong> Instituto Electoral y de Participaci\u00f3n Ciudadana del Estado de Guerrero<\/p>\n<p><strong>Descarga:<\/strong> <a href=\"https:\/\/teegro.gob.mx\/inicio\/wp-content\/uploads\/2023\/11\/TEE-RAP-018-2023.pdf\">Descarga<\/a><\/p>\n","protected":false},"excerpt":{"rendered":"<p>Orden del d\u00eda V\u00eddeo de la Sesi\u00f3n Contenido TEE\/RAP\/013\/2023, TEE\/RAP\/014\/2023, TEE\/RAP\/016\/2023, TEE\/JEC\/060\/2023 y TEE\/JEC\/061\/2023 Acumulados &#8211; Representantes de los Partidos de la Revoluci\u00f3n Democr\u00e1tica, Movimiento de Regeneraci\u00f3n Nacional, Revolucionario Institucional, Mijane Jim\u00e9nez Salinas y Ra\u00fal de Jes\u00fas Cabrera TEE\/RAP\/017\/2023 &#8211; Norma Otilia Hern\u00e1ndez Mart\u00ednez TEE\/RAP\/018\/2023 &#8211; Norma Otilia Hern\u00e1ndez Mart\u00ednez<\/p>\n","protected":false},"author":1,"featured_media":0,"comment_status":"open","ping_status":"open","sticky":false,"template":"","format":"standard","meta":{"_acf_changed":false,"footnotes":""},"categories":[210],"tags":[],"class_list":["post-11828","post","type-post","status-publish","format-standard","hentry","category-gaceta"],"acf":[],"_links":{"self":[{"href":"https:\/\/teegro.gob.mx\/sitio2025\/wp-json\/wp\/v2\/posts\/11828","targetHints":{"allow":["GET"]}}],"collection":[{"href":"https:\/\/teegro.gob.mx\/sitio2025\/wp-json\/wp\/v2\/posts"}],"about":[{"href":"https:\/\/teegro.gob.mx\/sitio2025\/wp-json\/wp\/v2\/types\/post"}],"author":[{"embeddable":true,"href":"https:\/\/teegro.gob.mx\/sitio2025\/wp-json\/wp\/v2\/users\/1"}],"replies":[{"embeddable":true,"href":"https:\/\/teegro.gob.mx\/sitio2025\/wp-json\/wp\/v2\/comments?post=11828"}],"version-history":[{"count":7,"href":"https:\/\/teegro.gob.mx\/sitio2025\/wp-json\/wp\/v2\/posts\/11828\/revisions"}],"predecessor-version":[{"id":11839,"href":"https:\/\/teegro.gob.mx\/sitio2025\/wp-json\/wp\/v2\/posts\/11828\/revisions\/11839"}],"wp:attachment":[{"href":"https:\/\/teegro.gob.mx\/sitio2025\/wp-json\/wp\/v2\/media?parent=11828"}],"wp:term":[{"taxonomy":"category","embeddable":true,"href":"https:\/\/teegro.gob.mx\/sitio2025\/wp-json\/wp\/v2\/categories?post=11828"},{"taxonomy":"post_tag","embeddable":true,"href":"https:\/\/teegro.gob.mx\/sitio2025\/wp-json\/wp\/v2\/tags?post=11828"}],"curies":[{"name":"wp","href":"https:\/\/api.w.org\/{rel}","templated":true}]}}