{"id":11988,"date":"2023-11-30T15:09:56","date_gmt":"2023-11-30T21:09:56","guid":{"rendered":"https:\/\/teegro.gob.mx\/sitio2023\/?p=11988"},"modified":"2025-03-28T14:19:01","modified_gmt":"2025-03-28T20:19:01","slug":"trigesima-septima-sesion-publica-de-resolucion-2","status":"publish","type":"post","link":"https:\/\/teegro.gob.mx\/sitio2025\/trigesima-septima-sesion-publica-de-resolucion-2\/","title":{"rendered":"Trig\u00e9sima S\u00e9ptima Sesi\u00f3n P\u00fablica de Resoluci\u00f3n"},"content":{"rendered":"<!-- VideographyWP Plugin Message: Automatic video embedding prevented by plugin options. -->\n\n<ul>\n<li><a href=\"https:\/\/teegro.gob.mx\/inicio\/wp-content\/uploads\/2023\/11\/Lista171123.pdf\">Orden del d\u00eda<\/a><\/li>\n<li><a href=\"https:\/\/youtu.be\/_oTnJc1WOK0\">V\u00eddeo de la Sesi\u00f3n<\/a><\/li>\n<\/ul>\n<h3>Contenido<\/h3>\n<ul>\n<li>TEE\/JEC\/004\/2023 <strong>Acuerdo Plenario<\/strong> &#8211; Artemio Le\u00f3n Leal<\/li>\n<li>TEE\/JEC\/031\/2023 <strong>Acuerdo Plenario<\/strong> &#8211; Ciudadanos por Constituirse en Encuentro Solidario Guerrero, A. C.<\/li>\n<li>TEE\/RAP\/020\/2023 &#8211; Norma Otilia Hern\u00e1ndez Mart\u00ednez<\/li>\n<li>TEE\/RAP\/019\/2023 &#8211; Representante del Partido Revolucionario Institucional<\/li>\n<li>TEE\/PES\/008\/2023 &#8211; Raquel Garc\u00eda Ordu\u00f1o<\/li>\n<li>TEE\/LCT\/021\/2023 &#8211; Miguel \u00c1ngel Rabad\u00e1n Delgado<\/li>\n<\/ul>\n<p><!--more--><\/p>\n<h3><strong>TEE\/<\/strong>JEC\/004\/2023 <strong>Acuerdo Plenario<\/strong><\/h3>\n<p><strong>Actor:<\/strong> Artemio Le\u00f3n Leal<\/p>\n<p><strong>Autoridad responsable:<\/strong> Ayuntamiento Municipal de Metlat\u00f3noc, Guerrero<\/p>\n<p><strong>Descarga:<\/strong> Retirado<\/p>\n<h3><strong>TEE\/<\/strong>JEC\/031\/2023 <strong>Acuerdo Plenario<\/strong><\/h3>\n<p><strong>Actor:<\/strong> Ciudadanos por Constituirse en Encuentro Solidario Guerrero, A. C.<\/p>\n<p><strong>Autoridad responsable:<\/strong> Instituto Electoral y de Participaci\u00f3n Ciudadana del Estado de Guerrero<\/p>\n<p><strong>Descarga:<\/strong> <a href=\"https:\/\/teegro.gob.mx\/inicio\/wp-content\/uploads\/2023\/11\/TEE-JEC-031-2023-Acuerdo.pdf\">Descarga<\/a><\/p>\n<h3><strong>TEE\/RAP\/020\/2023<\/strong><\/h3>\n<p><strong>Recurrente:<\/strong> Norma Otilia Hern\u00e1ndez Mart\u00ednez<\/p>\n<p><strong>Autoridad responsable:<\/strong> Instituto Electoral y de Participaci\u00f3n Ciudadana del Estado de Guerrero<\/p>\n<p><strong>Descarga:<\/strong> <a href=\"https:\/\/teegro.gob.mx\/inicio\/wp-content\/uploads\/2023\/11\/TEE-RAP-020-2023.pdf\">Descarga<\/a><\/p>\n<h3><strong>TEE\/RAP\/019\/2023<\/strong><\/h3>\n<p><strong>Recurrente:<\/strong> Representante del Partido Revolucionario Institucional<\/p>\n<p><strong>Autoridad responsable:<\/strong> Instituto Electoral y de Participaci\u00f3n Ciudadana del Estado de Guerrero<\/p>\n<p><strong>Descarga:<\/strong> <a href=\"https:\/\/teegro.gob.mx\/inicio\/wp-content\/uploads\/2023\/11\/TEE-RAP-019-2023.pdf\">Descarga<\/a><\/p>\n<h3><strong>TEE\/PES\/008\/2023<\/strong><\/h3>\n<p><strong>Denunciante:<\/strong> Raquel Garc\u00eda Ordu\u00f1o<\/p>\n<p><strong>Denunciado:<\/strong> Medios de Comunicaci\u00f3n \u201cinter Abec\u201d y \u201cLa Noticia en la Monta\u00f1a\u201d<\/p>\n<p><strong>Descarga:<\/strong> <a href=\"https:\/\/teegro.gob.mx\/inicio\/wp-content\/uploads\/2023\/11\/TEE-PES-008-2023.pdf\">Descarga<\/a><\/p>\n<h3><strong>TEE\/LCT\/021\/2023<\/strong><\/h3>\n<p><strong>Compareciente:<\/strong> Miguel \u00c1ngel Rabad\u00e1n Delgado<\/p>\n<p><strong>Autoridad responsable:<\/strong> Tribunal Electoral del Estado de Guerrero<\/p>\n<p><strong>Descarga:<\/strong> <a href=\"https:\/\/teegro.gob.mx\/sitio2023\/wp-content\/uploads\/2025\/03\/TEE-LCT-021-2023.pdf\">Descarga<\/a><\/p>\n","protected":false},"excerpt":{"rendered":"<p>Orden del d\u00eda V\u00eddeo de la Sesi\u00f3n Contenido TEE\/JEC\/004\/2023 Acuerdo Plenario &#8211; Artemio Le\u00f3n Leal TEE\/JEC\/031\/2023 Acuerdo Plenario &#8211; Ciudadanos por Constituirse en Encuentro Solidario Guerrero, A. C. TEE\/RAP\/020\/2023 &#8211; Norma Otilia Hern\u00e1ndez Mart\u00ednez TEE\/RAP\/019\/2023 &#8211; Representante del Partido Revolucionario Institucional TEE\/PES\/008\/2023 &#8211; Raquel Garc\u00eda Ordu\u00f1o TEE\/LCT\/021\/2023 &#8211; Miguel \u00c1ngel Rabad\u00e1n Delgado<\/p>\n","protected":false},"author":1,"featured_media":0,"comment_status":"open","ping_status":"open","sticky":false,"template":"","format":"standard","meta":{"_acf_changed":false,"footnotes":""},"categories":[210],"tags":[],"class_list":["post-11988","post","type-post","status-publish","format-standard","hentry","category-gaceta"],"acf":[],"_links":{"self":[{"href":"https:\/\/teegro.gob.mx\/sitio2025\/wp-json\/wp\/v2\/posts\/11988","targetHints":{"allow":["GET"]}}],"collection":[{"href":"https:\/\/teegro.gob.mx\/sitio2025\/wp-json\/wp\/v2\/posts"}],"about":[{"href":"https:\/\/teegro.gob.mx\/sitio2025\/wp-json\/wp\/v2\/types\/post"}],"author":[{"embeddable":true,"href":"https:\/\/teegro.gob.mx\/sitio2025\/wp-json\/wp\/v2\/users\/1"}],"replies":[{"embeddable":true,"href":"https:\/\/teegro.gob.mx\/sitio2025\/wp-json\/wp\/v2\/comments?post=11988"}],"version-history":[{"count":3,"href":"https:\/\/teegro.gob.mx\/sitio2025\/wp-json\/wp\/v2\/posts\/11988\/revisions"}],"predecessor-version":[{"id":17825,"href":"https:\/\/teegro.gob.mx\/sitio2025\/wp-json\/wp\/v2\/posts\/11988\/revisions\/17825"}],"wp:attachment":[{"href":"https:\/\/teegro.gob.mx\/sitio2025\/wp-json\/wp\/v2\/media?parent=11988"}],"wp:term":[{"taxonomy":"category","embeddable":true,"href":"https:\/\/teegro.gob.mx\/sitio2025\/wp-json\/wp\/v2\/categories?post=11988"},{"taxonomy":"post_tag","embeddable":true,"href":"https:\/\/teegro.gob.mx\/sitio2025\/wp-json\/wp\/v2\/tags?post=11988"}],"curies":[{"name":"wp","href":"https:\/\/api.w.org\/{rel}","templated":true}]}}