{"id":12058,"date":"2023-12-12T13:58:02","date_gmt":"2023-12-12T19:58:02","guid":{"rendered":"https:\/\/teegro.gob.mx\/sitio2023\/?p=12058"},"modified":"2025-03-28T13:56:05","modified_gmt":"2025-03-28T19:56:05","slug":"cuadragesima-primera-sesion-publica-de-resolucion-2","status":"publish","type":"post","link":"https:\/\/teegro.gob.mx\/sitio2025\/cuadragesima-primera-sesion-publica-de-resolucion-2\/","title":{"rendered":"Cuadrag\u00e9sima Primera Sesi\u00f3n P\u00fablica de Resoluci\u00f3n"},"content":{"rendered":"<p><!-- VideographyWP Plugin Message: Automatic video embedding prevented by plugin options. --><\/p>\n<ul>\n<li><a href=\"https:\/\/teegro.gob.mx\/sitio2023\/wp-content\/uploads\/2023\/12\/Lista131223.pdf\">Orden del d\u00eda<\/a><\/li>\n<li><a href=\"https:\/\/youtu.be\/GZBG7asob3A\">V\u00eddeo de la Sesi\u00f3n<\/a><\/li>\n<\/ul>\n<h3>Contenido<\/h3>\n<ul>\n<li>TEE\/PES\/052\/2021 <strong>Acuerdo Plenario<\/strong> &#8211; Selene Sotelo Maldonado<\/li>\n<li>TEE\/PES\/010\/2023 &#8211; Gilberto Mart\u00ednez Jacinto<\/li>\n<li>TEE\/JEC\/069\/2023 &#8211; Secretaria General del Partido Movimiento Laborista Guerrero<\/li>\n<li>TEE\/JEC\/074\/2023 &#8211; Jos\u00e9 Guadalupe Ayala Alan\u00eds<\/li>\n<li>TEE\/JEC\/076\/2023, TEE\/JEC\/077\/2023, TEE\/JEC\/078\/2023, TEE\/JEC\/079\/2023, TEE\/JEC\/080\/2023 y TEE\/RAP\/021\/2023, acumulados &#8211; Mart\u00edn Rodrigo Gonz\u00e1lez Gardu\u00f1o y otras personas<\/li>\n<li>TEE\/LCT\/022\/2023 &#8211; Brenda Karina Gonz\u00e1lez Espinoza<\/li>\n<\/ul>\n<p><!--more--><\/p>\n<h3><strong>TEE\/PES\/052\/2021 Acuerdo Plenario<\/strong><\/h3>\n<p><strong>Denunciante:<\/strong> Selene Sotelo Maldonado<\/p>\n<p><strong>Denunciado:<\/strong> Edmundo Delgado Gallardo y otras personas<\/p>\n<p><strong>Descarga:<\/strong> <a href=\"https:\/\/teegro.gob.mx\/sitio2023\/wp-content\/uploads\/2023\/12\/TEE-PES-052-2021_Acuerdo.pdf\">Descarga<\/a><\/p>\n<h3><strong>TEE\/PES\/010\/2023<\/strong><\/h3>\n<p><strong>Denunciante:<\/strong> Gilberto Mart\u00ednez Jacinto<\/p>\n<p><strong>Denunciado:<\/strong> Yoshio Cuauht\u00e9moc Rebolledo G\u00f3mez<\/p>\n<p><strong>Descarga:<\/strong> <a href=\"https:\/\/teegro.gob.mx\/sitio2023\/wp-content\/uploads\/2023\/12\/TEE-PES-010-2023.pdf\">Descarga<\/a><\/p>\n<h3><strong>TEE\/JEC\/069\/2023<\/strong><\/h3>\n<p><strong>Actor:<\/strong> Secretaria General del Partido Movimiento Laborista Guerrero<\/p>\n<p><strong>Autoridad responsable: <\/strong>Instituto Electoral y de Participaci\u00f3n Ciudadana del Estado de Guerrero<strong><br \/>\n<\/strong><\/p>\n<p><strong>Descarga:<\/strong> <a href=\"https:\/\/teegro.gob.mx\/sitio2023\/wp-content\/uploads\/2023\/12\/TEE-JEC-069-2023.pdf\">Descarga<\/a><\/p>\n<h3><strong>TEE\/JEC\/074\/2023<\/strong><\/h3>\n<p><strong>Actor:<\/strong> Jos\u00e9 Guadalupe Ayala Alan\u00eds<\/p>\n<p><strong>Autoridad responsable:<\/strong> Instituto Electoral y de Participaci\u00f3n Ciudadana del Estado de Guerrero<\/p>\n<p><strong>Descarga:<\/strong> <a href=\"https:\/\/teegro.gob.mx\/sitio2023\/wp-content\/uploads\/2023\/12\/TEE-JEC-074-2023.pdf\">Descarga<\/a><\/p>\n<h3><strong>TEE\/JEC\/076\/2023, TEE\/JEC\/077\/2023, TEE\/JEC\/078\/2023, TEE\/JEC\/079\/2023, TEE\/JEC\/080\/2023 y TEE\/RAP\/021\/2023, acumulados<\/strong><\/h3>\n<p><strong>Actor:<\/strong> Mart\u00edn Rodrigo Gonz\u00e1lez Gardu\u00f1o y otras personas<\/p>\n<p><strong>Autoridad responsable:<\/strong> Instituto Electoral y de Participaci\u00f3n Ciudadana del Estado de Guerrero<\/p>\n<p><strong>Descarga:<\/strong> <a href=\"https:\/\/teegro.gob.mx\/sitio2023\/wp-content\/uploads\/2023\/12\/TEE-JEC-076-2023-Y-Acumulados.pdf\">Descarga<\/a><\/p>\n<h3><strong>TEE\/LCT\/022\/2023<\/strong><\/h3>\n<p><strong>Compareciente:<\/strong> Brenda Karina Gonz\u00e1lez Espinoza<\/p>\n<p><strong>Autoridad responsable:<\/strong> Tribunal Electoral del Estado de Guerrero<\/p>\n<p><strong>Descarga:<\/strong> <a href=\"https:\/\/teegro.gob.mx\/sitio2023\/wp-content\/uploads\/2025\/03\/TEE-LCT-022-2023.pdf\">Descarga<\/a><\/p>\n","protected":false},"excerpt":{"rendered":"<p>Orden del d\u00eda V\u00eddeo de la Sesi\u00f3n Contenido TEE\/PES\/052\/2021 Acuerdo Plenario &#8211; Selene Sotelo Maldonado TEE\/PES\/010\/2023 &#8211; Gilberto Mart\u00ednez Jacinto TEE\/JEC\/069\/2023 &#8211; Secretaria General del Partido Movimiento Laborista Guerrero TEE\/JEC\/074\/2023 &#8211; Jos\u00e9 Guadalupe Ayala Alan\u00eds TEE\/JEC\/076\/2023, TEE\/JEC\/077\/2023, TEE\/JEC\/078\/2023, TEE\/JEC\/079\/2023, TEE\/JEC\/080\/2023 y TEE\/RAP\/021\/2023, acumulados &#8211; Mart\u00edn Rodrigo Gonz\u00e1lez Gardu\u00f1o y otras personas TEE\/LCT\/022\/2023 &#8211; Brenda Karina [&hellip;]<\/p>\n","protected":false},"author":1,"featured_media":0,"comment_status":"open","ping_status":"open","sticky":false,"template":"","format":"standard","meta":{"_acf_changed":false,"footnotes":""},"categories":[210],"tags":[],"class_list":["post-12058","post","type-post","status-publish","format-standard","hentry","category-gaceta"],"acf":[],"_links":{"self":[{"href":"https:\/\/teegro.gob.mx\/sitio2025\/wp-json\/wp\/v2\/posts\/12058","targetHints":{"allow":["GET"]}}],"collection":[{"href":"https:\/\/teegro.gob.mx\/sitio2025\/wp-json\/wp\/v2\/posts"}],"about":[{"href":"https:\/\/teegro.gob.mx\/sitio2025\/wp-json\/wp\/v2\/types\/post"}],"author":[{"embeddable":true,"href":"https:\/\/teegro.gob.mx\/sitio2025\/wp-json\/wp\/v2\/users\/1"}],"replies":[{"embeddable":true,"href":"https:\/\/teegro.gob.mx\/sitio2025\/wp-json\/wp\/v2\/comments?post=12058"}],"version-history":[{"count":21,"href":"https:\/\/teegro.gob.mx\/sitio2025\/wp-json\/wp\/v2\/posts\/12058\/revisions"}],"predecessor-version":[{"id":17813,"href":"https:\/\/teegro.gob.mx\/sitio2025\/wp-json\/wp\/v2\/posts\/12058\/revisions\/17813"}],"wp:attachment":[{"href":"https:\/\/teegro.gob.mx\/sitio2025\/wp-json\/wp\/v2\/media?parent=12058"}],"wp:term":[{"taxonomy":"category","embeddable":true,"href":"https:\/\/teegro.gob.mx\/sitio2025\/wp-json\/wp\/v2\/categories?post=12058"},{"taxonomy":"post_tag","embeddable":true,"href":"https:\/\/teegro.gob.mx\/sitio2025\/wp-json\/wp\/v2\/tags?post=12058"}],"curies":[{"name":"wp","href":"https:\/\/api.w.org\/{rel}","templated":true}]}}