{"id":12094,"date":"2023-12-19T16:11:49","date_gmt":"2023-12-19T22:11:49","guid":{"rendered":"https:\/\/teegro.gob.mx\/sitio2023\/?p=12094"},"modified":"2023-12-20T15:03:19","modified_gmt":"2023-12-20T21:03:19","slug":"cuadragesima-segunda-sesion-publica-de-resolucion-2","status":"publish","type":"post","link":"https:\/\/teegro.gob.mx\/sitio2025\/cuadragesima-segunda-sesion-publica-de-resolucion-2\/","title":{"rendered":"Cuadrag\u00e9sima Segunda Sesi\u00f3n-20 de Diciembre"},"content":{"rendered":"<p><!-- VideographyWP Plugin Message: Automatic video embedding prevented by plugin options. --><\/p>\n<ul>\n<li><a href=\"https:\/\/teegro.gob.mx\/sitio2023\/wp-content\/uploads\/2023\/12\/Lista201223.pdf\">Orden del d\u00eda<\/a><\/li>\n<li><a href=\"https:\/\/youtu.be\/XvPW5TKM_Is\">V\u00eddeo de la Sesi\u00f3n<\/a><\/li>\n<\/ul>\n<h3>Contenido<\/h3>\n<ul>\n<li>TEE\/JEC\/004\/2023 <strong>Acuerdo Plenario<\/strong> &#8211; Artemio Le\u00f3n Leal<\/li>\n<li>TEE\/JEC\/075\/2023 &#8211; Mois\u00e9s N\u00fa\u00f1ez Rayo<\/li>\n<li>TEE\/JEC\/071\/2023 &#8211; Claudia Mart\u00ednez S\u00e1nchez<\/li>\n<li>TEE\/RAP\/023\/2023 &#8211; Representante de Morena<\/li>\n<li>TEE\/JEC\/027\/2023 &#8211; Bruno Calixto R\u00edos D\u00edaz<\/li>\n<li>TEE\/JEC\/064\/2023 &#8211; Carlos Arturo Mill\u00e1n S\u00e1nchez<\/li>\n<li>TEE\/JEC\/072\/2023 &#8211; Fel\u00edcita Navarrete Neri<\/li>\n<li>TEE\/LCI\/023\/2023 &#8211; Denisse Giselle Pastor Hern\u00e1ndez<\/li>\n<\/ul>\n<p><!--more--><\/p>\n<h3><strong>TEE\/<\/strong>JEC\/004\/2023 <strong>Acuerdo Plenario<\/strong><\/h3>\n<p><strong>Actor:<\/strong> Artemio Le\u00f3n Leal<\/p>\n<p><strong>Autoridad responsable:<\/strong> Ayuntamiento de Metlat\u00f3noc, Guerrero<\/p>\n<p><strong>Descarga:<\/strong> <a href=\"https:\/\/teegro.gob.mx\/sitio2023\/wp-content\/uploads\/2023\/12\/TEE-JEC-004-2023-Acuerdo.pdf\">Descarga<\/a><\/p>\n<h3><strong>TEE\/JEC\/075\/2023<\/strong><\/h3>\n<p><strong>Actor:<\/strong> Mois\u00e9s N\u00fa\u00f1ez Rayo<\/p>\n<p><strong>Autoridad responsable:<\/strong> Instituto Electoral y de Participaci\u00f3n Ciudadana del Estado de Guerrero<\/p>\n<p><strong>Descarga:<\/strong> <a href=\"https:\/\/teegro.gob.mx\/sitio2023\/wp-content\/uploads\/2023\/12\/TEE-JEC-075-2023.pdf\">Descarga<\/a><\/p>\n<h3><strong>TEE\/JEC\/071\/2023<\/strong><\/h3>\n<p><strong>Actor:<\/strong> Claudia Mart\u00ednez S\u00e1nchez<\/p>\n<p><strong>Autoridad responsable:<\/strong> Comisi\u00f3n de Justicia del Consejo Nacional del Partido Acci\u00f3n Nacional<\/p>\n<p><strong>Descarga:<\/strong> <a href=\"https:\/\/teegro.gob.mx\/sitio2023\/wp-content\/uploads\/2023\/12\/TEE-JEC-071-2023.pdf\">Descarga<\/a><\/p>\n<h3><strong>TEE\/RAP\/023\/2023<\/strong><\/h3>\n<p><strong>Actor:<\/strong> Representante de Morena<\/p>\n<p><strong>Autoridad responsable:<\/strong> Instituto Electoral y de Participaci\u00f3n Ciudadana del Estado de Guerrero<\/p>\n<p><strong>Descarga:<\/strong> <a href=\"https:\/\/teegro.gob.mx\/sitio2023\/wp-content\/uploads\/2023\/12\/TEE-RAP-023-2023.pdf\">Descarga<\/a><\/p>\n<h3><strong>TEE\/JEC\/027\/2023<\/strong><\/h3>\n<p><strong>Actor:<\/strong> Bruno Calixto R\u00edos D\u00edaz<\/p>\n<p><strong>Autoridad responsable:<\/strong> Comisi\u00f3n de Justicia del Consejo Nacional del Partido Acci\u00f3n Nacional<\/p>\n<p><strong>Descarga:<\/strong> <a href=\"https:\/\/teegro.gob.mx\/sitio2023\/wp-content\/uploads\/2023\/12\/TEE-JEC-027-2023.pdf\">Descarga<\/a><\/p>\n<h3><strong>TEE\/JEC\/064\/2023<\/strong><\/h3>\n<p><strong>Actor:<\/strong> Carlos Arturo Mill\u00e1n S\u00e1nchez<\/p>\n<p><strong>Autoridad responsable:<\/strong> Comisi\u00f3n de Justicia del Consejo Nacional del Partido Acci\u00f3n Nacional<\/p>\n<p><strong>Descarga:<\/strong> <a href=\"https:\/\/teegro.gob.mx\/sitio2023\/wp-content\/uploads\/2023\/12\/TEE-JEC-064-2023.pdf\">Descarga<\/a><\/p>\n<h3><strong>TEE\/JEC\/072\/2023<\/strong><\/h3>\n<p><strong>Actor:<\/strong> Fel\u00edcita Navarrete Neri<\/p>\n<p><strong>Autoridad responsable:<\/strong> Comisi\u00f3n de Justicia del Consejo Nacional del Partido Acci\u00f3n Nacional<\/p>\n<p><strong>Descarga:<\/strong> <a href=\"https:\/\/teegro.gob.mx\/sitio2023\/wp-content\/uploads\/2023\/12\/TEE-JEC-072-2023.pdf\">Descarga<\/a><\/p>\n<h3><strong>TEE\/LCI\/023\/2023<\/strong><\/h3>\n<p><strong>Compareciente:<\/strong> Denisse Giselle Pastor Hern\u00e1ndez<\/p>\n<p><strong>Autoridad responsable:<\/strong> Instituto Electoral y de Participaci\u00f3n Ciudadana del Estado de Guerrero<\/p>\n<p><strong>Descarga:<\/strong> <a href=\"https:\/\/teegro.gob.mx\/sitio2023\/wp-content\/uploads\/2023\/12\/TEE-LCI-023-2023.pdf\">Descarga<\/a><\/p>\n","protected":false},"excerpt":{"rendered":"<p>Orden del d\u00eda V\u00eddeo de la Sesi\u00f3n Contenido TEE\/JEC\/004\/2023 Acuerdo Plenario &#8211; Artemio Le\u00f3n Leal TEE\/JEC\/075\/2023 &#8211; Mois\u00e9s N\u00fa\u00f1ez Rayo TEE\/JEC\/071\/2023 &#8211; Claudia Mart\u00ednez S\u00e1nchez TEE\/RAP\/023\/2023 &#8211; Representante de Morena TEE\/JEC\/027\/2023 &#8211; Bruno Calixto R\u00edos D\u00edaz TEE\/JEC\/064\/2023 &#8211; Carlos Arturo Mill\u00e1n S\u00e1nchez TEE\/JEC\/072\/2023 &#8211; Fel\u00edcita Navarrete Neri TEE\/LCI\/023\/2023 &#8211; Denisse Giselle Pastor Hern\u00e1ndez<\/p>\n","protected":false},"author":1,"featured_media":0,"comment_status":"open","ping_status":"open","sticky":false,"template":"","format":"standard","meta":{"_acf_changed":false,"footnotes":""},"categories":[210],"tags":[],"class_list":["post-12094","post","type-post","status-publish","format-standard","hentry","category-gaceta"],"acf":[],"_links":{"self":[{"href":"https:\/\/teegro.gob.mx\/sitio2025\/wp-json\/wp\/v2\/posts\/12094","targetHints":{"allow":["GET"]}}],"collection":[{"href":"https:\/\/teegro.gob.mx\/sitio2025\/wp-json\/wp\/v2\/posts"}],"about":[{"href":"https:\/\/teegro.gob.mx\/sitio2025\/wp-json\/wp\/v2\/types\/post"}],"author":[{"embeddable":true,"href":"https:\/\/teegro.gob.mx\/sitio2025\/wp-json\/wp\/v2\/users\/1"}],"replies":[{"embeddable":true,"href":"https:\/\/teegro.gob.mx\/sitio2025\/wp-json\/wp\/v2\/comments?post=12094"}],"version-history":[{"count":15,"href":"https:\/\/teegro.gob.mx\/sitio2025\/wp-json\/wp\/v2\/posts\/12094\/revisions"}],"predecessor-version":[{"id":12120,"href":"https:\/\/teegro.gob.mx\/sitio2025\/wp-json\/wp\/v2\/posts\/12094\/revisions\/12120"}],"wp:attachment":[{"href":"https:\/\/teegro.gob.mx\/sitio2025\/wp-json\/wp\/v2\/media?parent=12094"}],"wp:term":[{"taxonomy":"category","embeddable":true,"href":"https:\/\/teegro.gob.mx\/sitio2025\/wp-json\/wp\/v2\/categories?post=12094"},{"taxonomy":"post_tag","embeddable":true,"href":"https:\/\/teegro.gob.mx\/sitio2025\/wp-json\/wp\/v2\/tags?post=12094"}],"curies":[{"name":"wp","href":"https:\/\/api.w.org\/{rel}","templated":true}]}}