{"id":12131,"date":"2024-01-02T11:14:51","date_gmt":"2024-01-02T17:14:51","guid":{"rendered":"https:\/\/teegro.gob.mx\/sitio2023\/?p=12131"},"modified":"2024-01-02T13:44:05","modified_gmt":"2024-01-02T19:44:05","slug":"primera-sesion-02-de-enero","status":"publish","type":"post","link":"https:\/\/teegro.gob.mx\/sitio2025\/primera-sesion-02-de-enero\/","title":{"rendered":"Primera Sesi\u00f3n &#8211; 02 de Enero"},"content":{"rendered":"<p><!-- VideographyWP Plugin Message: Automatic video embedding prevented by plugin options. --><\/p>\n<ul>\n<li><a href=\"https:\/\/teegro.gob.mx\/sitio2023\/wp-content\/uploads\/2024\/01\/Lista020124.pdf\">Orden del d\u00eda<\/a><\/li>\n<li><a href=\"https:\/\/youtu.be\/19Xi0bv3q3o\">V\u00eddeo de la Sesi\u00f3n<\/a><\/li>\n<\/ul>\n<h3>Contenido<\/h3>\n<ul>\n<li>TEE\/JEC\/073\/2023 <strong>Acuerdo Plenario<\/strong> &#8211; Nereida de Jes\u00fas Silvar Bravo<\/li>\n<li>TEE\/PES\/007\/2023 <strong>Acuerdo Plenario<\/strong> &#8211; Ramiro Solorio Almaz\u00e1n<\/li>\n<li>TEE\/JEC\/064\/2023 <strong>Acuerdo Plenario<\/strong> &#8211; Carlos Arturo Mill\u00e1n S\u00e1nchez<\/li>\n<li>TEE\/JEC\/084\/2023 &#8211; Rub\u00e9n Valenzo Cantor<\/li>\n<\/ul>\n<p><!--more--><\/p>\n<h3><strong>TEE\/<\/strong>JEC\/073\/2023 <strong>Acuerdo Plenario<\/strong><\/h3>\n<p><strong>Actor:<\/strong> Nereida de Jes\u00fas Silvar Bravo<\/p>\n<p><strong>Autoridad responsable:<\/strong> Coordinador de la Comisi\u00f3n Operativa Estatal del Partido Movimiento Ciudadano<\/p>\n<p><strong>Descarga:<\/strong> <a href=\"https:\/\/teegro.gob.mx\/sitio2023\/wp-content\/uploads\/2024\/01\/TEE-JEC-073-2023-Acuerdo.pdf\">Descarga<\/a><\/p>\n<h3><strong>TEE\/<\/strong>PES\/007\/2023 <strong>Acuerdo Plenario<\/strong><\/h3>\n<p><strong>Denunciante:<\/strong> Ramiro Solorio Almaz\u00e1n<\/p>\n<p><strong>Denunciada:<\/strong> Abelina L\u00f3pez Rodr\u00edguez<\/p>\n<p><strong>Descarga:<\/strong> <a href=\"https:\/\/teegro.gob.mx\/sitio2023\/wp-content\/uploads\/2024\/01\/TEE-PES-007-2023-Acuerdo.pdf\">Descarga<\/a><\/p>\n<h3><strong>TEE\/<\/strong>JEC\/064\/2023 <strong>Acuerdo Plenario<\/strong><\/h3>\n<p><strong>Actor:<\/strong> Carlos Arturo Mill\u00e1n S\u00e1nchez<\/p>\n<p><strong>Autoridad responsable:<\/strong> Comisi\u00f3n de Justicia del Consejo Nacional del Partido Acci\u00f3n Nacional<\/p>\n<p><strong>Descarga:<\/strong> <a href=\"https:\/\/teegro.gob.mx\/sitio2023\/wp-content\/uploads\/2024\/01\/TEE-JEC-064-2023-Acuerdo.pdf\">Descarga<\/a><\/p>\n<h3><strong>TEE\/JEC\/084\/2023<\/strong><\/h3>\n<p><strong>Actor:<\/strong> Rub\u00e9n Valenzo Cantor<\/p>\n<p><strong>Autoridad responsable:<\/strong> Instituto Electoral y de Participaci\u00f3n Ciudadana del Estado de Guerrero<\/p>\n<p><strong>Descarga:<\/strong> <a href=\"https:\/\/teegro.gob.mx\/sitio2023\/wp-content\/uploads\/2024\/01\/TEE-JEC-084-2023.pdf\">Descarga<\/a><\/p>\n","protected":false},"excerpt":{"rendered":"<p>Orden del d\u00eda V\u00eddeo de la Sesi\u00f3n Contenido TEE\/JEC\/073\/2023 Acuerdo Plenario &#8211; Nereida de Jes\u00fas Silvar Bravo TEE\/PES\/007\/2023 Acuerdo Plenario &#8211; Ramiro Solorio Almaz\u00e1n TEE\/JEC\/064\/2023 Acuerdo Plenario &#8211; Carlos Arturo Mill\u00e1n S\u00e1nchez TEE\/JEC\/084\/2023 &#8211; Rub\u00e9n Valenzo Cantor<\/p>\n","protected":false},"author":1,"featured_media":0,"comment_status":"open","ping_status":"open","sticky":false,"template":"","format":"standard","meta":{"_acf_changed":false,"footnotes":""},"categories":[210],"tags":[],"class_list":["post-12131","post","type-post","status-publish","format-standard","hentry","category-gaceta"],"acf":[],"_links":{"self":[{"href":"https:\/\/teegro.gob.mx\/sitio2025\/wp-json\/wp\/v2\/posts\/12131","targetHints":{"allow":["GET"]}}],"collection":[{"href":"https:\/\/teegro.gob.mx\/sitio2025\/wp-json\/wp\/v2\/posts"}],"about":[{"href":"https:\/\/teegro.gob.mx\/sitio2025\/wp-json\/wp\/v2\/types\/post"}],"author":[{"embeddable":true,"href":"https:\/\/teegro.gob.mx\/sitio2025\/wp-json\/wp\/v2\/users\/1"}],"replies":[{"embeddable":true,"href":"https:\/\/teegro.gob.mx\/sitio2025\/wp-json\/wp\/v2\/comments?post=12131"}],"version-history":[{"count":9,"href":"https:\/\/teegro.gob.mx\/sitio2025\/wp-json\/wp\/v2\/posts\/12131\/revisions"}],"predecessor-version":[{"id":12148,"href":"https:\/\/teegro.gob.mx\/sitio2025\/wp-json\/wp\/v2\/posts\/12131\/revisions\/12148"}],"wp:attachment":[{"href":"https:\/\/teegro.gob.mx\/sitio2025\/wp-json\/wp\/v2\/media?parent=12131"}],"wp:term":[{"taxonomy":"category","embeddable":true,"href":"https:\/\/teegro.gob.mx\/sitio2025\/wp-json\/wp\/v2\/categories?post=12131"},{"taxonomy":"post_tag","embeddable":true,"href":"https:\/\/teegro.gob.mx\/sitio2025\/wp-json\/wp\/v2\/tags?post=12131"}],"curies":[{"name":"wp","href":"https:\/\/api.w.org\/{rel}","templated":true}]}}