{"id":12194,"date":"2024-01-08T13:42:46","date_gmt":"2024-01-08T19:42:46","guid":{"rendered":"https:\/\/teegro.gob.mx\/sitio2023\/?p=12194"},"modified":"2024-01-10T18:08:53","modified_gmt":"2024-01-11T00:08:53","slug":"segunda-sesion-02-de-enero","status":"publish","type":"post","link":"https:\/\/teegro.gob.mx\/sitio2025\/segunda-sesion-02-de-enero\/","title":{"rendered":"Segunda Sesi\u00f3n &#8211; 09 de Enero"},"content":{"rendered":"<p><!-- VideographyWP Plugin Message: Automatic video embedding prevented by plugin options. --><\/p>\n<ul>\n<li><a href=\"https:\/\/teegro.gob.mx\/sitio2023\/wp-content\/uploads\/2024\/01\/Lista090124.pdf\">Orden del d\u00eda<\/a><\/li>\n<li><a href=\"https:\/\/youtu.be\/rPfdNUfpIug\">V\u00eddeo de la Sesi\u00f3n<\/a><\/li>\n<\/ul>\n<h3>Contenido<\/h3>\n<ul>\n<li>TEE\/RAP\/013\/2023, TEE\/RAP\/014\/2023, TEE\/RAP\/016\/2023, TEE\/JEC\/060\/2023 y\u00a0 TEE\/JEC\/061\/2023 acumulados <strong>Acuerdo Plenario<\/strong> &#8211; Representantes de los Partidos de la Revoluci\u00f3n Democr\u00e1tica, Movimiento de Regeneraci\u00f3n Nacional, Revolucionario Institucional, Mijane Jim\u00e9nez Salinas y Ra\u00fal de Jes\u00fas Cabrera<\/li>\n<li>TEE\/JEC\/056\/2023 y acumulado &#8211; Claudia Mart\u00ednez S\u00e1nchez<\/li>\n<li>TEE\/JEC\/066\/2023 &#8211; Arlene Siu Sarabia Pe\u00f1a<\/li>\n<li>TEE\/JEC\/082\/2023 y acumulado &#8211; Silvia Mart\u00ednez Ponce y otra persona<\/li>\n<li>TEE\/JEC\/059\/2023 &#8211; Fel\u00edcita Navarrete Neri<\/li>\n<li>TEE\/JEC\/067\/2023 &#8211; Samuel Vitervo \u00a0Guevara<\/li>\n<\/ul>\n<p><!--more--><\/p>\n<h3><strong>TEE\/RAP\/013\/2023, TEE\/RAP\/014\/2023, TEE\/RAP\/016\/2023, TEE\/JEC\/060\/2023 y\u00a0 TEE\/JEC\/061\/2023 acumulados Acuerdo Plenario<\/strong><\/h3>\n<p><strong>Actor:<\/strong> Representantes de los Partidos de la Revoluci\u00f3n Democr\u00e1tica, Movimiento de Regeneraci\u00f3n Nacional, Revolucionario Institucional, Mijane Jim\u00e9nez Salinas y Ra\u00fal de Jes\u00fas Cabrera<\/p>\n<p><strong>Autoridad responsable:<\/strong> Instituto Electoral y de Participaci\u00f3n Ciudadana del Estado de Guerrero<\/p>\n<p><strong>Descarga:<\/strong> <a href=\"https:\/\/teegro.gob.mx\/sitio2023\/wp-content\/uploads\/2024\/01\/TEE-RAP-013-2023-Acuerdo.pdf\">Descarga<\/a><\/p>\n<h3><strong>TEE\/JEC\/056\/2023 y acumulado<\/strong><\/h3>\n<p><strong>Actor:<\/strong> Claudia Mart\u00ednez S\u00e1nchez<\/p>\n<p><strong>Autoridad responsable:<\/strong> Comisi\u00f3n de Justicia del Consejo Nacional del Partido Acci\u00f3n Nacional<\/p>\n<p><strong>Descarga:<\/strong> <a href=\"https:\/\/teegro.gob.mx\/sitio2023\/wp-content\/uploads\/2024\/01\/TEE-JEC-056-2023-y-058-Acumulados.pdf\">Descarga<\/a><\/p>\n<h3><strong>TEE\/JEC\/066\/2023<\/strong><\/h3>\n<p><strong>Actor:<\/strong> Arlene Siu Sarabia Pe\u00f1a<\/p>\n<p><strong>Autoridad responsable:<\/strong> Comisi\u00f3n Nacional de Honestidad y Justicia de Morena<\/p>\n<p><strong>Descarga:<\/strong> <a href=\"https:\/\/teegro.gob.mx\/sitio2023\/wp-content\/uploads\/2024\/01\/TEE-JEC-066-2023.pdf\">Descarga<\/a><\/p>\n<h3><strong>TEE\/JEC\/082\/2023 y acumulado<\/strong><\/h3>\n<p><strong>Actor:<\/strong> Silvia Mart\u00ednez Ponce y otra persona<\/p>\n<p><strong>Autoridad responsable:<\/strong> Instituto Electoral y de Participaci\u00f3n Ciudadana del Estado de Guerrero<\/p>\n<p><strong>Descarga:<\/strong> <a href=\"https:\/\/teegro.gob.mx\/sitio2023\/wp-content\/uploads\/2024\/01\/TEE-JEC-082-2023-Acumulados.pdf\">Descarga<\/a><\/p>\n<h3><strong>TEE\/JEC\/059\/2023<\/strong><\/h3>\n<p><strong>Actor:<\/strong> Fel\u00edcita Navarrete Neri<\/p>\n<p><strong>Autoridad responsable:<\/strong> Comisi\u00f3n de Justicia del Consejo Nacional del Partido Acci\u00f3n Nacional<\/p>\n<p><strong>Descarga:<\/strong> Descarga<\/p>\n<h3><strong>TEE\/JEC\/067\/2023<\/strong><\/h3>\n<p><strong>Actor:<\/strong> Samuel Vitervo \u00a0Guevara<\/p>\n<p><strong>Autoridad responsable:<\/strong> Ayuntamiento Municipal de Metlat\u00f3noc, Guerrero<\/p>\n<p><strong>Descarga:<\/strong> <a href=\"https:\/\/teegro.gob.mx\/sitio2023\/wp-content\/uploads\/2024\/01\/TEE-JEC-067-2023.pdf\">Descarga<\/a><\/p>\n","protected":false},"excerpt":{"rendered":"<p>Orden del d\u00eda V\u00eddeo de la Sesi\u00f3n Contenido TEE\/RAP\/013\/2023, TEE\/RAP\/014\/2023, TEE\/RAP\/016\/2023, TEE\/JEC\/060\/2023 y\u00a0 TEE\/JEC\/061\/2023 acumulados Acuerdo Plenario &#8211; Representantes de los Partidos de la Revoluci\u00f3n Democr\u00e1tica, Movimiento de Regeneraci\u00f3n Nacional, Revolucionario Institucional, Mijane Jim\u00e9nez Salinas y Ra\u00fal de Jes\u00fas Cabrera TEE\/JEC\/056\/2023 y acumulado &#8211; Claudia Mart\u00ednez S\u00e1nchez TEE\/JEC\/066\/2023 &#8211; Arlene Siu Sarabia Pe\u00f1a TEE\/JEC\/082\/2023 y [&hellip;]<\/p>\n","protected":false},"author":1,"featured_media":0,"comment_status":"open","ping_status":"open","sticky":false,"template":"","format":"standard","meta":{"_acf_changed":false,"footnotes":""},"categories":[210],"tags":[],"class_list":["post-12194","post","type-post","status-publish","format-standard","hentry","category-gaceta"],"acf":[],"_links":{"self":[{"href":"https:\/\/teegro.gob.mx\/sitio2025\/wp-json\/wp\/v2\/posts\/12194","targetHints":{"allow":["GET"]}}],"collection":[{"href":"https:\/\/teegro.gob.mx\/sitio2025\/wp-json\/wp\/v2\/posts"}],"about":[{"href":"https:\/\/teegro.gob.mx\/sitio2025\/wp-json\/wp\/v2\/types\/post"}],"author":[{"embeddable":true,"href":"https:\/\/teegro.gob.mx\/sitio2025\/wp-json\/wp\/v2\/users\/1"}],"replies":[{"embeddable":true,"href":"https:\/\/teegro.gob.mx\/sitio2025\/wp-json\/wp\/v2\/comments?post=12194"}],"version-history":[{"count":13,"href":"https:\/\/teegro.gob.mx\/sitio2025\/wp-json\/wp\/v2\/posts\/12194\/revisions"}],"predecessor-version":[{"id":12230,"href":"https:\/\/teegro.gob.mx\/sitio2025\/wp-json\/wp\/v2\/posts\/12194\/revisions\/12230"}],"wp:attachment":[{"href":"https:\/\/teegro.gob.mx\/sitio2025\/wp-json\/wp\/v2\/media?parent=12194"}],"wp:term":[{"taxonomy":"category","embeddable":true,"href":"https:\/\/teegro.gob.mx\/sitio2025\/wp-json\/wp\/v2\/categories?post=12194"},{"taxonomy":"post_tag","embeddable":true,"href":"https:\/\/teegro.gob.mx\/sitio2025\/wp-json\/wp\/v2\/tags?post=12194"}],"curies":[{"name":"wp","href":"https:\/\/api.w.org\/{rel}","templated":true}]}}