{"id":12288,"date":"2024-01-17T13:34:15","date_gmt":"2024-01-17T19:34:15","guid":{"rendered":"https:\/\/teegro.gob.mx\/sitio2023\/?p=12288"},"modified":"2024-01-18T12:58:00","modified_gmt":"2024-01-18T18:58:00","slug":"tercera-sesion-privada-18-de-enero","status":"publish","type":"post","link":"https:\/\/teegro.gob.mx\/sitio2025\/tercera-sesion-privada-18-de-enero\/","title":{"rendered":"Cuarta Sesi\u00f3n &#8211; 18 de Enero"},"content":{"rendered":"<p><!-- VideographyWP Plugin Message: Automatic video embedding prevented by plugin options. --><\/p>\n<ul>\n<li><a href=\"https:\/\/teegro.gob.mx\/sitio2023\/wp-content\/uploads\/2024\/01\/Lista180124.pdf\">Orden del d\u00eda<\/a><\/li>\n<li><a href=\"https:\/\/youtu.be\/DYvVjBl3bZA\">V\u00eddeo de la Sesi\u00f3n<\/a><\/li>\n<\/ul>\n<h3>Contenido<\/h3>\n<ul>\n<li>TEE\/JEC\/027\/2023 <strong>Acuerdo Plenario<\/strong> &#8211; Bruno Calixto R\u00edos Diaz<\/li>\n<li>TEE\/JEC\/004\/2023 <strong>Acuerdo Plenario<\/strong> &#8211; Artemio Le\u00f3n Leal<\/li>\n<li>TEE\/RAP\/005\/2022 <strong>Acuerdo Plenario<\/strong> &#8211; Representante del Partido Morena<\/li>\n<li>TEE\/RAP\/022\/2023 &#8211; Representante del Partido del Trabajo<\/li>\n<li>TEE\/LCI\/002\/2024 &#8211; Ricardo Rend\u00f3n Ramos<\/li>\n<li>TEE\/LCI\/006\/2024 &#8211; Alejandro Guerrero P\u00e9rez<\/li>\n<li>TEE\/JEC\/085\/2023 &#8211; Mois\u00e9s N\u00fa\u00f1ez Rayo<\/li>\n<li>TEE\/LCI\/003\/2024 &#8211; Jos\u00e9 Ulises Contreras Arag\u00f3n<\/li>\n<li>TEE\/LCI\/007\/2024 &#8211; Alfredo Castro Santiago<\/li>\n<li>TEE\/LCI\/004\/2024 &#8211; Soleidy Bravo Campuzano<\/li>\n<\/ul>\n<p><!--more--><\/p>\n<h3><strong>TEE\/<\/strong>JEC\/027\/2023 <strong>Acuerdo Plenario<br \/>\n<\/strong><\/h3>\n<p><strong>Actor:<\/strong> Bruno Calixto R\u00edos Diaz<\/p>\n<p><strong>Autoridad responsable:<\/strong> Comisi\u00f3n de Justicia del Consejo Nacional del Partido Acci\u00f3n Nacional<\/p>\n<p><strong>Descarga:<\/strong> <a href=\"https:\/\/teegro.gob.mx\/sitio2023\/wp-content\/uploads\/2024\/01\/TEE-JEC-027-2023-Acuerdo.pdf\">Descarga<\/a><\/p>\n<h3><strong>TEE\/<\/strong>JEC\/004\/2023 <strong>Acuerdo Plenario<br \/>\n<\/strong><\/h3>\n<p><strong>Actor:<\/strong> Artemio Le\u00f3n Leal<\/p>\n<p><strong>Autoridad responsable:<\/strong> Ayuntamiento Municipal de Metlat\u00f3noc, Guerrero<\/p>\n<p><strong>Descarga:<\/strong> <a href=\"https:\/\/teegro.gob.mx\/sitio2023\/wp-content\/uploads\/2024\/01\/TEE-JEC-004-2023-Acuerdo.pdf\">Descarga<\/a><\/p>\n<h3><strong>TEE\/RAP\/005\/2022 Acuerdo Plenario<br \/>\n<\/strong><\/h3>\n<p><strong>Actor:<\/strong> Representante del Partido Morena<\/p>\n<p><strong>Autoridad responsable:<\/strong> Instituto Electoral y de Participaci\u00f3n Ciudadana del Estado de Guerrero<\/p>\n<p><strong>Descarga:<\/strong> <a href=\"https:\/\/teegro.gob.mx\/sitio2023\/wp-content\/uploads\/2024\/01\/TEE-RAP-005-2022-Acuerdo.pdf\">Descarga<\/a><\/p>\n<h3><strong>TEE\/RAP\/022\/2023<br \/>\n<\/strong><\/h3>\n<p><strong>Actor:<\/strong> Representante del Partido del Trabajo<\/p>\n<p><strong>Autoridad responsable:<\/strong> Instituto Electoral y de Participaci\u00f3n Ciudadana del Estado de Guerrero<\/p>\n<p><strong>Descarga:<\/strong> <a href=\"https:\/\/teegro.gob.mx\/sitio2023\/wp-content\/uploads\/2024\/01\/TEE-RAP-022-2023.pdf\">Descarga<\/a><\/p>\n<h3><strong>TEE\/LCI\/002\/2024<br \/>\n<\/strong><\/h3>\n<p><strong>Compareciente:<\/strong> Ricardo Rend\u00f3n Ramos<\/p>\n<p><strong>Autoridad responsable:<\/strong> Instituto Electoral y de Participaci\u00f3n Ciudadana del Estado de Guerrero<\/p>\n<p><strong>Descarga:<\/strong> <a href=\"https:\/\/teegro.gob.mx\/sitio2023\/wp-content\/uploads\/2024\/01\/TEE-LCI-002-2024.pdf\">Descarga<\/a><\/p>\n<h3><strong>TEE\/LCI\/006\/2024<br \/>\n<\/strong><\/h3>\n<p><strong>Compareciente:<\/strong> Alejandro Guerrero P\u00e9rez<\/p>\n<p><strong>Autoridad responsable:<\/strong> Instituto Electoral y de Participaci\u00f3n Ciudadana del Estado de Guerrero<\/p>\n<p><strong>Descarga:<\/strong> <a href=\"https:\/\/teegro.gob.mx\/sitio2023\/wp-content\/uploads\/2024\/01\/TEE-LCI-006-2024.pdf\">Descarga<\/a><\/p>\n<h3><strong>TEE\/JEC\/085\/2023<br \/>\n<\/strong><\/h3>\n<p><strong>Compareciente:<\/strong> Mois\u00e9s N\u00fa\u00f1ez Rayo<\/p>\n<p><strong>Autoridad responsable:<\/strong> Instituto Electoral y de Participaci\u00f3n Ciudadana del Estado de Guerrero<\/p>\n<p><strong>Descarga:<\/strong> <a href=\"https:\/\/teegro.gob.mx\/sitio2023\/wp-content\/uploads\/2024\/01\/TEE-JEC-085-2023.pdf\">Descarga<\/a><\/p>\n<h3><strong>TEE\/LCI\/003\/2024<br \/>\n<\/strong><\/h3>\n<p><strong>Compareciente:<\/strong> Jos\u00e9 Ulises Contreras Arag\u00f3n<\/p>\n<p><strong>Autoridad responsable:<\/strong> Instituto Electoral y de Participaci\u00f3n Ciudadana del Estado de Guerrero<\/p>\n<p><strong>Descarga:<\/strong> <a href=\"https:\/\/teegro.gob.mx\/sitio2023\/wp-content\/uploads\/2024\/01\/TEE-LCI-003-2024.pdf\">Descarga<\/a><\/p>\n<h3><strong>TEE\/LCI\/007\/2024<br \/>\n<\/strong><\/h3>\n<p><strong>Compareciente:<\/strong> Alfredo Castro Santiago<\/p>\n<p><strong>Autoridad responsable:<\/strong> Instituto Electoral y de Participaci\u00f3n Ciudadana del Estado de Guerrero<\/p>\n<p><strong>Descarga:<\/strong> <a href=\"https:\/\/teegro.gob.mx\/sitio2023\/wp-content\/uploads\/2024\/01\/TEE-LCI-007-2024.pdf\">Descarga<\/a><\/p>\n<h3><strong>TEE\/LCI\/004\/2024<br \/>\n<\/strong><\/h3>\n<p><strong>Compareciente:<\/strong> Soleidy Bravo Campuzano<\/p>\n<p><strong>Autoridad responsable:<\/strong> Instituto Electoral y de Participaci\u00f3n Ciudadana del Estado de Guerrero<\/p>\n<p><strong>Descarga:<\/strong> <a href=\"https:\/\/teegro.gob.mx\/sitio2023\/wp-content\/uploads\/2024\/01\/TEE-LCI-004-2024.pdf\">Descarga<\/a><\/p>\n","protected":false},"excerpt":{"rendered":"<p>Orden del d\u00eda V\u00eddeo de la Sesi\u00f3n Contenido TEE\/JEC\/027\/2023 Acuerdo Plenario &#8211; Bruno Calixto R\u00edos Diaz TEE\/JEC\/004\/2023 Acuerdo Plenario &#8211; Artemio Le\u00f3n Leal TEE\/RAP\/005\/2022 Acuerdo Plenario &#8211; Representante del Partido Morena TEE\/RAP\/022\/2023 &#8211; Representante del Partido del Trabajo TEE\/LCI\/002\/2024 &#8211; Ricardo Rend\u00f3n Ramos TEE\/LCI\/006\/2024 &#8211; Alejandro Guerrero P\u00e9rez TEE\/JEC\/085\/2023 &#8211; Mois\u00e9s N\u00fa\u00f1ez Rayo TEE\/LCI\/003\/2024 &#8211; [&hellip;]<\/p>\n","protected":false},"author":1,"featured_media":0,"comment_status":"open","ping_status":"open","sticky":false,"template":"","format":"standard","meta":{"_acf_changed":false,"footnotes":""},"categories":[210],"tags":[],"class_list":["post-12288","post","type-post","status-publish","format-standard","hentry","category-gaceta"],"acf":[],"_links":{"self":[{"href":"https:\/\/teegro.gob.mx\/sitio2025\/wp-json\/wp\/v2\/posts\/12288","targetHints":{"allow":["GET"]}}],"collection":[{"href":"https:\/\/teegro.gob.mx\/sitio2025\/wp-json\/wp\/v2\/posts"}],"about":[{"href":"https:\/\/teegro.gob.mx\/sitio2025\/wp-json\/wp\/v2\/types\/post"}],"author":[{"embeddable":true,"href":"https:\/\/teegro.gob.mx\/sitio2025\/wp-json\/wp\/v2\/users\/1"}],"replies":[{"embeddable":true,"href":"https:\/\/teegro.gob.mx\/sitio2025\/wp-json\/wp\/v2\/comments?post=12288"}],"version-history":[{"count":14,"href":"https:\/\/teegro.gob.mx\/sitio2025\/wp-json\/wp\/v2\/posts\/12288\/revisions"}],"predecessor-version":[{"id":12312,"href":"https:\/\/teegro.gob.mx\/sitio2025\/wp-json\/wp\/v2\/posts\/12288\/revisions\/12312"}],"wp:attachment":[{"href":"https:\/\/teegro.gob.mx\/sitio2025\/wp-json\/wp\/v2\/media?parent=12288"}],"wp:term":[{"taxonomy":"category","embeddable":true,"href":"https:\/\/teegro.gob.mx\/sitio2025\/wp-json\/wp\/v2\/categories?post=12288"},{"taxonomy":"post_tag","embeddable":true,"href":"https:\/\/teegro.gob.mx\/sitio2025\/wp-json\/wp\/v2\/tags?post=12288"}],"curies":[{"name":"wp","href":"https:\/\/api.w.org\/{rel}","templated":true}]}}