{"id":12407,"date":"2024-01-22T11:06:40","date_gmt":"2024-01-22T17:06:40","guid":{"rendered":"https:\/\/teegro.gob.mx\/sitio2023\/?p=12407"},"modified":"2024-01-22T13:59:22","modified_gmt":"2024-01-22T19:59:22","slug":"quinta-sesion-18-de-enero","status":"publish","type":"post","link":"https:\/\/teegro.gob.mx\/sitio2025\/quinta-sesion-18-de-enero\/","title":{"rendered":"Quinta Sesi\u00f3n &#8211; 22 de Enero"},"content":{"rendered":"<p><!-- VideographyWP Plugin Message: Automatic video embedding prevented by plugin options. --><\/p>\n<ul>\n<li><a href=\"https:\/\/teegro.gob.mx\/sitio2023\/wp-content\/uploads\/2024\/01\/Lista220124.pdf\">Orden del d\u00eda<\/a><\/li>\n<li><a href=\"https:\/\/youtu.be\/EMPM39I-1yw\">V\u00eddeo de la Sesi\u00f3n<\/a><\/li>\n<\/ul>\n<h3>Contenido<\/h3>\n<ul>\n<li>TEE\/JEC\/069\/2023 <strong>Acuerdo Plenario<\/strong> &#8211; Secretaria General del Partido Movimiento Laborista Guerrero<\/li>\n<li>TEE\/PES\/001\/2024 &#8211; Norma Otilia Hern\u00e1ndez Mart\u00ednez<\/li>\n<li>TEE\/LCI\/001\/2024 &#8211; Rodolfo A\u00f1orve P\u00e9rez<\/li>\n<li>TEE\/LCI\/005\/2024 &#8211; Jes\u00fas Enrique Hern\u00e1ndez Gallardo<\/li>\n<\/ul>\n<p><!--more--><\/p>\n<h3><strong>TEE\/<\/strong>JEC\/069\/2023 <strong>Acuerdo Plenario<\/strong><strong><br \/>\n<\/strong><\/h3>\n<p><strong>Actor:<\/strong> Secretaria General del Partido Movimiento Laborista Guerrero<\/p>\n<p><strong>Autoridad responsable:<\/strong> Instituto Electoral y de Participaci\u00f3n Ciudadana del Estado de Guerrero<\/p>\n<p><strong>Descarga:<\/strong> <a href=\"https:\/\/teegro.gob.mx\/sitio2023\/wp-content\/uploads\/2024\/01\/TEE-JEC-069-2023-Acuerdo.pdf\">Descarga<\/a><\/p>\n<h3><strong>TEE\/PES\/001\/2024<\/strong><strong><br \/>\n<\/strong><\/h3>\n<p><strong>Denunciante:<\/strong> Norma Otilia Hern\u00e1ndez Mart\u00ednez<\/p>\n<p><strong>Denunciado:<\/strong> Dan Nobel Castorena Salgado, Director General del Medio de Comunicaci\u00f3n Peri\u00f3dico \u201cV\u00e9rtice Diario de Chilpancingo\u201d y otras personas<\/p>\n<p><strong>Descarga:<\/strong> <a href=\"https:\/\/teegro.gob.mx\/sitio2023\/wp-content\/uploads\/2024\/01\/TEE-PES-001-2024.pdf\">Descarga<\/a><\/p>\n<h3><strong>TEE\/LCI\/001\/2024<\/strong><strong><br \/>\n<\/strong><\/h3>\n<p><strong>Actor:<\/strong> Rodolfo A\u00f1orve P\u00e9rez<\/p>\n<p><strong>Autoridad responsable:<\/strong> Instituto Electoral y de Participaci\u00f3n Ciudadana del Estado de Guerrero<\/p>\n<p><strong>Descarga:<\/strong> <a href=\"https:\/\/teegro.gob.mx\/sitio2023\/wp-content\/uploads\/2024\/01\/TEE-LCI-001-2024.pdf\">Descarga<\/a><\/p>\n<h3><strong>TEE\/LCI\/005\/2024<\/strong><strong><br \/>\n<\/strong><\/h3>\n<p><strong>Actor:<\/strong> Jes\u00fas Enrique Hern\u00e1ndez Gallardo<\/p>\n<p><strong>Autoridad responsable:<\/strong> Instituto Electoral y de Participaci\u00f3n Ciudadana del Estado de Guerrero<\/p>\n<p><strong>Descarga:<\/strong> <a href=\"https:\/\/teegro.gob.mx\/sitio2023\/wp-content\/uploads\/2024\/01\/TEE-LCI-005-2024.pdf\">Descarga<\/a><\/p>\n","protected":false},"excerpt":{"rendered":"<p>Orden del d\u00eda V\u00eddeo de la Sesi\u00f3n Contenido TEE\/JEC\/069\/2023 Acuerdo Plenario &#8211; Secretaria General del Partido Movimiento Laborista Guerrero TEE\/PES\/001\/2024 &#8211; Norma Otilia Hern\u00e1ndez Mart\u00ednez TEE\/LCI\/001\/2024 &#8211; Rodolfo A\u00f1orve P\u00e9rez TEE\/LCI\/005\/2024 &#8211; Jes\u00fas Enrique Hern\u00e1ndez Gallardo<\/p>\n","protected":false},"author":1,"featured_media":0,"comment_status":"open","ping_status":"open","sticky":false,"template":"","format":"standard","meta":{"_acf_changed":false,"footnotes":""},"categories":[210],"tags":[],"class_list":["post-12407","post","type-post","status-publish","format-standard","hentry","category-gaceta"],"acf":[],"_links":{"self":[{"href":"https:\/\/teegro.gob.mx\/sitio2025\/wp-json\/wp\/v2\/posts\/12407","targetHints":{"allow":["GET"]}}],"collection":[{"href":"https:\/\/teegro.gob.mx\/sitio2025\/wp-json\/wp\/v2\/posts"}],"about":[{"href":"https:\/\/teegro.gob.mx\/sitio2025\/wp-json\/wp\/v2\/types\/post"}],"author":[{"embeddable":true,"href":"https:\/\/teegro.gob.mx\/sitio2025\/wp-json\/wp\/v2\/users\/1"}],"replies":[{"embeddable":true,"href":"https:\/\/teegro.gob.mx\/sitio2025\/wp-json\/wp\/v2\/comments?post=12407"}],"version-history":[{"count":9,"href":"https:\/\/teegro.gob.mx\/sitio2025\/wp-json\/wp\/v2\/posts\/12407\/revisions"}],"predecessor-version":[{"id":12425,"href":"https:\/\/teegro.gob.mx\/sitio2025\/wp-json\/wp\/v2\/posts\/12407\/revisions\/12425"}],"wp:attachment":[{"href":"https:\/\/teegro.gob.mx\/sitio2025\/wp-json\/wp\/v2\/media?parent=12407"}],"wp:term":[{"taxonomy":"category","embeddable":true,"href":"https:\/\/teegro.gob.mx\/sitio2025\/wp-json\/wp\/v2\/categories?post=12407"},{"taxonomy":"post_tag","embeddable":true,"href":"https:\/\/teegro.gob.mx\/sitio2025\/wp-json\/wp\/v2\/tags?post=12407"}],"curies":[{"name":"wp","href":"https:\/\/api.w.org\/{rel}","templated":true}]}}