{"id":12472,"date":"2021-05-10T15:45:26","date_gmt":"2021-05-10T20:45:26","guid":{"rendered":"https:\/\/teegro.gob.mx\/sitio2023\/?p=12472"},"modified":"2024-01-29T16:17:05","modified_gmt":"2024-01-29T22:17:05","slug":"trigesima-segunda-sesion-publica-de-resolucion-4","status":"publish","type":"post","link":"https:\/\/teegro.gob.mx\/sitio2025\/trigesima-segunda-sesion-publica-de-resolucion-4\/","title":{"rendered":"Trig\u00e9sima Segunda Sesi\u00f3n P\u00fablica de Resoluci\u00f3n"},"content":{"rendered":"<!-- VideographyWP Plugin Message: Automatic video embedding prevented by plugin options. -->\n\n<ul>\n<li><a href=\"https:\/\/teegro.gob.mx\/inicio\/wp-content\/uploads\/2021\/05\/lista11052021.pdf\">Orden del d\u00eda<\/a><\/li>\n<li><a href=\"https:\/\/www.youtube.com\/watch?v=NBrOdptO3P4\">V\u00eddeo de la Sesi\u00f3n<\/a><\/li>\n<\/ul>\n<h3>Contenido<\/h3>\n<ul>\n<li>TEE\/AG\/002\/2021 <strong>ACUERDO PLENARIO<\/strong> &#8211; Unidad T\u00e9cnica de los Contencioso Electoral de la Secretar\u00eda Ejecutiva del INE<\/li>\n<li>TEE\/JEC\/033\/2021 <strong>ACUERDO PLENARIO<\/strong> &#8211; Sergio Montes Carrillo<\/li>\n<li>TEE\/JEC\/062\/2021 <strong>ACUERDO PLENARIO<\/strong> &#8211; Luis Adri\u00e1n Ireta Sol\u00eds<\/li>\n<li>TEE\/JEC\/082\/2021 <strong>ACUERDO PLENARIO<\/strong> &#8211; Samir Daniel \u00c1vila Bonilla<\/li>\n<li>TEE\/JEC\/089\/2021 <strong>ACUERDO PLENARIO<\/strong> &#8211; Rosa Morales L\u00f3pez y Francisco Rafael Morales Bustos<\/li>\n<li>TEE\/JEC\/156\/2021 &#8211; Paula S\u00e1nchez Jim\u00e9nez<\/li>\n<li>TEE\/JEC\/152\/2021 &#8211; V\u00edctor Jord\u00e1n \u00c1lvarez<\/li>\n<li>TEE\/JEC\/157\/2021 &#8211; Irving Misael Jord\u00e1n Bello<\/li>\n<li>TEE\/JEC\/084\/2021 &#8211; Dato confidencial<\/li>\n<li>TEE\/PES\/014\/2021 &#8211; Representante del Partido Revoluci\u00f3n Institucional ante el Consejo Distrital Electoral 21<\/li>\n<\/ul>\n<h2><!--more--><\/h2>\n<h3><strong>TEE\/AG\/002\/2021 ACUERDO PLENARIO<\/strong><\/h3>\n<p><strong>Actor:<\/strong> Unidad T\u00e9cnica de los Contencioso Electoral de la Secretar\u00eda Ejecutiva del INE<\/p>\n<p>&nbsp;<strong>Autoridad responsable:<\/strong> Comisi\u00f3n Nacional de Honestidad y Justicia de Morena<\/p>\n<p><strong>Descarga:<\/strong> <a href=\"https:\/\/teegro.gob.mx\/inicio\/wp-content\/uploads\/2021\/05\/TEE-AG-002-2021-Acuerdo.pdf\">Descarga<\/a><\/p>\n<h3><strong>TEE\/JEC\/033\/2021 ACUERDO PLENARIO&nbsp;<\/strong><\/h3>\n<p><strong>Actor:<\/strong> Sergio Montes Carrillo<\/p>\n<p><strong>Autoridad responsable:<\/strong> Comisi\u00f3n Nacional de Honestidad y Justicia de Morena <\/p>\n<p><strong>Descarga:<\/strong> <a href=\"https:\/\/teegro.gob.mx\/inicio\/wp-content\/uploads\/2021\/05\/TEE-JEC-033-2021-Acuerdo.pdf\">Descarga<\/a><\/p>\n<h3><strong>TEE\/JEC\/062\/2021 ACUERDO PLENARIO<\/strong><\/h3>\n<p><strong>Actor:<\/strong> Luis Adri\u00e1n Ireta Sol\u00eds<\/p>\n<p><strong>Autoridad responsable:<\/strong> Comit\u00e9 Ejecutivo Estatal de Morena en Guerrero<\/p>\n<p><strong>Descarga:<\/strong> <a href=\"https:\/\/teegro.gob.mx\/inicio\/wp-content\/uploads\/2021\/05\/TEE-JEC-062-2021-Acuerdo.pdf\">Descarga<\/a><\/p>\n<h3><strong>TEE\/JEC\/082\/2021 ACUERDO PLENARIO<\/strong><\/h3>\n<p><strong>Actor:<\/strong> Samir Daniel \u00c1vila Bonilla<\/p>\n<p><strong>Autoridad responsable:<\/strong> Comisi\u00f3n Nacional de Elecciones de Morena<\/p>\n<p><strong>Descarga:<\/strong> <a href=\"https:\/\/teegro.gob.mx\/inicio\/wp-content\/uploads\/2021\/05\/TEE-JEC-082-2021-Acuerdo.pdf\">Descarga<\/a><\/p>\n<h3><strong>TEE\/JEC\/089\/2021 ACUERDO PLENARIO<\/strong><\/h3>\n<p><strong>Actor:<\/strong> Rosa Morales L\u00f3pez y Francisco Rafael Morales Bustos<\/p>\n<p><strong>Autoridad responsable:<\/strong> Comisi\u00f3n Nacional de Elecciones de Morena <\/p>\n<p><strong>Descarga:<\/strong> <a href=\"https:\/\/teegro.gob.mx\/inicio\/wp-content\/uploads\/2021\/05\/TEE-JEC-089-2021-Acuerdo.pdf\">Descarga<\/a><\/p>\n<h3><strong>TEE\/JEC\/156\/2021<\/strong><\/h3>\n<p><strong>Actor:<\/strong> Paula S\u00e1nchez Jim\u00e9nez<\/p>\n<p><strong>Autoridad responsable:<\/strong> Comisi\u00f3n Nacional de Honestidad y Justicia de Morena<\/p>\n<p><strong>Descarga:<\/strong> Retirado<\/p>\n<h3><strong>TEE\/JEC\/152\/2021<\/strong><\/h3>\n<p><strong>Actor:<\/strong> V\u00edctor Jord\u00e1n \u00c1lvarez<\/p>\n<p><strong>Autoridad responsable:<\/strong> Comisi\u00f3n Nacional de Honestidad y Justicia de Morena<\/p>\n<p><strong>Descarga:<\/strong> <a href=\"https:\/\/teegro.gob.mx\/inicio\/wp-content\/uploads\/2021\/05\/TEE-JEC-152-2021.pdf\">Descarga<\/a><\/p>\n<h3><strong>TEE\/JEC\/157\/2021&nbsp;<\/strong><\/h3>\n<p><strong>Actor:<\/strong> Irving Misael Jord\u00e1n Bello<\/p>\n<p><strong>Autoridad responsable:<\/strong> Comisi\u00f3n Nacional de Honestidad y Justicia de Morena<\/p>\n<p><strong>Descarga:<\/strong> <a href=\"https:\/\/teegro.gob.mx\/inicio\/wp-content\/uploads\/2021\/05\/TEE-JEC-157-2021.pdf\">Descarga<\/a><\/p>\n<h3><strong>TEE\/JEC\/084\/2021<\/strong><\/h3>\n<p><strong>Actor:<\/strong> Dato confidencial<\/p>\n<p><strong>Autoridad responsable:<\/strong> Comisi\u00f3n Nacional de Honestidad y Justicia de Morena<\/p>\n<p><strong>Descarga:<\/strong> <a href=\"https:\/\/teegro.gob.mx\/inicio\/wp-content\/uploads\/2021\/05\/TEE-JEC-084-2021_.pdf\">Descarga<\/a><\/p>\n<h3><strong>TEE\/PES\/014\/2021&nbsp;<\/strong><\/h3>\n<p><strong>Actor:<\/strong> Representante del Partido Revoluci\u00f3n Institucional ante el Consejo Distrital Electoral 21<\/p>\n<p><strong>Autoridad responsable:<\/strong> Comisi\u00f3n Nacional de Honestidad y Justicia de Morena<\/p>\n<p><strong>Descarga:<\/strong> <a href=\"https:\/\/teegro.gob.mx\/inicio\/wp-content\/uploads\/2021\/05\/TEE-PES-014-2021.pdf\">Descarga<\/a><\/p>\n","protected":false},"excerpt":{"rendered":"<p>Orden del d\u00eda V\u00eddeo de la Sesi\u00f3n Contenido TEE\/AG\/002\/2021 ACUERDO PLENARIO &#8211; Unidad T\u00e9cnica de los Contencioso Electoral de la Secretar\u00eda Ejecutiva del INE TEE\/JEC\/033\/2021 ACUERDO PLENARIO &#8211; Sergio Montes Carrillo TEE\/JEC\/062\/2021 ACUERDO PLENARIO &#8211; Luis Adri\u00e1n Ireta Sol\u00eds TEE\/JEC\/082\/2021 ACUERDO PLENARIO &#8211; Samir Daniel \u00c1vila Bonilla TEE\/JEC\/089\/2021 ACUERDO PLENARIO &#8211; Rosa Morales L\u00f3pez y [&hellip;]<\/p>\n","protected":false},"author":1,"featured_media":0,"comment_status":"open","ping_status":"open","sticky":false,"template":"","format":"standard","meta":{"_acf_changed":false,"footnotes":""},"categories":[210],"tags":[],"class_list":["post-12472","post","type-post","status-publish","format-standard","hentry","category-gaceta"],"acf":[],"_links":{"self":[{"href":"https:\/\/teegro.gob.mx\/sitio2025\/wp-json\/wp\/v2\/posts\/12472","targetHints":{"allow":["GET"]}}],"collection":[{"href":"https:\/\/teegro.gob.mx\/sitio2025\/wp-json\/wp\/v2\/posts"}],"about":[{"href":"https:\/\/teegro.gob.mx\/sitio2025\/wp-json\/wp\/v2\/types\/post"}],"author":[{"embeddable":true,"href":"https:\/\/teegro.gob.mx\/sitio2025\/wp-json\/wp\/v2\/users\/1"}],"replies":[{"embeddable":true,"href":"https:\/\/teegro.gob.mx\/sitio2025\/wp-json\/wp\/v2\/comments?post=12472"}],"version-history":[{"count":15,"href":"https:\/\/teegro.gob.mx\/sitio2025\/wp-json\/wp\/v2\/posts\/12472\/revisions"}],"predecessor-version":[{"id":12620,"href":"https:\/\/teegro.gob.mx\/sitio2025\/wp-json\/wp\/v2\/posts\/12472\/revisions\/12620"}],"wp:attachment":[{"href":"https:\/\/teegro.gob.mx\/sitio2025\/wp-json\/wp\/v2\/media?parent=12472"}],"wp:term":[{"taxonomy":"category","embeddable":true,"href":"https:\/\/teegro.gob.mx\/sitio2025\/wp-json\/wp\/v2\/categories?post=12472"},{"taxonomy":"post_tag","embeddable":true,"href":"https:\/\/teegro.gob.mx\/sitio2025\/wp-json\/wp\/v2\/tags?post=12472"}],"curies":[{"name":"wp","href":"https:\/\/api.w.org\/{rel}","templated":true}]}}