{"id":12473,"date":"2021-04-23T14:29:00","date_gmt":"2021-04-23T19:29:00","guid":{"rendered":"https:\/\/teegro.gob.mx\/sitio2023\/?p=12473"},"modified":"2024-01-25T14:47:08","modified_gmt":"2024-01-25T20:47:08","slug":"vigesima-quinta-sesion-publica-de-resolucion-3","status":"publish","type":"post","link":"https:\/\/teegro.gob.mx\/sitio2025\/vigesima-quinta-sesion-publica-de-resolucion-3\/","title":{"rendered":"Vig\u00e9sima Quinta Sesi\u00f3n P\u00fablica de Resoluci\u00f3n"},"content":{"rendered":"<!-- VideographyWP Plugin Message: Automatic video embedding prevented by plugin options. -->\n\n<ul>\n<li><a href=\"https:\/\/teegro.gob.mx\/sitio2023\/wp-content\/uploads\/2021\/04\/lista24042021.pdf\">Orden del d\u00eda<\/a><\/li>\n<li><a href=\"https:\/\/youtu.be\/q4ob5VANp8E?si=D8OZUms1gkA8ZtmN\">V\u00eddeo de la Sesi\u00f3n<\/a><\/li>\n<\/ul>\n<h3>Contenido<\/h3>\n<ul>\n<li>TEE\/JEC\/038\/2021 Acuerdo plenario &#8211; J. Isabel Arines Hern\u00e1ndez<\/li>\n<li>TEE\/JEC\/063\/2021 Acuerdo plenario &#8211; Tania Berenice Vargas Romero<\/li>\n<li>TEE\/JEC\/064\/2021 Acuerdo plenario &#8211; Jos\u00e9 Luis Gardu\u00f1o e Isisdro L\u00e1zaro Encarnaci\u00f3n<\/li>\n<li>TEE\/JEC\/074\/2021 Acuerdo plenario &#8211; Olga Baz\u00e1n Gonz\u00e1lez<\/li>\n<li>TEE\/JEC\/078\/2021 Acuerdo plenario &#8211; Bulmaro Emmanuel Mu\u00f1iz Garc\u00eda<\/li>\n<li>TEE\/JEC\/085\/2021 Acuerdo plenario &#8211; Mariana F\u00e9lix Garc\u00eda<\/li>\n<li>TEE\/JEC\/086\/2021 Acuerdo plenario &#8211; Mariana F\u00e9lix Garc\u00eda<\/li>\n<li>TEE\/JEC\/087\/2021 Acuerdo plenario &#8211; Felipe Rojas Garc\u00eda<\/li>\n<\/ul>\n<h2><!--more--><\/h2>\n<h3><strong>TEE\/JEC\/038\/2021 Acuerdo plenario<\/strong><\/h3>\n<p><strong>Actor:<\/strong> J. Isabel Arines Hern\u00e1ndez <\/p>\n<p><strong>Autoridad responsable:<\/strong> Comisi\u00f3n Nacional del Honestidad y Justicia de Morena<\/p>\n<p><strong>Descarga:<\/strong> <a href=\"https:\/\/teegro.gob.mx\/sitio2023\/wp-content\/uploads\/2021\/04\/TEE-JEC-038-2021-Acuerdo.pdf\">Descarga<\/a><\/p>\n<h3><strong>TEE\/JEC\/063\/2021 Acuerdo plenario<\/strong><\/h3>\n<p><strong>Actor:<\/strong> Tania Berenice Vargas Romero<\/p>\n<p><strong>Autoridad responsable:<\/strong> Comit\u00e9 Ejecutivo Estatal del Partido Morena<\/p>\n<p><strong>Descarga:<\/strong> <a href=\"https:\/\/teegro.gob.mx\/sitio2023\/wp-content\/uploads\/2021\/04\/TEE-JEC-063-2021-Acuerdo.pdf\">Descarga<\/a><\/p>\n<h3><strong>TEE\/JEC\/064\/2021 Acuerdo plenario<\/strong><\/h3>\n<p><strong>Actor:<\/strong> Jos\u00e9 Luis Gardu\u00f1o e Isisdro L\u00e1zaro Encarnaci\u00f3n<\/p>\n<p><strong>Autoridad responsable:<\/strong> Comit\u00e9 Ejecutivo Estatal del Partido Morena<\/p>\n<p><strong>Descarga:<\/strong> <a href=\"https:\/\/teegro.gob.mx\/sitio2023\/wp-content\/uploads\/2021\/04\/TEE-JEC-064-2021-Acuerdo.pdf\">Descarga<\/a><\/p>\n<h3><strong>TEE\/JEC\/074\/2021 Acuerdo plenario<\/strong><\/h3>\n<p><strong>Actor:<\/strong> Olga Baz\u00e1n Gonz\u00e1lez<\/p>\n<p><strong>Autoridad responsable:<\/strong> Comisi\u00f3n Nacional de Elecciones y Comit\u00e9 Ejecutivo Estatal del Partido Morena<\/p>\n<p><strong>Descarga:<\/strong> <a href=\"https:\/\/teegro.gob.mx\/sitio2023\/wp-content\/uploads\/2021\/04\/TEE-JEC-074-2021-Acuerdo.pdf\">Descarga<\/a><\/p>\n<h3><strong>TEE\/JEC\/078\/2021 Acuerdo plenario<\/strong><\/h3>\n<p><strong>Actor:<\/strong> Bulmaro Emmanuel Mu\u00f1iz Garc\u00eda<\/p>\n<p><strong>Autoridad responsable:<\/strong> Comit\u00e9 Ejecutivo Estatal del Partido Morena<\/p>\n<p><strong>Descarga:<\/strong> <a href=\"https:\/\/teegro.gob.mx\/sitio2023\/wp-content\/uploads\/2021\/04\/TEE-JEC-078-2021-Acuerdo.pdf\">Descarga<\/a><\/p>\n<h3><strong>TEE\/JEC\/085\/2021 Acuerdo plenario<\/strong><\/h3>\n<p><strong>Actor:<\/strong> Mariana F\u00e9lix Garc\u00eda<\/p>\n<p><strong>Autoridad responsable:<\/strong> Comisi\u00f3n Nacional de Elecciones de Morena<\/p>\n<p><strong>Descarga:<\/strong> <a href=\"https:\/\/teegro.gob.mx\/sitio2023\/wp-content\/uploads\/2021\/04\/TEE-JEC-085-2021-Acuerdo.pdf\">Descarga<\/a><\/p>\n<h3><strong>TEE\/JEC\/086\/2021 Acuerdo plenario<\/strong><\/h3>\n<p><strong>Actor:<\/strong> Mariana F\u00e9lix Garc\u00eda<\/p>\n<p><strong>Autoridad responsable:<\/strong> Comisi\u00f3n Nacional de Elecciones de Morena<\/p>\n<p><strong>Descarga:<\/strong> <a href=\"https:\/\/teegro.gob.mx\/sitio2023\/wp-content\/uploads\/2021\/04\/TEE-JEC-086-2021-Acuerdo.pdf\">Descarga<\/a><\/p>\n<h3><strong>TEE\/JEC\/087\/2021 Acuerdo plenario<\/strong><\/h3>\n<p><strong>Actor:<\/strong> Felipe Rojas Garc\u00eda<\/p>\n<p><strong>Autoridad responsable:<\/strong> Comisi\u00f3n Nacional de Elecciones de Morena<\/p>\n<p><strong>Descarga:<\/strong> <a href=\"https:\/\/teegro.gob.mx\/sitio2023\/wp-content\/uploads\/2021\/04\/TEE-JEC-087-2021-Acuerdo.pdf\">Descarga<\/a><\/p>\n","protected":false},"excerpt":{"rendered":"<p>Orden del d\u00eda V\u00eddeo de la Sesi\u00f3n Contenido TEE\/JEC\/038\/2021 Acuerdo plenario &#8211; J. Isabel Arines Hern\u00e1ndez TEE\/JEC\/063\/2021 Acuerdo plenario &#8211; Tania Berenice Vargas Romero TEE\/JEC\/064\/2021 Acuerdo plenario &#8211; Jos\u00e9 Luis Gardu\u00f1o e Isisdro L\u00e1zaro Encarnaci\u00f3n TEE\/JEC\/074\/2021 Acuerdo plenario &#8211; Olga Baz\u00e1n Gonz\u00e1lez TEE\/JEC\/078\/2021 Acuerdo plenario &#8211; Bulmaro Emmanuel Mu\u00f1iz Garc\u00eda TEE\/JEC\/085\/2021 Acuerdo plenario &#8211; Mariana [&hellip;]<\/p>\n","protected":false},"author":1,"featured_media":0,"comment_status":"open","ping_status":"open","sticky":false,"template":"","format":"standard","meta":{"_acf_changed":false,"footnotes":""},"categories":[210],"tags":[],"class_list":["post-12473","post","type-post","status-publish","format-standard","hentry","category-gaceta"],"acf":[],"_links":{"self":[{"href":"https:\/\/teegro.gob.mx\/sitio2025\/wp-json\/wp\/v2\/posts\/12473","targetHints":{"allow":["GET"]}}],"collection":[{"href":"https:\/\/teegro.gob.mx\/sitio2025\/wp-json\/wp\/v2\/posts"}],"about":[{"href":"https:\/\/teegro.gob.mx\/sitio2025\/wp-json\/wp\/v2\/types\/post"}],"author":[{"embeddable":true,"href":"https:\/\/teegro.gob.mx\/sitio2025\/wp-json\/wp\/v2\/users\/1"}],"replies":[{"embeddable":true,"href":"https:\/\/teegro.gob.mx\/sitio2025\/wp-json\/wp\/v2\/comments?post=12473"}],"version-history":[{"count":3,"href":"https:\/\/teegro.gob.mx\/sitio2025\/wp-json\/wp\/v2\/posts\/12473\/revisions"}],"predecessor-version":[{"id":12476,"href":"https:\/\/teegro.gob.mx\/sitio2025\/wp-json\/wp\/v2\/posts\/12473\/revisions\/12476"}],"wp:attachment":[{"href":"https:\/\/teegro.gob.mx\/sitio2025\/wp-json\/wp\/v2\/media?parent=12473"}],"wp:term":[{"taxonomy":"category","embeddable":true,"href":"https:\/\/teegro.gob.mx\/sitio2025\/wp-json\/wp\/v2\/categories?post=12473"},{"taxonomy":"post_tag","embeddable":true,"href":"https:\/\/teegro.gob.mx\/sitio2025\/wp-json\/wp\/v2\/tags?post=12473"}],"curies":[{"name":"wp","href":"https:\/\/api.w.org\/{rel}","templated":true}]}}