{"id":12477,"date":"2021-04-24T14:49:18","date_gmt":"2021-04-24T19:49:18","guid":{"rendered":"https:\/\/teegro.gob.mx\/sitio2023\/?p=12477"},"modified":"2024-01-25T15:35:03","modified_gmt":"2024-01-25T21:35:03","slug":"vigesima-sexta-sesion-publica-de-resolucion-3","status":"publish","type":"post","link":"https:\/\/teegro.gob.mx\/sitio2025\/vigesima-sexta-sesion-publica-de-resolucion-3\/","title":{"rendered":"Vig\u00e9sima Sexta Sesi\u00f3n P\u00fablica de Resoluci\u00f3n"},"content":{"rendered":"<!-- VideographyWP Plugin Message: Automatic video embedding prevented by plugin options. -->\n\n<ul>\n<li><a href=\"https:\/\/teegro.gob.mx\/sitio2023\/wp-content\/uploads\/2021\/04\/lista25042021.pdf\">Orden del d\u00eda<\/a><\/li>\n<li><a href=\"https:\/\/teegro.gob.mx\/sitio2023\/wp-content\/uploads\/2021\/04\/comp25042021.pdf\">Complementaria<\/a><\/li>\n<li><a href=\"https:\/\/youtu.be\/4oaCweFjLRk?si=Q27k-RdGpEJnMiAH\">V\u00eddeo de la Sesi\u00f3n<\/a><\/li>\n<\/ul>\n<h3>Contenido<\/h3>\n<ul>\n<li>TEE\/JEC\/082\/2021 Acuerdo plenario &#8211; Samir Daniel \u00c1vila Bonilla<\/li>\n<li>TEE\/JEC\/044\/2021 Acuerdo plenario &#8211; Claudia Sierra P\u00e9rez<\/li>\n<li>TEE\/JEC\/096\/2021, TEE\/JEC\/097\/2021 y TEE\/JEC\/098\/2021, Acumulados. Acuerdo plenario &#8211; Rosa Isela Mendoza Valdez y otros<\/li>\n<li>TEE\/JEC\/103\/2021 Acuerdo plenario &#8211; Guadalupe Hern\u00e1ndez L\u00f3pez<\/li>\n<li>TEE\/JEC\/107\/2021 Acuerdo plenario &#8211; Susana de la Cruz Garc\u00eda<\/li>\n<\/ul>\n<p><strong>Complementaria<\/strong><\/p>\n<ul>\n<li>TEE\/PES\/013\/2021 &#8211; Representante Propietario del PRI, ante el Consejo General del IEPC<\/li>\n<\/ul>\n<h2><!--more--><\/h2>\n<h3><strong>TEE\/JEC\/082\/2021 Acuerdo plenario<\/strong><\/h3>\n<p><strong>Actor:<\/strong> Samir Daniel \u00c1vila Bonilla <\/p>\n<p><strong>Autoridad responsable:<\/strong> Comisi\u00f3n Nacional de Elecciones del Partido Pol\u00edtico Movimiento de Regeneraci\u00f3n Nacional<\/p>\n<p><strong>Descarga:<\/strong> <a href=\"https:\/\/teegro.gob.mx\/sitio2023\/wp-content\/uploads\/2021\/04\/TEE-JEC-082-2021-Acuerdo.pdf\">Descarga<\/a><\/p>\n<h3><strong>TEE\/JEC\/044\/2021 Acuerdo plenario<\/strong><\/h3>\n<p><strong>Actor:<\/strong> Claudia Sierra P\u00e9rez<\/p>\n<p><strong>Autoridad responsable:<\/strong> Comisi\u00f3n Nacional de Honestidad y Justicia de Morena<\/p>\n<p><strong>Descarga:<\/strong> <a href=\"https:\/\/teegro.gob.mx\/sitio2023\/wp-content\/uploads\/2021\/04\/TEE-JEC-044-2021-Acuerdo.pdf\">Descarga<\/a><\/p>\n<h3><strong>TEE\/<\/strong>JEC\/096\/2021, TEE\/JEC\/097\/2021 y TEE\/JEC\/098\/2021, Acumulados. Acuerdo plenario<\/h3>\n<p><strong>Actor:<\/strong> Rosa Isela Mendoza Valdez y otros<\/p>\n<p><strong>Autoridad responsable:<\/strong> Comisi\u00f3n Nacional de Elecciones de Morena<\/p>\n<p><strong>Descarga:<\/strong> <a href=\"https:\/\/teegro.gob.mx\/sitio2023\/wp-content\/uploads\/2021\/04\/TEE-JEC-096-2021-097-098-ACUMULADOS.pdf\">Descarga<\/a><\/p>\n<h3><strong>TEE\/JEC\/103\/2021 Acuerdo plenario<\/strong><\/h3>\n<p><strong>Actor:<\/strong> Guadalupe Hern\u00e1ndez L\u00f3pez<\/p>\n<p><strong>Autoridad responsable:<\/strong> Comisi\u00f3n Nacional de Elecciones de Morena y otros<\/p>\n<p><strong>Descarga:<\/strong> <a href=\"https:\/\/teegro.gob.mx\/sitio2023\/wp-content\/uploads\/2021\/04\/TEE-JEC-103-2021-Acuerdo.pdf\">Descarga<\/a><\/p>\n<h3><strong>TEE\/JEC\/107\/2021 Acuerdo plenario<\/strong><\/h3>\n<p><strong>Actor:<\/strong> Susana de la Cruz Garc\u00eda<\/p>\n<p><strong>Autoridad responsable:<\/strong> Comisi\u00f3n Nacional de Elecciones de Morena y otros<\/p>\n<p><strong>Descarga:<\/strong> <a href=\"https:\/\/teegro.gob.mx\/sitio2023\/wp-content\/uploads\/2021\/04\/TEE-JEC-107-2021-ACUERDO.pdf\">Descarga<\/a><\/p>\n<h3><strong>TEE\/PES\/013\/2021<\/strong><\/h3>\n<p><strong>Denunciante:<\/strong> Representante Propietario del PRI, ante el Consejo General del IEPC <\/p>\n<p><strong>Denunciado:<\/strong> J. Felix Salgado Macedonio, el Partido Morena en Guerrero y otras personas <\/p>\n<p><strong>Descarga:<\/strong> <a href=\"https:\/\/teegro.gob.mx\/sitio2023\/wp-content\/uploads\/2021\/04\/TEE-PES-013-2021.pdf\">Descarga<\/a><\/p>\n","protected":false},"excerpt":{"rendered":"<p>Orden del d\u00eda Complementaria V\u00eddeo de la Sesi\u00f3n Contenido TEE\/JEC\/082\/2021 Acuerdo plenario &#8211; Samir Daniel \u00c1vila Bonilla TEE\/JEC\/044\/2021 Acuerdo plenario &#8211; Claudia Sierra P\u00e9rez TEE\/JEC\/096\/2021, TEE\/JEC\/097\/2021 y TEE\/JEC\/098\/2021, Acumulados. Acuerdo plenario &#8211; Rosa Isela Mendoza Valdez y otros TEE\/JEC\/103\/2021 Acuerdo plenario &#8211; Guadalupe Hern\u00e1ndez L\u00f3pez TEE\/JEC\/107\/2021 Acuerdo plenario &#8211; Susana de la Cruz Garc\u00eda Complementaria [&hellip;]<\/p>\n","protected":false},"author":1,"featured_media":0,"comment_status":"open","ping_status":"open","sticky":false,"template":"","format":"standard","meta":{"_acf_changed":false,"footnotes":""},"categories":[210],"tags":[],"class_list":["post-12477","post","type-post","status-publish","format-standard","hentry","category-gaceta"],"acf":[],"_links":{"self":[{"href":"https:\/\/teegro.gob.mx\/sitio2025\/wp-json\/wp\/v2\/posts\/12477","targetHints":{"allow":["GET"]}}],"collection":[{"href":"https:\/\/teegro.gob.mx\/sitio2025\/wp-json\/wp\/v2\/posts"}],"about":[{"href":"https:\/\/teegro.gob.mx\/sitio2025\/wp-json\/wp\/v2\/types\/post"}],"author":[{"embeddable":true,"href":"https:\/\/teegro.gob.mx\/sitio2025\/wp-json\/wp\/v2\/users\/1"}],"replies":[{"embeddable":true,"href":"https:\/\/teegro.gob.mx\/sitio2025\/wp-json\/wp\/v2\/comments?post=12477"}],"version-history":[{"count":6,"href":"https:\/\/teegro.gob.mx\/sitio2025\/wp-json\/wp\/v2\/posts\/12477\/revisions"}],"predecessor-version":[{"id":12483,"href":"https:\/\/teegro.gob.mx\/sitio2025\/wp-json\/wp\/v2\/posts\/12477\/revisions\/12483"}],"wp:attachment":[{"href":"https:\/\/teegro.gob.mx\/sitio2025\/wp-json\/wp\/v2\/media?parent=12477"}],"wp:term":[{"taxonomy":"category","embeddable":true,"href":"https:\/\/teegro.gob.mx\/sitio2025\/wp-json\/wp\/v2\/categories?post=12477"},{"taxonomy":"post_tag","embeddable":true,"href":"https:\/\/teegro.gob.mx\/sitio2025\/wp-json\/wp\/v2\/tags?post=12477"}],"curies":[{"name":"wp","href":"https:\/\/api.w.org\/{rel}","templated":true}]}}