{"id":12484,"date":"2021-04-26T15:38:47","date_gmt":"2021-04-26T20:38:47","guid":{"rendered":"https:\/\/teegro.gob.mx\/sitio2023\/?p=12484"},"modified":"2024-01-25T16:37:10","modified_gmt":"2024-01-25T22:37:10","slug":"vigesima-septima-sesion-publica-de-resolucion-3","status":"publish","type":"post","link":"https:\/\/teegro.gob.mx\/sitio2025\/vigesima-septima-sesion-publica-de-resolucion-3\/","title":{"rendered":"Vig\u00e9sima S\u00e9ptima Sesi\u00f3n P\u00fablica de Resoluci\u00f3n"},"content":{"rendered":"<!-- VideographyWP Plugin Message: Automatic video embedding prevented by plugin options. -->\n\n<ul>\n<li><a href=\"https:\/\/teegro.gob.mx\/sitio2023\/wp-content\/uploads\/2021\/04\/lista-27042021.pdf\">Orden del d\u00eda<\/a><\/li>\n<li><a href=\"https:\/\/youtu.be\/lLzCn3hNwPk?si=_2F8fIzeOsg3p9br\">V\u00eddeo de la Sesi\u00f3n<\/a><\/li>\n<\/ul>\n<h3>Contenido<\/h3>\n<ul>\n<li>TEE\/JEC\/041\/2021 Acuerdo plenario -Salustio Garc\u00eda Dorantes<\/li>\n<li>TEE\/JEC\/092\/2021 Acuerdo plenario -Judith Hern\u00e1ndez Beatriz<\/li>\n<li>TEE\/JEC\/105\/2021 Acuerdo plenario -Gilberto Arcadio V\u00e1zquez<\/li>\n<li>TEE\/JEC\/108\/2021 Acuerdo plenario -Silvestre Soto Contreras<\/li>\n<li>TEE\/JEC\/109\/2021 Acuerdo plenario -Petronila Gatica Gonz\u00e1lez<\/li>\n<li>TEE\/JEC\/089\/2021 Acuerdo plenario -Rosa Morales L\u00f3pez y Francisco Rafael Moreno Bustos<\/li>\n<li>TEE\/JEC\/106\/2021 Acuerdo plenario &#8211; Rebeca Chino Aburto<\/li>\n<li>TEE\/JEC\/112\/2021 Acuerdo plenario &#8211; Lilia Jim\u00e9nez Cant\u00fa<\/li>\n<li>TEE\/JEC\/093\/2021 Acuerdo plenario &#8211; Celerino Rojas Morales<\/li>\n<li>TEE\/JEC\/094\/2021 Acuerdo plenario &#8211; Br\u00edgido Tenorio Alarc\u00f3n<\/li>\n<li>TEE\/JEC\/095\/2021 Acuerdo plenario &#8211; Glorai Ni\u00f1o G\u00f3mez<\/li>\n<li>TEE\/JEC\/083\/2021 Acuerdo plenario &#8211; Celestino Moreno R\u00edos<\/li>\n<li>TEE\/JEC\/099\/2021 Acuerdo plenario &#8211; Rodrigo Ariel Cortes Vivar<\/li>\n<li>TEE\/JEC\/100\/2021 Acuerdo plenario &#8211; Oliverio Goytia Dorantes<\/li>\n<li>TEE\/JEC\/111\/2021 Acuerdo plenario &#8211; Violeta Pastor S\u00e1nchez<\/li>\n<li>TEE\/JEC\/091\/2021,\u00a0TEE\/JEC\/104\/2021 y TEE\/JEC\/110\/2021 Acumulados Acuerdo plenario &#8211; Jessi Guti\u00e9rrez Rodr\u00edguez, Jos\u00e9 Luis Hern\u00e1ndez Rodr\u00edguez\u00a0 y Natividad Catal\u00e1n Manzanares<\/li>\n<li>TEE\/JEC\/113\/2021 Acuerdo plenario &#8211; Matilde Testa Garc\u00eda<\/li>\n<li>TEE\/JEC\/059\/2021 &#8211; Arturo Sol\u00eds Felipe<\/li>\n<li>TEE\/JEC\/066\/2021 &#8211; Coordinador de Etnia T\u00fa Un Savi en Representaci\u00f3n del Concejo Municipal Comunitario de Ayutla de los Libres, Guerrero<\/li>\n<li>TEE\/JEC\/056\/2021 &#8211; Isidro Remigio Cant\u00fa<\/li>\n<li>TEE\/LCT\/005\/2021 &#8211; Ver\u00f3nica Gardu\u00f1o Montoya<\/li>\n<\/ul>\n<h2><!--more--><\/h2>\n<h3><strong>TEE\/JEC\/041\/2021 Acuerdo plenario<\/strong><\/h3>\n<p><strong>Actor:<\/strong> Salustio Garc\u00eda Dorantes<\/p>\n<p><strong>Autoridad responsable:<\/strong> Comisi\u00f3n Nacional de Honestidad y Justicia de Morena<\/p>\n<p><strong>Descarga:<\/strong> <a href=\"https:\/\/teegro.gob.mx\/sitio2023\/wp-content\/uploads\/2021\/04\/TEE-JEC-041-2021-Acuerdo.pdf\">Descarga<\/a><\/p>\n<h3><strong>TEE\/JEC\/092\/2021 Acuerdo plenario<\/strong><\/h3>\n<p><strong>Actor:<\/strong> Judith Hern\u00e1ndez Beatriz<\/p>\n<p><strong>Autoridad responsable:<\/strong> Comisi\u00f3n Nacional de Elecciones y Comisi\u00f3n Nacional de Honestidad y Justicia de Morena<\/p>\n<p><strong>Descarga:<\/strong> <a href=\"https:\/\/teegro.gob.mx\/sitio2023\/wp-content\/uploads\/2021\/04\/TEE-JEC-092-2021-Acuerdo.pdf\">Descarga<\/a><\/p>\n<h3><strong>TEE\/JEC\/105\/2021 Acuerdo plenario<\/strong><\/h3>\n<p><strong>Actor:<\/strong> Gilberto Arcadio V\u00e1zquez<\/p>\n<p><strong>Autoridad responsable:<\/strong> Comisi\u00f3n Nacional de Elecciones de Morena<\/p>\n<p><strong>Descarga:<\/strong> <a href=\"https:\/\/teegro.gob.mx\/sitio2023\/wp-content\/uploads\/2021\/04\/TEE-JEC-105-2021-Acuerdo.pdf\">Descarga<\/a><\/p>\n<h3><strong>TEE\/JEC\/108\/2021 Acuerdo plenario<\/strong><\/h3>\n<p><strong>Actor:<\/strong> Silvestre Soto Contreras<\/p>\n<p><strong>Autoridad responsable:<\/strong> Comisi\u00f3n Nacional de Elecciones y Comisi\u00f3n Nacional de Honestidad y Justicia de Morena<\/p>\n<p><strong>Descarga:<\/strong> <a href=\"https:\/\/teegro.gob.mx\/sitio2023\/wp-content\/uploads\/2021\/04\/TEE-JEC-108-2021-Acuerdo.pdf\">Descarga<\/a><\/p>\n<h3><strong>TEE\/JEC\/109\/2021 Acuerdo plenario<\/strong><\/h3>\n<p><strong>Actor:<\/strong> Petronila Gatica Gonz\u00e1lez<\/p>\n<p><strong>Autoridad responsable:<\/strong> Comisi\u00f3n Nacional de Elecciones y Comisi\u00f3n Nacional de Honestidad y Justicia de Morena<\/p>\n<p><strong>Descarga:<\/strong> <a href=\"https:\/\/teegro.gob.mx\/sitio2023\/wp-content\/uploads\/2021\/04\/TEE-JEC-109-2021-Acuerdo.pdf\">Descarga<\/a><\/p>\n<h3><strong>TEE\/JEC\/089\/2021 Acuerdo plenario<\/strong><\/h3>\n<p><strong>Actor:<\/strong> Rosa Morales L\u00f3pez y Francisco Rafael Moreno Bustos<\/p>\n<p><strong>Autoridad responsable:<\/strong> Comisi\u00f3n Nacional de Elecciones de Morena<\/p>\n<p><strong>Descarga:<\/strong> <a href=\"https:\/\/teegro.gob.mx\/sitio2023\/wp-content\/uploads\/2021\/04\/TEE-JEC-089-2021-Acuerdo.pdf\">Descarga<\/a><\/p>\n<h3><strong>TEE\/JEC\/106\/2021 Acuerdo plenario<\/strong><\/h3>\n<p><strong>Actor:<\/strong> Rebeca Chino Aburto<\/p>\n<p><strong>Autoridad responsable:<\/strong> Comisi\u00f3n Nacional de Elecciones y Comisi\u00f3n Nacional de Honestidad y Justicia de Morena<\/p>\n<p><strong>Descarga:<\/strong> <a href=\"https:\/\/teegro.gob.mx\/sitio2023\/wp-content\/uploads\/2021\/04\/TEE-JEC-106-2021-Acuerdo.pdf\">Descarga<\/a><\/p>\n<h3><strong>TEE\/JEC\/112\/2021 Acuerdo plenario<\/strong><\/h3>\n<p><strong>Actor:<\/strong> Lilia Jim\u00e9nez Cant\u00fa<\/p>\n<p><strong>Autoridad responsable:<\/strong> Comit\u00e9 Ejecutivo Estatal de Morena en Guerrero<\/p>\n<p><strong>Descarga:<\/strong> <a href=\"https:\/\/teegro.gob.mx\/sitio2023\/wp-content\/uploads\/2021\/04\/TEE-JEC-112-2021-Acuerdo.pdf\">Descarga<\/a><\/p>\n<h3><strong>TEE\/JEC\/093\/2021 Acuerdo plenario<\/strong><\/h3>\n<p><strong>Actor:<\/strong> Celerino Rojas Morales<\/p>\n<p><strong>Autoridad responsable:<\/strong> Comisi\u00f3n Nacional de Elecciones de Morena<\/p>\n<p><strong>Descarga:<\/strong> <a href=\"https:\/\/teegro.gob.mx\/sitio2023\/wp-content\/uploads\/2021\/04\/TEE-JEC-093-2021-Acuerdo.pdf\">Descarga<\/a><\/p>\n<h3><strong>TEE\/JEC\/094\/2021 Acuerdo plenario<\/strong><\/h3>\n<p><strong>Actor:<\/strong> Br\u00edgido Tenorio Alarc\u00f3n<\/p>\n<p><strong>Autoridad responsable:<\/strong> Comisi\u00f3n Nacional de Elecciones de Morena<\/p>\n<p><strong>Descarga:<\/strong> <a href=\"https:\/\/teegro.gob.mx\/sitio2023\/wp-content\/uploads\/2021\/04\/TEE-JEC-094-2021-Acuerdo.pdf\">Descarga<\/a><\/p>\n<h3><strong>TEE\/JEC\/095\/2021 Acuerdo plenario<\/strong><\/h3>\n<p><strong>Actor:<\/strong> Gloria Ni\u00f1o G\u00f3mez<\/p>\n<p><strong>Autoridad responsable:<\/strong> Comisi\u00f3n Nacional de Elecciones de Morena<\/p>\n<p><strong>Descarga:<\/strong> <a href=\"https:\/\/teegro.gob.mx\/sitio2023\/wp-content\/uploads\/2021\/04\/TEE-JEC-095-2021-Acuerdo.pdf\">Descarga<\/a><\/p>\n<h3><strong>TEE\/JEC\/083\/2021 Acuerdo plenario<\/strong><\/h3>\n<p><strong>Actor:<\/strong> Celestino Moreno R\u00edos<\/p>\n<p><strong>Autoridad responsable:<\/strong> Comisi\u00f3n Nacional de Elecciones de Morena<\/p>\n<p><strong>Descarga:<\/strong> <a href=\"https:\/\/teegro.gob.mx\/sitio2023\/wp-content\/uploads\/2021\/04\/TEE-JEC-083-2021-Acuerdo.pdf\">Descarga<\/a><\/p>\n<h3><strong>TEE\/JEC\/099\/2021 Acuerdo plenario<\/strong><\/h3>\n<p><strong>Actor:<\/strong> Rodrigo Ariel Cortes Vivar<\/p>\n<p><strong>Autoridad responsable:<\/strong> Comisi\u00f3n Nacional de Honestidad y Justicia de Morena y otras<\/p>\n<p><strong>Descarga:<\/strong> <a href=\"https:\/\/teegro.gob.mx\/sitio2023\/wp-content\/uploads\/2021\/04\/TEE-JEC-099-2021-Acuerdo.pdf\">Descarga<\/a><\/p>\n<h3><strong>TEE\/JEC\/100\/2021 Acuerdo plenario<\/strong><\/h3>\n<p><strong>Actor:<\/strong> Oliverio Goytia Dorantes<\/p>\n<p><strong>Autoridad responsable:<\/strong> Comisi\u00f3n Nacional de Elecciones de Morena<\/p>\n<p><strong>Descarga:<\/strong> <a href=\"https:\/\/teegro.gob.mx\/sitio2023\/wp-content\/uploads\/2021\/04\/TEE-JEC-100-2021-Acuerdo.pdf\">Descarga<\/a><\/p>\n<h3><strong>TEE\/JEC\/111\/2021 Acuerdo plenario<\/strong><\/h3>\n<p><strong>Actor:<\/strong> Violeta Pastor S\u00e1nchez<\/p>\n<p><strong>Autoridad responsable:<\/strong> Comisi\u00f3n Nacional de Elecciones de Morena<\/p>\n<p><strong>Descarga:<\/strong> <a href=\"https:\/\/teegro.gob.mx\/sitio2023\/wp-content\/uploads\/2021\/04\/TEE-JEC-111-2021-Acuerdo.pdf\">Descarga<\/a><\/p>\n<h3><strong>TEE\/<\/strong>JEC\/091\/2021,\u00a0TEE\/JEC\/104\/2021 y TEE\/JEC\/110\/2021 Acumulados Acuerdo plenario<\/h3>\n<p><strong>Actor:<\/strong> Jessi Guti\u00e9rrez Rodr\u00edguez, Jos\u00e9 Luis Hern\u00e1ndez Rodr\u00edguez\u00a0 y Natividad Catal\u00e1n Manzanares<\/p>\n<p><strong>Autoridad responsable:<\/strong> Comisi\u00f3n Nacional de Elecciones de Morena<\/p>\n<p><strong>Descarga:<\/strong> <a href=\"https:\/\/teegro.gob.mx\/sitio2023\/wp-content\/uploads\/2021\/04\/TEE-JEC-091-2021_Acum_Acuerdo.pdf\">Descarga<\/a><\/p>\n<h3><strong>TEE\/JEC\/113\/2021 Acuerdo plenario<\/strong><\/h3>\n<p><strong>Actor:<\/strong> Matilde Testa Garc\u00eda<\/p>\n<p><strong>Autoridad responsable:<\/strong> Comisi\u00f3n Nacional de Elecciones de Morena y otras<\/p>\n<p><strong>Descarga:<\/strong> <a href=\"https:\/\/teegro.gob.mx\/sitio2023\/wp-content\/uploads\/2021\/04\/TEE-JEC-113-2021-Acuerdo.pdf\">Descarga<\/a><\/p>\n<h3><strong>TEE\/JEC\/059\/2021<\/strong><\/h3>\n<p><strong>Actor:<\/strong> Arturo Sol\u00eds Felipe\u00a0<\/p>\n<p><strong>Autoridad responsable:<\/strong> LXII Legislatura del Congreso del Estado Libre y Soberano de Guerrero<\/p>\n<p><strong>Descarga:<\/strong> <a href=\"https:\/\/teegro.gob.mx\/sitio2023\/wp-content\/uploads\/2021\/04\/TEE-JEC-059-2021.pdf\">Descarga<\/a><\/p>\n<h3><strong>TEE\/JEC\/066\/2020<\/strong><\/h3>\n<p><strong>Actor:<\/strong> Coordinador de Etnia T\u00fa Un Savi en Representaci\u00f3n del Concejo Municipal Comunitario de Ayutla de los Libres, Guerrero<\/p>\n<p><strong>Autoridad responsable:<\/strong> Concejo Municipal Comunitario de Ayutla de los Libres, Guerrero<\/p>\n<p><strong>Descarga:<\/strong> <a href=\"https:\/\/teegro.gob.mx\/sitio2023\/wp-content\/uploads\/2021\/04\/TEE-JEC-066-2020-Incidente.pdf\">Descarga<\/a><\/p>\n<h3><strong>TEE\/JEC\/056\/2021<\/strong><\/h3>\n<p><strong>Actor:<\/strong> Isidro Remigio Cant\u00fa<\/p>\n<p><strong>Autoridad responsable:<\/strong> Asamblea Municipal de Representantes de Ayutla de los Libres, Guerrero<\/p>\n<p><strong>Descarga:<\/strong> <a href=\"https:\/\/teegro.gob.mx\/sitio2023\/wp-content\/uploads\/2021\/04\/TEE-JEC-056-2021.pdf\">Descarga<\/a><\/p>\n<h3><strong>TEE\/LCT\/005\/2021<\/strong><\/h3>\n<p><strong>Actor:<\/strong> Ver\u00f3nica Gardu\u00f1o Montoya<\/p>\n<p><strong>Autoridad responsable:<\/strong> Tribunal Electoral del Estado de Guerrero<\/p>\n","protected":false},"excerpt":{"rendered":"<p>Orden del d\u00eda V\u00eddeo de la Sesi\u00f3n Contenido TEE\/JEC\/041\/2021 Acuerdo plenario -Salustio Garc\u00eda Dorantes TEE\/JEC\/092\/2021 Acuerdo plenario -Judith Hern\u00e1ndez Beatriz TEE\/JEC\/105\/2021 Acuerdo plenario -Gilberto Arcadio V\u00e1zquez TEE\/JEC\/108\/2021 Acuerdo plenario -Silvestre Soto Contreras TEE\/JEC\/109\/2021 Acuerdo plenario -Petronila Gatica Gonz\u00e1lez TEE\/JEC\/089\/2021 Acuerdo plenario -Rosa Morales L\u00f3pez y Francisco Rafael Moreno Bustos TEE\/JEC\/106\/2021 Acuerdo plenario &#8211; Rebeca Chino [&hellip;]<\/p>\n","protected":false},"author":1,"featured_media":0,"comment_status":"open","ping_status":"open","sticky":false,"template":"","format":"standard","meta":{"_acf_changed":false,"footnotes":""},"categories":[210],"tags":[],"class_list":["post-12484","post","type-post","status-publish","format-standard","hentry","category-gaceta"],"acf":[],"_links":{"self":[{"href":"https:\/\/teegro.gob.mx\/sitio2025\/wp-json\/wp\/v2\/posts\/12484","targetHints":{"allow":["GET"]}}],"collection":[{"href":"https:\/\/teegro.gob.mx\/sitio2025\/wp-json\/wp\/v2\/posts"}],"about":[{"href":"https:\/\/teegro.gob.mx\/sitio2025\/wp-json\/wp\/v2\/types\/post"}],"author":[{"embeddable":true,"href":"https:\/\/teegro.gob.mx\/sitio2025\/wp-json\/wp\/v2\/users\/1"}],"replies":[{"embeddable":true,"href":"https:\/\/teegro.gob.mx\/sitio2025\/wp-json\/wp\/v2\/comments?post=12484"}],"version-history":[{"count":17,"href":"https:\/\/teegro.gob.mx\/sitio2025\/wp-json\/wp\/v2\/posts\/12484\/revisions"}],"predecessor-version":[{"id":12501,"href":"https:\/\/teegro.gob.mx\/sitio2025\/wp-json\/wp\/v2\/posts\/12484\/revisions\/12501"}],"wp:attachment":[{"href":"https:\/\/teegro.gob.mx\/sitio2025\/wp-json\/wp\/v2\/media?parent=12484"}],"wp:term":[{"taxonomy":"category","embeddable":true,"href":"https:\/\/teegro.gob.mx\/sitio2025\/wp-json\/wp\/v2\/categories?post=12484"},{"taxonomy":"post_tag","embeddable":true,"href":"https:\/\/teegro.gob.mx\/sitio2025\/wp-json\/wp\/v2\/tags?post=12484"}],"curies":[{"name":"wp","href":"https:\/\/api.w.org\/{rel}","templated":true}]}}