{"id":12516,"date":"2021-05-03T11:17:00","date_gmt":"2021-05-03T16:17:00","guid":{"rendered":"https:\/\/teegro.gob.mx\/sitio2023\/?p=12516"},"modified":"2024-01-29T12:15:42","modified_gmt":"2024-01-29T18:15:42","slug":"vigesima-novena-sesion-publica-de-resolucion-3","status":"publish","type":"post","link":"https:\/\/teegro.gob.mx\/sitio2025\/vigesima-novena-sesion-publica-de-resolucion-3\/","title":{"rendered":"Vig\u00e9sima Novena Sesi\u00f3n P\u00fablica de Resoluci\u00f3n"},"content":{"rendered":"<!-- VideographyWP Plugin Message: Automatic video embedding prevented by plugin options. -->\n\n<ul>\n<li><a href=\"https:\/\/teegro.gob.mx\/inicio\/wp-content\/uploads\/2021\/05\/lista_04052021_.pdf\">Orden del d\u00eda<\/a><\/li>\n<li><a href=\"https:\/\/youtu.be\/Z5RnvCuR6Pk?si=pYSYO6vQj_RyXTaG\">V\u00eddeo de la Sesi\u00f3n<\/a><\/li>\n<\/ul>\n<h3>Contenido<\/h3>\n<ul>\n<li>TEE\/PES\/011\/2021 <strong>Acuerdo plenario<\/strong> &#8211; Representante Suplente del Partido Revolucionario Institucional ante el Consejo Distrital Electoral 21<\/li>\n<li>TEE\/JEC\/061\/2021 <strong>Acuerdo plenario<\/strong> &#8211; Juan Carlos P\u00e9rez Gonz\u00e1lez, Mar\u00eda F\u00e9lix Blanco Garc\u00eda, In\u00e9s R\u00edos Dom\u00ednguez y Eder Clemente Ju\u00e1rez M\u00e9ndez<\/li>\n<li>TEE\/JEC\/067\/2021&nbsp;<strong>Acuerdo plenario<\/strong> &#8211; Miguel Santiago Lorenzo<\/li>\n<li>TEE\/JEC\/071\/2021 <strong>Acuerdo plenario<\/strong> &#8211; V\u00edctor Jord\u00e1n \u00c1lvarez<\/li>\n<li>TEE\/JEC\/072\/2021 <strong>Acuerdo plenario<\/strong> &#8211; Irving Misael Jord\u00e1n Bello<\/li>\n<li>TEE\/JEC\/081\/2021 <strong>Acuerdo plenario<\/strong> &#8211; Bol\u00edvar Garc\u00eda Herrera<\/li>\n<li>TEE\/AG\/002\/2021 <strong>Acuerdo plenario<\/strong> &#8211; Unidad T\u00e9cnica de lo Contencioso Electoral de la Secretar\u00eda Ejecutiva del Instituto Nacional Electoral<\/li>\n<li>TEE\/JEC\/114\/2021 <strong>Acuerdo plenario<\/strong> &#8211; Patricia Paulina Ventura<\/li>\n<li>TEE\/JEC\/118\/2021 <strong>Acuerdo plenario<\/strong> &#8211; Juan Garc\u00eda Cano<\/li>\n<li>TEE\/JEC\/123\/2021 <strong>Acuerdo plenario<\/strong> &#8211; Pedro Trujillo Palacios<\/li>\n<li>TEE\/JEC\/063\/2021 <strong>Acuerdo plenario<\/strong> &#8211; Tania Berenice Vargas Romero<\/li>\n<li>TEE\/JEC\/074\/2021 <strong>Acuerdo plenario<\/strong> &#8211; Olga Baz\u00e1n Gonz\u00e1lez<\/li>\n<li>TEE\/JEC\/083\/2021 <strong>Acuerdo plenario<\/strong> &#8211; Celestino Moreno R\u00edos<\/li>\n<li>TEE\/JEC\/100\/2021 <strong>Acuerdo plenario<\/strong> &#8211; A. Oliverio Goytia Dorantes<\/li>\n<li>TEE\/JEC\/119\/2021 <strong>Acuerdo plenario<\/strong> &#8211; Natividad Catal\u00e1n Manzanares<\/li>\n<li>TEE\/JEC\/120\/2021 <strong>Acuerdo plenario<\/strong> &#8211; Crisp\u00edn Garc\u00eda Hern\u00e1ndez<\/li>\n<li>TEE\/PES\/005\/2020 <strong>Acuerdo plenario<\/strong> &#8211; Eleazar Mar\u00edn Quebrado<\/li>\n<li>TEE\/JEC\/088\/2021 &#8211; \u00c1ngel Basurto Ortega<\/li>\n<li>TEE\/JEC\/101\/2021 &#8211; Mar\u00eda Ver\u00f3nica Pi\u00f1a Garc\u00eda<\/li>\n<li>TEE\/RAP\/012\/2021 &#8211; Representante del Partido de la Revoluci\u00f3n Democr\u00e1tica<\/li>\n<li>TEE\/JEC\/028\/2021 &#8211; Isidro Remigio Cant\u00fa<\/li>\n<li>TEE\/JEC\/054\/2021 &#8211; Rogoberto Ramos Romero y Gabriel Fernando Ram\u00edrez Ram\u00edrez<\/li>\n<li>TEE\/JEC\/057\/2021 &#8211; Felicitas Mart\u00ednez Solano<\/li>\n<li>TEE\/JEC\/090\/2021 &#8211; Erika Valencia Cardona<\/li>\n<li>TEE\/RAP\/014\/2021 y TEE\/JEC\/122\/2021 Acumulados &#8211; Daniel Meza Loeza<\/li>\n<li>TEE\/JEC\/070\/2021 &#8211; Ernesto Fidele Payan Cortinas<\/li>\n<li>TEE\/JEC\/115\/2021 y TEE\/JEC\/116\/2021 Acumulados &#8211; Salustio Garc\u00eda Dorantes y Claudia Sierra P\u00e9rez<\/li>\n<li>TEE\/JEC\/133\/2021 &#8211; Yadira Fabiola Nieto D\u00edaz<\/li>\n<li>TEE\/JEC\/140\/2021 &#8211; Samuel Ant\u00fanez Pav\u00f3n<\/li>\n<\/ul>\n<h2><!--more--><\/h2>\n<h3><strong>TEE\/PES\/011\/2021 Acuerdo plenario<\/strong><\/h3>\n<p><strong>Denunciante:<\/strong> Representante Suplente del Partido Revolucionario Institucional ante el Consejo Distrital Electoral 21<\/p>\n<p><strong>Denunciado:<\/strong> Marcos Efr\u00e9n Parra G\u00f3mez<\/p>\n<p><strong>Descarga:<\/strong> <a href=\"https:\/\/teegro.gob.mx\/inicio\/wp-content\/uploads\/2021\/05\/TEE-PES-011-2021-Acuerdo.pdf\">Descarga<\/a><\/p>\n<h3><strong>TEE\/JEC\/061\/2021 Acuerdo plenario<\/strong><\/h3>\n<p><strong>Actor:<\/strong> Juan Carlos P\u00e9rez Gonz\u00e1lez, Mar\u00eda F\u00e9lix Blanco Garc\u00eda, In\u00e9s R\u00edos Dom\u00ednguez y Eder Clemente Ju\u00e1rez M\u00e9ndez<\/p>\n<p><strong>Autoridad responsable:<\/strong> Comisi\u00f3n Nacional de Elecciones de Morena<\/p>\n<p><strong>Descarga:<\/strong> <a href=\"https:\/\/teegro.gob.mx\/inicio\/wp-content\/uploads\/2021\/05\/TEE-JEC-061-2021-Acuerdo.pdf\">Descarga<\/a><\/p>\n<h3><strong>TEE\/JEC\/067\/2021&nbsp;Acuerdo plenario<\/strong><\/h3>\n<p><strong>Actor:<\/strong> Miguel Santiago Lorenzo<\/p>\n<p><strong>Autoridad responsable:<\/strong> Comisi\u00f3n Nacional de Elecciones de Morena<\/p>\n<p><strong>Descarga:<\/strong> <a href=\"https:\/\/teegro.gob.mx\/inicio\/wp-content\/uploads\/2021\/05\/TEE-JEC-067-2021-Acuerdo.pdf\">Descarga<\/a><\/p>\n<h3><strong>TEE\/JEC\/071\/2021 Acuerdo plenario<\/strong><\/h3>\n<p><strong>Actor:<\/strong> V\u00edctor Jord\u00e1n \u00c1lvarez<\/p>\n<p><strong>Autoridad responsable:<\/strong> Comisi\u00f3n Nacional de Elecciones de Morena<\/p>\n<p><strong>Descarga:<\/strong> <a href=\"https:\/\/teegro.gob.mx\/inicio\/wp-content\/uploads\/2021\/05\/TEE-JEC-071-2021-Acuerdo.pdf\">Descarga<\/a><\/p>\n<h3><strong>TEE\/JEC\/072\/2021 Acuerdo plenario<\/strong><\/h3>\n<p><strong>Actor:<\/strong> Irving Misael Jord\u00e1n Bello<\/p>\n<p><strong>Autoridad responsable:<\/strong> Comisi\u00f3n Nacional de Elecciones de Morena<\/p>\n<p><strong>Descarga:<\/strong> <a href=\"https:\/\/teegro.gob.mx\/inicio\/wp-content\/uploads\/2021\/05\/TEE-JEC-072-2021-Acuerdo.pdf\">Descarga<\/a><\/p>\n<h3><strong>TEE\/JEC\/081\/2021 Acuerdo plenario<\/strong><\/h3>\n<p><strong>Actor:<\/strong> Bol\u00edvar Garc\u00eda Herrera<\/p>\n<p><strong>Autoridad responsable:<\/strong> Comisi\u00f3n Nacional de Elecciones de Morena<\/p>\n<p><strong>Descarga:<\/strong> <a href=\"https:\/\/teegro.gob.mx\/inicio\/wp-content\/uploads\/2021\/05\/TEE-JEC-081-2021-Acuerdo.pdf\">Descarga<\/a><\/p>\n<h3><strong>TEE\/AG\/002\/2021 Acuerdo plenario<\/strong><\/h3>\n<p><strong>Actor:<\/strong> Unidad T\u00e9cnica de lo Contencioso Electoral de la Secretar\u00eda Ejecutiva del Instituto Nacional Electoral<\/p>\n<p><strong>Autoridad responsable:<\/strong> \u00d3rgano de Justicia de Morena<\/p>\n<p><strong>Descarga:<\/strong> Retirado<\/p>\n<h3><strong>TEE\/JEC\/114\/2021 Acuerdo plenario<\/strong><\/h3>\n<p><strong>Actor:<\/strong> Patricia Paulina Ventura<\/p>\n<p><strong>Autoridad responsable:<\/strong> Comit\u00e9 Ejecutivo Estatal de Morena<\/p>\n<p><strong>Descarga:<\/strong> <a href=\"https:\/\/teegro.gob.mx\/inicio\/wp-content\/uploads\/2021\/05\/TEE-JEC-114-2021-Acuerdo.pdf\">Descarga<\/a><\/p>\n<h3><strong>TEE\/JEC\/118\/2021 Acuerdo plenario<\/strong><\/h3>\n<p><strong>Actor:<\/strong> Juan Garc\u00eda Cano<\/p>\n<p><strong>Autoridad responsable:<\/strong> Comisi\u00f3n Nacional de Elecciones de Morena<\/p>\n<p><strong>Descarga:<\/strong> <a href=\"https:\/\/teegro.gob.mx\/inicio\/wp-content\/uploads\/2021\/05\/TEE-JEC-118-2021-Acuerdo.pdf\">Descarga<\/a><\/p>\n<h3><strong>TEE\/JEC\/123\/2021 Acuerdo plenario&nbsp;<\/strong><\/h3>\n<p><strong>Actor:<\/strong> Pedro Trujillo Palacios<\/p>\n<p><strong>Autoridad responsable:<\/strong> Comisi\u00f3n Nacional de Honestidad y Justicia de Morena<\/p>\n<p><strong>Descarga:<\/strong> <a href=\"https:\/\/teegro.gob.mx\/inicio\/wp-content\/uploads\/2021\/05\/TEE-JEC-123-2021-Acuerdo.pdf\">Descarga<\/a><\/p>\n<h3><strong>TEE\/JEC\/063\/2021 Acuerdo plenario<\/strong><\/h3>\n<p><strong>Actor:<\/strong> Tania Berenice Vargas Romero<\/p>\n<p><strong>Autoridad responsable:<\/strong> Comit\u00e9 Ejecutivo Estatal de Morena<\/p>\n<p><strong>Descarga:<\/strong> <a href=\"https:\/\/teegro.gob.mx\/inicio\/wp-content\/uploads\/2021\/05\/TEE-JEC-063-2021-Acuerdo.pdf\">Descarga<\/a><\/p>\n<h3><strong>TEE\/JEC\/074\/2021 Acuerdo plenario<\/strong><\/h3>\n<p><strong>Actor:<\/strong> Olga Baz\u00e1n Gonz\u00e1lez<\/p>\n<p><strong>Autoridad responsable:<\/strong> Comit\u00e9 Ejecutivo Nacional, Comisi\u00f3n Nacional de Elecciones y Comit\u00e9 Ejecutivo Estatal de Morena<\/p>\n<p><strong>Descarga:<\/strong> <a href=\"https:\/\/teegro.gob.mx\/inicio\/wp-content\/uploads\/2021\/05\/TEE-JEC-074-2021-Acuerdo.pdf\">Descarga<\/a><\/p>\n<h3><strong>TEE\/JEC\/083\/2021 Acuerdo plenario<\/strong><\/h3>\n<p><strong>Actor:<\/strong> Celestino Moreno R\u00edos<\/p>\n<p><strong>Autoridad responsable:<\/strong> Comisi\u00f3n Nacional de Elecciones de Morena<\/p>\n<p><strong>Descarga:<\/strong> <a href=\"https:\/\/teegro.gob.mx\/inicio\/wp-content\/uploads\/2021\/05\/TEE-JEC-083-2021-Acuerdo.pdf\">Descarga<\/a><\/p>\n<h3><strong>TEE\/JEC\/100\/2021 Acuerdo plenario<\/strong><\/h3>\n<p><strong>Actor:<\/strong> A. Oliverio Goytia Dorantes<\/p>\n<p><strong>Autoridad responsable:<\/strong> Comisi\u00f3n Nacional de Elecciones de Morena<\/p>\n<p><strong>Descarga:<\/strong> <a href=\"https:\/\/teegro.gob.mx\/inicio\/wp-content\/uploads\/2021\/05\/TEE-JEC-100-2021-Acuerdo.pdf\">Descarga<\/a><\/p>\n<h3><strong>TEE\/JEC\/119\/2021 Acuerdo plenario<\/strong><\/h3>\n<p><strong>Actor:<\/strong> Natividad Catal\u00e1n Manzanares<\/p>\n<p><strong>Autoridad responsable:<\/strong> Comisi\u00f3n Nacional de Elecciones de Morena<\/p>\n<p><strong>Descarga:<\/strong> <a href=\"https:\/\/teegro.gob.mx\/inicio\/wp-content\/uploads\/2021\/05\/TEE-JEC-119-2021-Acuerdo.pdf\">Descarga<\/a><\/p>\n<h3><strong>TEE\/JEC\/120\/2021 Acuerdo plenario<\/strong><\/h3>\n<p><strong>Actor:<\/strong> Crisp\u00edn Garc\u00eda Hern\u00e1ndez<\/p>\n<p><strong>Autoridad responsable:<\/strong> Comisi\u00f3n Nacional de Elecciones de Morena<\/p>\n<p><strong>Descarga:<\/strong> <a href=\"https:\/\/teegro.gob.mx\/inicio\/wp-content\/uploads\/2021\/05\/TEE-JEC-120-2021-Acuerdo-1.pdf\">Descarga<\/a><\/p>\n<h3><strong>TEE\/PES\/005\/2020 Acuerdo plenario<\/strong><\/h3>\n<p><strong>Denunciante:<\/strong> Eleazar Mar\u00edn Quebrado<\/p>\n<p><strong>Denunciado:<\/strong> Efr\u00e9n \u00c1ngel Romero Sotelo, Fernando Javier Cuevas Ortiz y Gerardo Rend\u00f3n Ju\u00e1rez<\/p>\n<p><strong>Descarga:<\/strong> <a href=\"https:\/\/teegro.gob.mx\/inicio\/wp-content\/uploads\/2021\/05\/TEE-PES-005-2020-Acuerdo.pdf\">Descarga<\/a><\/p>\n<h3><strong>TEE\/JEC\/088\/2021<\/strong><\/h3>\n<p><strong>Actor:<\/strong> \u00c1ngel Basurto Ortega<\/p>\n<p><strong>Autoridad responsable:<\/strong> Comisi\u00f3n Nacional de Honestidad y Justicia de Morena<\/p>\n<p><strong>Descarga:<\/strong> <a href=\"https:\/\/teegro.gob.mx\/inicio\/wp-content\/uploads\/2021\/05\/TEE-JEC-088-2021.pdf\">Descarga<\/a><\/p>\n<h3><strong>TEE\/JEC\/101\/2021<\/strong><\/h3>\n<p><strong>Actor:<\/strong> Mar\u00eda Ver\u00f3nica Pi\u00f1a Garc\u00eda<\/p>\n<p><strong>Autoridad responsable:<\/strong> Comisi\u00f3n Nacional de Honestidad y Justicia de Morena<\/p>\n<p><strong>Descarga:<\/strong> <a href=\"https:\/\/teegro.gob.mx\/inicio\/wp-content\/uploads\/2021\/05\/TEE-JEC-101-2021-1.pdf\">Descarga<\/a><\/p>\n<h3><strong>TEE\/RAP\/012\/2021<\/strong><\/h3>\n<p><strong>Actor:<\/strong> Representante del Partido de la Revoluci\u00f3n Democr\u00e1tica<\/p>\n<p><strong>Autoridad responsable:<\/strong> Consejo General del Instituto Electoral y de Participaci\u00f3n Ciudadana del Estado de Guerrero<\/p>\n<p><strong>Descarga:<\/strong> <a href=\"https:\/\/teegro.gob.mx\/inicio\/wp-content\/uploads\/2021\/05\/TEE-RAP-012-2021.pdf\">Descarga<\/a><\/p>\n<h3><strong>TEE\/JEC\/028\/2021<\/strong><\/h3>\n<p><strong>Actor:<\/strong> Isidro Remigio Cant\u00fa<\/p>\n<p><strong>Autoridad responsable:<\/strong> Concejo Municipal Comunitario de Ayutla de los Libres, Guerrero<\/p>\n<p><strong>Descarga:<\/strong> <a href=\"https:\/\/teegro.gob.mx\/inicio\/wp-content\/uploads\/2021\/05\/TEE-JEC-028-2021.pdf\">Descarga<\/a><\/p>\n<h3><strong>TEE\/JEC\/054\/2021<\/strong><\/h3>\n<p><strong>Actor:<\/strong> Rogoberto Ramos Romero y Gabriel Fernando Ram\u00edrez Ram\u00edrez<\/p>\n<p><strong>Autoridad responsable:<\/strong> Consejo General del Instituto Electoral y de Participaci\u00f3n Ciudadana del Estado de Guerrero <\/p>\n<p><strong>Descarga:<\/strong> Retirado<\/p>\n<h3><strong>TEE\/JEC\/057\/2021<\/strong><\/h3>\n<p><strong>Actor:<\/strong> Felicitas Mart\u00ednez Solano<\/p>\n<p><strong>Autoridad responsable:<\/strong> Comisi\u00f3n Nacional de Honestidad y Justicia de Morena<\/p>\n<p><strong>Descarga:<\/strong> <a href=\"https:\/\/teegro.gob.mx\/inicio\/wp-content\/uploads\/2021\/05\/TEE-JEC-057-2021.pdf\">Descarga<\/a><\/p>\n<h3><strong>TEE\/JEC\/090\/2021<\/strong><\/h3>\n<p><strong>Actor:<\/strong> Erika Valencia Cardona<\/p>\n<p><strong>Autoridad responsable:<\/strong> Comisi\u00f3n Nacional de Honestidad y Justicia de Morena<\/p>\n<p><strong>Descarga:<\/strong> <a href=\"https:\/\/teegro.gob.mx\/inicio\/wp-content\/uploads\/2021\/05\/TEE-JEC-090-2021.pdf\">Descarga<\/a><\/p>\n<h3><strong>TEE\/RAP\/014\/2021 y TEE\/JEC\/122\/2021 Acumulados<\/strong><\/h3>\n<p><strong>Actor:<\/strong> Daniel Meza Loeza<\/p>\n<p><strong>Autoridad responsable:<\/strong> Secretario Ejecutivo del Consejo General del Instituto Electoral y de Participaci\u00f3n Ciudadana del Estado de Guerrero<\/p>\n<p><strong>Descarga:<\/strong> <a href=\"https:\/\/teegro.gob.mx\/inicio\/wp-content\/uploads\/2021\/05\/TEE-RAP-014-2021-Y-TEE-JEC-122-2021-ACUMULADO.pdf\">Descarga<\/a><\/p>\n<h3><strong>TEE\/JEC\/070\/2021<\/strong><\/h3>\n<p><strong>Actor:<\/strong> Ernesto Fidele Payan Cortinas<\/p>\n<p><strong>Autoridad responsable:<\/strong> Comisi\u00f3n Nacional de Honestidad y Justicia de Morena<\/p>\n<p><strong>Descarga:<\/strong> <a href=\"https:\/\/teegro.gob.mx\/inicio\/wp-content\/uploads\/2021\/05\/TEE-JEC-070-2021.pdf\">Descarga<\/a><\/p>\n<h3><strong>TEE\/JEC\/115\/2021 y TEE\/JEC\/116\/2021 Acumulados<\/strong><\/h3>\n<p><strong>Actor:<\/strong> Salustio Garc\u00eda Dorantes y Claudia Sierra P\u00e9rez<\/p>\n<p><strong>Autoridad responsable:<\/strong> Consejo General del Instituto Electoral y de Participaci\u00f3n Ciudadana del Estado de Guerrero<\/p>\n<p><strong>Descarga:<\/strong> <a href=\"https:\/\/teegro.gob.mx\/inicio\/wp-content\/uploads\/2021\/05\/TEE-JEC-115-2021-Y-TEE-JEC-116-2021-ACUMULADOS.pdf\">Descarga<\/a><\/p>\n<h3><strong>TEE\/JEC\/133\/2021<\/strong><\/h3>\n<p><strong>Actor:<\/strong> Yadira Fabiola Nieto D\u00edaz<\/p>\n<p><strong>Autoridad responsable:<\/strong> Consejo General del Instituto Electoral y de Participaci\u00f3n Ciudadana del Estado de Guerrero <\/p>\n<p><strong>Descarga:<\/strong> <a href=\"https:\/\/teegro.gob.mx\/inicio\/wp-content\/uploads\/2021\/05\/TEE-JEC-133-2021.pdf\">Descarga<\/a><\/p>\n<h3><strong>TEE\/JEC\/140\/2021<\/strong><\/h3>\n<p><strong>Actor:<\/strong> Samuel Ant\u00fanez Pav\u00f3n<\/p>\n<p><strong>Autoridad responsable:<\/strong> Consejo General del Instituto Electoral y de Participaci\u00f3n Ciudadana del Estado de Guerrero<\/p>\n<p><strong>Descarga:<\/strong> <a href=\"https:\/\/teegro.gob.mx\/inicio\/wp-content\/uploads\/2021\/05\/TEE-JEC-140-2021.pdf\">Descarga<\/a><\/p>\n","protected":false},"excerpt":{"rendered":"<p>Orden del d\u00eda V\u00eddeo de la Sesi\u00f3n Contenido TEE\/PES\/011\/2021 Acuerdo plenario &#8211; Representante Suplente del Partido Revolucionario Institucional ante el Consejo Distrital Electoral 21 TEE\/JEC\/061\/2021 Acuerdo plenario &#8211; Juan Carlos P\u00e9rez Gonz\u00e1lez, Mar\u00eda F\u00e9lix Blanco Garc\u00eda, In\u00e9s R\u00edos Dom\u00ednguez y Eder Clemente Ju\u00e1rez M\u00e9ndez TEE\/JEC\/067\/2021&nbsp;Acuerdo plenario &#8211; Miguel Santiago Lorenzo TEE\/JEC\/071\/2021 Acuerdo plenario &#8211; V\u00edctor [&hellip;]<\/p>\n","protected":false},"author":1,"featured_media":0,"comment_status":"open","ping_status":"open","sticky":false,"template":"","format":"standard","meta":{"_acf_changed":false,"footnotes":""},"categories":[210],"tags":[],"class_list":["post-12516","post","type-post","status-publish","format-standard","hentry","category-gaceta"],"acf":[],"_links":{"self":[{"href":"https:\/\/teegro.gob.mx\/sitio2025\/wp-json\/wp\/v2\/posts\/12516","targetHints":{"allow":["GET"]}}],"collection":[{"href":"https:\/\/teegro.gob.mx\/sitio2025\/wp-json\/wp\/v2\/posts"}],"about":[{"href":"https:\/\/teegro.gob.mx\/sitio2025\/wp-json\/wp\/v2\/types\/post"}],"author":[{"embeddable":true,"href":"https:\/\/teegro.gob.mx\/sitio2025\/wp-json\/wp\/v2\/users\/1"}],"replies":[{"embeddable":true,"href":"https:\/\/teegro.gob.mx\/sitio2025\/wp-json\/wp\/v2\/comments?post=12516"}],"version-history":[{"count":53,"href":"https:\/\/teegro.gob.mx\/sitio2025\/wp-json\/wp\/v2\/posts\/12516\/revisions"}],"predecessor-version":[{"id":12569,"href":"https:\/\/teegro.gob.mx\/sitio2025\/wp-json\/wp\/v2\/posts\/12516\/revisions\/12569"}],"wp:attachment":[{"href":"https:\/\/teegro.gob.mx\/sitio2025\/wp-json\/wp\/v2\/media?parent=12516"}],"wp:term":[{"taxonomy":"category","embeddable":true,"href":"https:\/\/teegro.gob.mx\/sitio2025\/wp-json\/wp\/v2\/categories?post=12516"},{"taxonomy":"post_tag","embeddable":true,"href":"https:\/\/teegro.gob.mx\/sitio2025\/wp-json\/wp\/v2\/tags?post=12516"}],"curies":[{"name":"wp","href":"https:\/\/api.w.org\/{rel}","templated":true}]}}