{"id":12574,"date":"2021-05-07T14:20:16","date_gmt":"2021-05-07T19:20:16","guid":{"rendered":"https:\/\/teegro.gob.mx\/sitio2023\/?p=12574"},"modified":"2024-01-29T15:01:33","modified_gmt":"2024-01-29T21:01:33","slug":"trigesima-sesion-publica-de-resolucion-3","status":"publish","type":"post","link":"https:\/\/teegro.gob.mx\/sitio2025\/trigesima-sesion-publica-de-resolucion-3\/","title":{"rendered":"Trig\u00e9sima Sesi\u00f3n P\u00fablica de Resoluci\u00f3n"},"content":{"rendered":"<!-- VideographyWP Plugin Message: Automatic video embedding prevented by plugin options. -->\n\n<ul>\n<li><a href=\"https:\/\/teegro.gob.mx\/inicio\/wp-content\/uploads\/2021\/05\/lista07052021.pdf\">Orden del d\u00eda<\/a><\/li>\n<li><a href=\"https:\/\/youtu.be\/_UTjWFfoc5s?si=gL-ux4K0OfJ23FrB\">V\u00eddeo de la Sesi\u00f3n<\/a><\/li>\n<\/ul>\n<h3>Contenido<\/h3>\n<ul>\n<li>TEE\/AG\/002\/2021 <strong>ACUERDO PLENARIO<\/strong> &#8211; Unidad T\u00e9cnica de lo Contencioso Electoral de la Secretaria Ejecutiva del Instituto Nacional Electoral<\/li>\n<li>TEE\/JEC\/094\/2021 <strong>ACUERDO PLENARIO<\/strong> &#8211; Br\u00edgido Tenorio Alarc\u00f3n<\/li>\n<li>TEE\/JEC\/095\/2021 <strong>ACUERDO PLENARIO<\/strong> &#8211; Gloria Ni\u00f1o G\u00f3mez<\/li>\n<li>TEE\/JEC\/111\/2021 <strong>ACUERDO PLENARIO<\/strong> &#8211; Violeta Pastor S\u00e1nchez<\/li>\n<li>TEE\/JEC\/065\/2021 <strong>ACUERDO PLENARIO<\/strong> &#8211; Javier V\u00e1zquez Garc\u00eda<\/li>\n<li>TEE\/JEC\/060\/2021, TEE\/JEC\/066\/2021,TEE\/JEC\/069\/2021, TEE\/JEC\/086\/2021, TEE\/JEC\/087\/2021 <strong>ACUERDO PLENARIO<\/strong> &#8211; Silvia Alem\u00e1n Mundo, Paula S\u00e1nchez Jim\u00e9nez, Antonio P\u00e9rez D\u00edaz, Mariana F\u00e9lix Garc\u00eda, Felipe Rojas Garc\u00eda<\/li>\n<li>TEE\/JEC\/155\/2021 <strong>ACUERDO PLENARIO<\/strong> &#8211; Mariana Felipa Garc\u00eda Mateo<\/li>\n<li>TEE\/JEC\/121\/2021 &#8211; J. Isabel Arines Hern\u00e1ndez<\/li>\n<li>TEE\/JEC\/126\/2021 &#8211; Matilde Testa Garc\u00eda<\/li>\n<li>TEE\/JEC\/127\/2021 &#8211; Melquiades Bedolla Figueroa<\/li>\n<li>TEE\/JEC\/129\/2021 &#8211; Otoniel Bernal Adame<\/li>\n<li>TEE\/JEC\/141\/2021 &#8211; German Parra V\u00e1zquez y Luis Obed Ben\u00edtez Lagunas<\/li>\n<li>TEE\/JEC\/054\/2021 &#8211; Rigoberto Ramos Romero y Gabriel Fernando Ram\u00edrez Ram\u00edrez<\/li>\n<li>TEE\/JEC\/102\/2021 y TEE\/RAP\/013\/2021 Acumulados &#8211; F\u00e9lix Salgado Macedonio y Morena<\/li>\n<li>TEE\/RAP\/015\/2021 &#8211; Representante del Partido Verde Ecologista de M\u00e9xico, ante el Consejo Distrital 14 del IEPC<\/li>\n<li>TEE\/RAP\/021\/2021 &#8211; Representante del Partido de la Revoluci\u00f3n Democr\u00e1tica ante el IEPC<\/li>\n<\/ul>\n<h2><!--more--><\/h2>\n<h3><strong>TEE\/<\/strong>AG\/002\/2021 ACUERDO PLENARIO<\/h3>\n<p><strong>Actor:<\/strong> Unidad T\u00e9cnica de lo Contencioso Electoral de la Secretaria Ejecutiva del Instituto Nacional Electoral <\/p>\n<p><strong>Autoridad responsable:<\/strong> Comisi\u00f3n Nacional de Honestidad y Justicia de Morena<\/p>\n<p><strong>Descarga:<\/strong> Retirado<\/p>\n<h3><strong>TEE\/<\/strong>JEC\/094\/2021 ACUERDO PLENARIO<\/h3>\n<p><strong>Actor:<\/strong> Br\u00edgido Tenorio Alarc\u00f3n<\/p>\n<p><strong>Autoridad responsable:<\/strong> Comisi\u00f3n Nacional de Elecciones de Morena<\/p>\n<p><strong>Descarga:<\/strong> <a href=\"https:\/\/teegro.gob.mx\/inicio\/wp-content\/uploads\/2021\/05\/TEE-JEC-094-2021-Acuerdo.pdf\">Descarga<\/a><\/p>\n<h3><strong>TEE\/<\/strong>JEC\/095\/2021 ACUERDO PLENARIO<\/h3>\n<p><strong>Actor:<\/strong> Gloria Ni\u00f1o G\u00f3mez<\/p>\n<p><strong>Autoridad responsable:<\/strong> Comisi\u00f3n Nacional de Elecciones de Morena<\/p>\n<p><strong>Descarga:<\/strong> <a href=\"https:\/\/teegro.gob.mx\/inicio\/wp-content\/uploads\/2021\/05\/TEE-JEC-095-2021-Acuerdo.pdf\">Descarga<\/a><\/p>\n<h3><strong>TEE\/<\/strong>JEC\/111\/2021 ACUERDO PLENARIO<\/h3>\n<p><strong>Actor:<\/strong> Violeta Pastor S\u00e1nchez<\/p>\n<p><strong>Autoridad responsable:<\/strong> Comisi\u00f3n Nacional de Elecciones de Morena<\/p>\n<p><strong>Descarga:<\/strong> <a href=\"https:\/\/teegro.gob.mx\/inicio\/wp-content\/uploads\/2021\/05\/TEE-JEC-111-2021-Acuerdo.pdf\">Descarga<\/a><\/p>\n<h3><strong>TEE\/<\/strong>JEC\/065\/2021 ACUERDO PLENARIO<\/h3>\n<p><strong>Actor:<\/strong> Javier V\u00e1zquez Garc\u00eda<\/p>\n<p><strong>Autoridad responsable:<\/strong> Comisi\u00f3n Nacional de Elecciones de Morena<\/p>\n<p><strong>Descarga:<\/strong> <a href=\"https:\/\/teegro.gob.mx\/inicio\/wp-content\/uploads\/2021\/05\/TEE-JEC-065-2021-Acuerdo.pdf\">Descarga<\/a><\/p>\n<h3><strong>TEE\/<\/strong>JEC\/060\/2021, TEE\/JEC\/066\/2021, TEE\/JEC\/069\/2021, TEE\/JEC\/086\/2021, TEE\/JEC\/087\/2021 ACUERDO PLENARIO<\/h3>\n<p><strong>Actor:<\/strong> Silvia Alem\u00e1n Mundo, Paula S\u00e1nchez Jim\u00e9nez, Antonio P\u00e9rez D\u00edaz, Mariana F\u00e9lix Garc\u00eda, Felipe Rojas Garc\u00eda<\/p>\n<p><strong>Autoridad responsable:<\/strong> Comit\u00e9 Ejecutivo Estatal, Comisi\u00f3n Nacional de Elecciones y Comisi\u00f3n Nacional de Honestidad y Justicia de Morena<\/p>\n<p><strong>Descarga:<\/strong> <a href=\"https:\/\/teegro.gob.mx\/inicio\/wp-content\/uploads\/2021\/05\/TEE-JEC-060-066-069-086-087-2021-Acuerdo.pdf\">Descarga<\/a><\/p>\n<h3><strong>TEE\/<\/strong>JEC\/155\/2021 ACUERDO PLENARIO<\/h3>\n<p><strong>Actor:<\/strong> Mariana Felipa Garc\u00eda Mateos<\/p>\n<p><strong>Autoridad responsable:<\/strong> Comisi\u00f3n Nacional de Elecciones y Comit\u00e9 Ejecutivo Nacional de Morena<\/p>\n<p><strong>Descarga:<\/strong> <a href=\"https:\/\/teegro.gob.mx\/inicio\/wp-content\/uploads\/2021\/05\/TEE-JEC-155-2021-Acuerdo.pdf\">Descarga<\/a><\/p>\n<h3><strong>TEE\/JEC\/121\/2021<\/strong><\/h3>\n<p><strong>Actor:<\/strong> J. Isabel Arines Hern\u00e1ndez<\/p>\n<p><strong>Autoridad responsable:<\/strong> Comisi\u00f3n Nacional de Honestidad y Justicia de Morena<\/p>\n<p><strong>Descarga:<\/strong> <a href=\"https:\/\/teegro.gob.mx\/inicio\/wp-content\/uploads\/2021\/05\/TEE-JEC-121-2021.pdf\">Descarga<\/a><\/p>\n<h3><strong>TEE\/JEC\/126\/2021<\/strong><\/h3>\n<p><strong>Actor:<\/strong> Matilde Testa Garc\u00eda<\/p>\n<p><strong>Autoridad responsable:<\/strong> Instituto Electoral y de Participaci\u00f3n Ciudadana del Estado de Guerrero<\/p>\n<p><strong>Descarga:<\/strong> <a href=\"https:\/\/teegro.gob.mx\/inicio\/wp-content\/uploads\/2021\/05\/TEE-JEC-126-2021.pdf\">Descarga<\/a><\/p>\n<h3><strong>TEE\/JEC\/127\/2021<\/strong><\/h3>\n<p><strong>Actor:<\/strong> Melquiades Bedolla Figueroa<\/p>\n<p><strong>Autoridad responsable:<\/strong> Instituto Electoral y de Participaci\u00f3n Ciudadana del Estado de Guerrero<\/p>\n<p><strong>Descarga:<\/strong> <a href=\"https:\/\/teegro.gob.mx\/inicio\/wp-content\/uploads\/2021\/05\/TEE-JEC-127-2021.pdf\">Descarga<\/a><\/p>\n<h3><strong>TEE\/JEC\/129\/2021<\/strong><\/h3>\n<p><strong>Actor:<\/strong> Otoniel Bernal Adame<\/p>\n<p><strong>Autoridad responsable:<\/strong> Instituto Electoral y de Participaci\u00f3n Ciudadana del Estado de Guerrero<\/p>\n<p><strong>Descarga:<\/strong> <a href=\"https:\/\/teegro.gob.mx\/inicio\/wp-content\/uploads\/2021\/05\/TEE-JEC-129-2021.pdf\">Descarga<\/a><\/p>\n<h3><strong>TEE\/JEC\/141\/2021<\/strong><\/h3>\n<p><strong>Actor:<\/strong> German Parra V\u00e1zquez y Luis Obed Ben\u00edtez Lagunas<\/p>\n<p><strong>Autoridad responsable:<\/strong> Instituto Electoral y de Participaci\u00f3n Ciudadana del Estado de Guerrero&nbsp;<\/p>\n<p><strong>Descarga:<\/strong> <a href=\"https:\/\/teegro.gob.mx\/inicio\/wp-content\/uploads\/2021\/05\/TEE-JEC-141-2021.pdf\">Descarga<\/a><\/p>\n<h3><strong>TEE\/JEC\/054\/2021<\/strong><\/h3>\n<p><strong>Actor:<\/strong> Rigoberto Ramos Romero y Gabriel Fernando Ram\u00edrez Ram\u00edrez<\/p>\n<p><strong>Autoridad responsable:<\/strong> Instituto Electoral y de Participaci\u00f3n Ciudadana del Estado de Guerrero<\/p>\n<p><strong>Descarga:<\/strong> <a href=\"https:\/\/teegro.gob.mx\/inicio\/wp-content\/uploads\/2021\/05\/TEE-JEC-054-2021.pdf\">Descarga<\/a><\/p>\n<h3><strong>TEE\/<\/strong>JEC\/102\/2021 y TEE\/RAP\/013\/2021 Acumulados<\/h3>\n<p><strong>Actor:<\/strong> F\u00e9lix Salgado Macedonio y Morena<\/p>\n<p><strong>Autoridad responsable:<\/strong> Instituto Electoral y de Participaci\u00f3n Ciudadana del Estado de Guerrero<\/p>\n<p><strong>Descarga:<\/strong> <a href=\"https:\/\/teegro.gob.mx\/inicio\/wp-content\/uploads\/2021\/05\/TEE-JEC-102-2021-Y-TEE-RAP-013-2021-ACUMULADOS.pdf\">Descarga<\/a><\/p>\n<h3><strong>TEE\/RAP\/015\/2021<\/strong><\/h3>\n<p><strong>Actor:<\/strong> Representante del Partido Verde Ecologista de M\u00e9xico, ante el Consejo Distrital 14 del IEPC&nbsp;<\/p>\n<p><strong>Autoridad responsable:<\/strong> Instituto Electoral y de Participaci\u00f3n Ciudadana del Estado de Guerrero<\/p>\n<p><strong>Descarga:<\/strong> <a href=\"https:\/\/teegro.gob.mx\/inicio\/wp-content\/uploads\/2021\/05\/TEE-RAP-015-2021.pdf\">Descarga<\/a><\/p>\n<h3><strong>TEE\/RAP\/021\/2021<\/strong><\/h3>\n<p><strong>Actor:<\/strong> Representante del Partido de la Revoluci\u00f3n Democr\u00e1tica ante el IEPC<\/p>\n<p><strong>Autoridad responsable:<\/strong> Instituto Electoral y de Participaci\u00f3n Ciudadana del Estado de Guerrero<\/p>\n<p><strong>Descarga:<\/strong> <a href=\"https:\/\/teegro.gob.mx\/inicio\/wp-content\/uploads\/2021\/05\/TEE-RAP-021-2021.pdf\">Descarga<\/a><\/p>\n","protected":false},"excerpt":{"rendered":"<p>Orden del d\u00eda V\u00eddeo de la Sesi\u00f3n Contenido TEE\/AG\/002\/2021 ACUERDO PLENARIO &#8211; Unidad T\u00e9cnica de lo Contencioso Electoral de la Secretaria Ejecutiva del Instituto Nacional Electoral TEE\/JEC\/094\/2021 ACUERDO PLENARIO &#8211; Br\u00edgido Tenorio Alarc\u00f3n TEE\/JEC\/095\/2021 ACUERDO PLENARIO &#8211; Gloria Ni\u00f1o G\u00f3mez TEE\/JEC\/111\/2021 ACUERDO PLENARIO &#8211; Violeta Pastor S\u00e1nchez TEE\/JEC\/065\/2021 ACUERDO PLENARIO &#8211; Javier V\u00e1zquez Garc\u00eda TEE\/JEC\/060\/2021, [&hellip;]<\/p>\n","protected":false},"author":1,"featured_media":0,"comment_status":"open","ping_status":"open","sticky":false,"template":"","format":"standard","meta":{"_acf_changed":false,"footnotes":""},"categories":[210],"tags":[],"class_list":["post-12574","post","type-post","status-publish","format-standard","hentry","category-gaceta"],"acf":[],"_links":{"self":[{"href":"https:\/\/teegro.gob.mx\/sitio2025\/wp-json\/wp\/v2\/posts\/12574","targetHints":{"allow":["GET"]}}],"collection":[{"href":"https:\/\/teegro.gob.mx\/sitio2025\/wp-json\/wp\/v2\/posts"}],"about":[{"href":"https:\/\/teegro.gob.mx\/sitio2025\/wp-json\/wp\/v2\/types\/post"}],"author":[{"embeddable":true,"href":"https:\/\/teegro.gob.mx\/sitio2025\/wp-json\/wp\/v2\/users\/1"}],"replies":[{"embeddable":true,"href":"https:\/\/teegro.gob.mx\/sitio2025\/wp-json\/wp\/v2\/comments?post=12574"}],"version-history":[{"count":17,"href":"https:\/\/teegro.gob.mx\/sitio2025\/wp-json\/wp\/v2\/posts\/12574\/revisions"}],"predecessor-version":[{"id":12591,"href":"https:\/\/teegro.gob.mx\/sitio2025\/wp-json\/wp\/v2\/posts\/12574\/revisions\/12591"}],"wp:attachment":[{"href":"https:\/\/teegro.gob.mx\/sitio2025\/wp-json\/wp\/v2\/media?parent=12574"}],"wp:term":[{"taxonomy":"category","embeddable":true,"href":"https:\/\/teegro.gob.mx\/sitio2025\/wp-json\/wp\/v2\/categories?post=12574"},{"taxonomy":"post_tag","embeddable":true,"href":"https:\/\/teegro.gob.mx\/sitio2025\/wp-json\/wp\/v2\/tags?post=12574"}],"curies":[{"name":"wp","href":"https:\/\/api.w.org\/{rel}","templated":true}]}}