{"id":12592,"date":"2021-05-07T15:11:53","date_gmt":"2021-05-07T20:11:53","guid":{"rendered":"https:\/\/teegro.gob.mx\/sitio2023\/?p=12592"},"modified":"2024-01-29T15:26:02","modified_gmt":"2024-01-29T21:26:02","slug":"trigesima-primera-sesion-publica-de-resolucion-4","status":"publish","type":"post","link":"https:\/\/teegro.gob.mx\/sitio2025\/trigesima-primera-sesion-publica-de-resolucion-4\/","title":{"rendered":"Trig\u00e9sima Primera Sesi\u00f3n P\u00fablica de Resoluci\u00f3n"},"content":{"rendered":"<!-- VideographyWP Plugin Message: Automatic video embedding prevented by plugin options. -->\n\n<ul>\n<li><a href=\"https:\/\/teegro.gob.mx\/inicio\/wp-content\/uploads\/2021\/05\/Lista08052021_.pdf\">Orden del d\u00eda<\/a><\/li>\n<li><a href=\"https:\/\/youtu.be\/oGj4pmtE2gk?si=v1TYl_IGPrztkAzC\">V\u00eddeo de la Sesi\u00f3n<\/a><\/li>\n<\/ul>\n<h3>Contenido<\/h3>\n<ul>\n<li>TEE\/JEC\/156\/2021 &#8211; Paula S\u00e1nchez Jim\u00e9nez<\/li>\n<li>TEE\/JEC\/153\/2021 &#8211; Ernesto Fidel Pay\u00e1n <br>Cortinas<\/li>\n<li>TEE\/RAP\/016\/2021 &#8211; Representante del PRD ante el Instituto Electoral y de Participaci\u00f3n Ciudadana del Estado de Guerrero<\/li>\n<\/ul>\n<h2><!--more--><\/h2>\n<h3><strong>TEE\/<\/strong>JEC\/156\/2021<\/h3>\n<p><strong>Actor:<\/strong> Paula S\u00e1nchez Jim\u00e9nez<\/p>\n<p><strong>Autoridad responsable:<\/strong> Comisi\u00f3n Nacional de Honestidad y Justicia de Morena<\/p>\n<p><strong>Descarga:<\/strong> Retirado<\/p>\n<h3><strong>TEE\/JEC\/153\/2021<\/strong><\/h3>\n<p><strong>Actor:<\/strong> Ernesto Fidel Pay\u00e1n Cortinas<\/p>\n<p><strong>Autoridad responsable:<\/strong> Instituto Electoral y de Participaci\u00f3n Ciudadana del Estado de Guerrero<\/p>\n<p><strong>Descarga:<\/strong> <a href=\"https:\/\/teegro.gob.mx\/inicio\/wp-content\/uploads\/2021\/05\/TEE-JEC153-2021.pdf\">Descarga<\/a><\/p>\n<h3><strong>TEE\/RAP\/016\/2021<br><\/strong><\/h3>\n<p><strong>Actor:<\/strong> Representante del PRD ante el Instituto Electoral y de Participaci\u00f3n Ciudadana del Estado de Guerrero<\/p>\n<p><strong>Autoridad responsable:<\/strong> Instituto Electoral y de Participaci\u00f3n Ciudadana del Estado de Guerrero<\/p>\n<p><strong>Descarga:<\/strong> <a href=\"https:\/\/teegro.gob.mx\/inicio\/wp-content\/uploads\/2021\/05\/TEE-RAP-016-2021.pdf\">Descarga<\/a><\/p>\n","protected":false},"excerpt":{"rendered":"<p>Orden del d\u00eda V\u00eddeo de la Sesi\u00f3n Contenido TEE\/JEC\/156\/2021 &#8211; Paula S\u00e1nchez Jim\u00e9nez TEE\/JEC\/153\/2021 &#8211; Ernesto Fidel Pay\u00e1n Cortinas TEE\/RAP\/016\/2021 &#8211; Representante del PRD ante el Instituto Electoral y de Participaci\u00f3n Ciudadana del Estado de Guerrero<\/p>\n","protected":false},"author":1,"featured_media":0,"comment_status":"open","ping_status":"open","sticky":false,"template":"","format":"standard","meta":{"_acf_changed":false,"footnotes":""},"categories":[210],"tags":[],"class_list":["post-12592","post","type-post","status-publish","format-standard","hentry","category-gaceta"],"acf":[],"_links":{"self":[{"href":"https:\/\/teegro.gob.mx\/sitio2025\/wp-json\/wp\/v2\/posts\/12592","targetHints":{"allow":["GET"]}}],"collection":[{"href":"https:\/\/teegro.gob.mx\/sitio2025\/wp-json\/wp\/v2\/posts"}],"about":[{"href":"https:\/\/teegro.gob.mx\/sitio2025\/wp-json\/wp\/v2\/types\/post"}],"author":[{"embeddable":true,"href":"https:\/\/teegro.gob.mx\/sitio2025\/wp-json\/wp\/v2\/users\/1"}],"replies":[{"embeddable":true,"href":"https:\/\/teegro.gob.mx\/sitio2025\/wp-json\/wp\/v2\/comments?post=12592"}],"version-history":[{"count":10,"href":"https:\/\/teegro.gob.mx\/sitio2025\/wp-json\/wp\/v2\/posts\/12592\/revisions"}],"predecessor-version":[{"id":12602,"href":"https:\/\/teegro.gob.mx\/sitio2025\/wp-json\/wp\/v2\/posts\/12592\/revisions\/12602"}],"wp:attachment":[{"href":"https:\/\/teegro.gob.mx\/sitio2025\/wp-json\/wp\/v2\/media?parent=12592"}],"wp:term":[{"taxonomy":"category","embeddable":true,"href":"https:\/\/teegro.gob.mx\/sitio2025\/wp-json\/wp\/v2\/categories?post=12592"},{"taxonomy":"post_tag","embeddable":true,"href":"https:\/\/teegro.gob.mx\/sitio2025\/wp-json\/wp\/v2\/tags?post=12592"}],"curies":[{"name":"wp","href":"https:\/\/api.w.org\/{rel}","templated":true}]}}