{"id":12718,"date":"2024-01-31T14:34:14","date_gmt":"2024-01-31T20:34:14","guid":{"rendered":"https:\/\/teegro.gob.mx\/sitio2023\/?p=12718"},"modified":"2024-02-01T13:38:30","modified_gmt":"2024-02-01T19:38:30","slug":"sexta-sesion-01-de-febrero","status":"publish","type":"post","link":"https:\/\/teegro.gob.mx\/sitio2025\/sexta-sesion-01-de-febrero\/","title":{"rendered":"Sexta Sesi\u00f3n &#8211; 01 de Febrero"},"content":{"rendered":"<p><!-- VideographyWP Plugin Message: Automatic video embedding prevented by plugin options. --><\/p>\n<ul>\n<li><a href=\"https:\/\/teegro.gob.mx\/sitio2023\/wp-content\/uploads\/2024\/01\/Lista010224.pdf\">Orden del d\u00eda<\/a><\/li>\n<li><a href=\"https:\/\/youtu.be\/MCM4pVnLjMU\">V\u00eddeo de la Sesi\u00f3n<\/a><\/li>\n<\/ul>\n<h3>Contenido<\/h3>\n<ul>\n<li>TEE\/LCI\/010\/2024 &#8211; Naudith Flores Morales<\/li>\n<li>TEE\/JEC\/003\/2024 &#8211; Baltazar Villanueva Andrade<\/li>\n<li>TEE\/LCI\/008\/2024 &#8211; Jos\u00e9 Arturo Cortes Pastrana<\/li>\n<li>TEE\/JEC\/053\/2023 &#8211; Gregorio Zarate Bautista y otra persona<\/li>\n<li>TEE\/LCT\/009\/2024 &#8211; Antelmo Venegas Barrios<\/li>\n<li>TEE\/LCT\/011\/2024 &#8211; Daniel \u00c1ngel Munivez Mart\u00ednez<\/li>\n<\/ul>\n<p><!--more--><\/p>\n<h3><strong>TEE\/LCI\/010\/2024<\/strong><strong><br \/>\n<\/strong><\/h3>\n<p><strong>Compareciente:<\/strong> Naudith Flores Morales<\/p>\n<p><strong>Autoridad responsable:<\/strong> Instituto Electoral y de Participaci\u00f3n Ciudadana del Estado de Guerrero<\/p>\n<p><strong>Descarga:<\/strong> <a href=\"https:\/\/teegro.gob.mx\/sitio2023\/wp-content\/uploads\/2024\/02\/TEE-LCI-010-2024.pdf\">Descarga<\/a><\/p>\n<h3><strong>TEE\/JEC\/003\/2024<\/strong><strong><br \/>\n<\/strong><\/h3>\n<p><strong>Actor:<\/strong> Baltazar Villanueva Andrade<\/p>\n<p><strong>Autoridad responsable:<\/strong> Comit\u00e9 Ejecutivo Estatal Morena<\/p>\n<p><strong>Descarga:<\/strong> <a href=\"https:\/\/teegro.gob.mx\/sitio2023\/wp-content\/uploads\/2024\/02\/TEE-JEC-003-2024.pdf\">Descarga<\/a><\/p>\n<h3><strong>TEE\/LCI\/008\/2024<\/strong><strong><br \/>\n<\/strong><\/h3>\n<p><strong>Compareciente:<\/strong> Jos\u00e9 Arturo Cortes Pastrana<\/p>\n<p><strong>Autoridad responsable:<\/strong> Instituto Electoral y de Participaci\u00f3n Ciudadana del Estado de Guerrero<\/p>\n<p><strong>Descarga:<\/strong> <a href=\"https:\/\/teegro.gob.mx\/sitio2023\/wp-content\/uploads\/2024\/02\/TEE-LCI-008-2024.pdf\">Descarga<\/a><\/p>\n<h3><strong>TEE\/JEC\/053\/2023<\/strong><strong><br \/>\n<\/strong><\/h3>\n<p><strong>Actor:<\/strong> Gregorio Zarate Bautista y otra persona<\/p>\n<p><strong>Autoridad responsable:<\/strong> Ayuntamiento de Azoy\u00fa, Guerrero<\/p>\n<p><strong>Descarga:<\/strong> <a href=\"https:\/\/teegro.gob.mx\/sitio2023\/wp-content\/uploads\/2024\/02\/TEE-JEC-053-2023.pdf\">Descarga<\/a><\/p>\n<h3><strong>TEE\/LCT\/009\/2024<\/strong><strong><br \/>\n<\/strong><\/h3>\n<p><strong>Compareciente:<\/strong> Antelmo Venegas Barrios<\/p>\n<p><strong>Autoridad responsable:<\/strong> Tribunal Electoral del Estado de Guerrero<\/p>\n<p><strong>Descarga:<\/strong> <a href=\"https:\/\/teegro.gob.mx\/sitio2023\/wp-content\/uploads\/2024\/02\/TEE-LCT-009-2024.pdf\">Descarga<\/a><\/p>\n<h3><strong>TEE\/LCT\/011\/2024<\/strong><strong><br \/>\n<\/strong><\/h3>\n<p><strong>Compareciente:<\/strong> Daniel \u00c1ngel Munivez Mart\u00ednez<\/p>\n<p><strong>Autoridad responsable:<\/strong> Tribunal Electoral del Estado de Guerrero<\/p>\n<p><strong>Descarga:<\/strong> <a href=\"https:\/\/teegro.gob.mx\/sitio2023\/wp-content\/uploads\/2024\/02\/TEE-LCT-011-2024.pdf\">Descarga<\/a><\/p>\n","protected":false},"excerpt":{"rendered":"<p>Orden del d\u00eda V\u00eddeo de la Sesi\u00f3n Contenido TEE\/LCI\/010\/2024 &#8211; Naudith Flores Morales TEE\/JEC\/003\/2024 &#8211; Baltazar Villanueva Andrade TEE\/LCI\/008\/2024 &#8211; Jos\u00e9 Arturo Cortes Pastrana TEE\/JEC\/053\/2023 &#8211; Gregorio Zarate Bautista y otra persona TEE\/LCT\/009\/2024 &#8211; Antelmo Venegas Barrios TEE\/LCT\/011\/2024 &#8211; Daniel \u00c1ngel Munivez Mart\u00ednez<\/p>\n","protected":false},"author":1,"featured_media":0,"comment_status":"open","ping_status":"open","sticky":false,"template":"","format":"standard","meta":{"_acf_changed":false,"footnotes":""},"categories":[210],"tags":[],"class_list":["post-12718","post","type-post","status-publish","format-standard","hentry","category-gaceta"],"acf":[],"_links":{"self":[{"href":"https:\/\/teegro.gob.mx\/sitio2025\/wp-json\/wp\/v2\/posts\/12718","targetHints":{"allow":["GET"]}}],"collection":[{"href":"https:\/\/teegro.gob.mx\/sitio2025\/wp-json\/wp\/v2\/posts"}],"about":[{"href":"https:\/\/teegro.gob.mx\/sitio2025\/wp-json\/wp\/v2\/types\/post"}],"author":[{"embeddable":true,"href":"https:\/\/teegro.gob.mx\/sitio2025\/wp-json\/wp\/v2\/users\/1"}],"replies":[{"embeddable":true,"href":"https:\/\/teegro.gob.mx\/sitio2025\/wp-json\/wp\/v2\/comments?post=12718"}],"version-history":[{"count":8,"href":"https:\/\/teegro.gob.mx\/sitio2025\/wp-json\/wp\/v2\/posts\/12718\/revisions"}],"predecessor-version":[{"id":12738,"href":"https:\/\/teegro.gob.mx\/sitio2025\/wp-json\/wp\/v2\/posts\/12718\/revisions\/12738"}],"wp:attachment":[{"href":"https:\/\/teegro.gob.mx\/sitio2025\/wp-json\/wp\/v2\/media?parent=12718"}],"wp:term":[{"taxonomy":"category","embeddable":true,"href":"https:\/\/teegro.gob.mx\/sitio2025\/wp-json\/wp\/v2\/categories?post=12718"},{"taxonomy":"post_tag","embeddable":true,"href":"https:\/\/teegro.gob.mx\/sitio2025\/wp-json\/wp\/v2\/tags?post=12718"}],"curies":[{"name":"wp","href":"https:\/\/api.w.org\/{rel}","templated":true}]}}