{"id":12742,"date":"2024-02-07T13:56:59","date_gmt":"2024-02-07T19:56:59","guid":{"rendered":"https:\/\/teegro.gob.mx\/sitio2023\/?p=12742"},"modified":"2024-02-08T13:12:03","modified_gmt":"2024-02-08T19:12:03","slug":"sexta-sesion-08-de-febrero","status":"publish","type":"post","link":"https:\/\/teegro.gob.mx\/sitio2025\/sexta-sesion-08-de-febrero\/","title":{"rendered":"S\u00e9ptima Sesi\u00f3n &#8211; 08 de Febrero"},"content":{"rendered":"<p><!-- VideographyWP Plugin Message: Automatic video embedding prevented by plugin options. --><\/p>\n<ul>\n<li><a href=\"https:\/\/teegro.gob.mx\/sitio2023\/wp-content\/uploads\/2024\/02\/Lista080224.pdf\">Orden del d\u00eda<\/a><\/li>\n<li><a href=\"https:\/\/youtu.be\/tm41nhljWEY\">V\u00eddeo de la Sesi\u00f3n<\/a><\/li>\n<\/ul>\n<h3>Contenido<\/h3>\n<ul>\n<li>TEE\/RAP\/013\/2023, TEE\/RAP\/014\/2023, TEE\/RAP\/016\/2023, TEE\/JEC\/060\/2023 y\u00a0 TEE\/JEC\/061\/2023 Acumulados <strong>Acuerdo Plenario<\/strong> &#8211; Representantes de los Partidos de la Revoluci\u00f3n Democr\u00e1tica, Movimiento de Regeneraci\u00f3n Nacional, Revolucionario Institucional, Mijane Jim\u00e9nez Salinas y Ra\u00fal de Jes\u00fas Cabrera<\/li>\n<li>TEE\/PES\/052\/2021 <strong>Acuerdo Plenario<\/strong> &#8211; Selene Sotelo Maldonado<\/li>\n<li>TEE\/JEC\/027\/2023 <strong>Acuerdo Plenario<\/strong> &#8211; Bruno Calixto R\u00edos D\u00edaz<\/li>\n<li>TEE\/PES\/002\/2024 &#8211; Morena<\/li>\n<li>TEE\/JEC\/070\/2023 &#8211; Magdalena Su\u00e1stegui Moctezuma<\/li>\n<\/ul>\n<p><!--more--><\/p>\n<h3><strong>TEE\/RAP\/013\/2023, TEE\/RAP\/014\/2023, TEE\/RAP\/016\/2023, TEE\/JEC\/060\/2023 y\u00a0 TEE\/JEC\/061\/2023 Acumulados Acuerdo Plenario<br \/>\n<\/strong><\/h3>\n<p><strong>Actor:<\/strong> Representantes de los Partidos de la Revoluci\u00f3n Democr\u00e1tica, Movimiento de Regeneraci\u00f3n Nacional, Revolucionario Institucional, Mijane Jim\u00e9nez Salinas y Ra\u00fal de Jes\u00fas Cabrera<\/p>\n<p><strong>Autoridad responsable:<\/strong> Instituto Electoral y de Participaci\u00f3n Ciudadana del Estado de Guerrero<\/p>\n<p><strong>Descarga:<\/strong> <a href=\"https:\/\/teegro.gob.mx\/sitio2023\/wp-content\/uploads\/2024\/02\/TEE-RAP-013-2023-acumulados-Acuerdo.pdf\">Descarga<\/a><\/p>\n<h3><strong>TEE\/PES\/052\/2021 Acuerdo Plenario<br \/>\n<\/strong><\/h3>\n<p><strong>Denunciante:<\/strong> Selene Sotelo Maldonado<\/p>\n<p><strong>Denunciado:<\/strong> Edmundo Delgado Gallardo y otras personas<\/p>\n<p><strong>Descarga:<\/strong> <a href=\"https:\/\/teegro.gob.mx\/sitio2023\/wp-content\/uploads\/2024\/02\/TEE-PES-052-2021-Acuerdo.pdf\">Descarga<\/a><\/p>\n<h3><strong>TEE\/JEC\/027\/2023 Acuerdo Plenario<br \/>\n<\/strong><\/h3>\n<p><strong>Actor:<\/strong> Bruno Calixto R\u00edos D\u00edaz<\/p>\n<p><strong>Autoridad responsable:<\/strong> Comisi\u00f3n de Justicia del Consejo Nacional del Partido Acci\u00f3n Nacional<\/p>\n<p><strong>Descarga:<\/strong> <a href=\"https:\/\/teegro.gob.mx\/sitio2023\/wp-content\/uploads\/2024\/02\/TEE-JEC-027-2023-Acuerdo.pdf\">Descarga<\/a><\/p>\n<h3><strong>TEE\/PES\/002\/2024<br \/>\n<\/strong><\/h3>\n<p><strong>Denunciante:<\/strong> Morena<\/p>\n<p><strong>Denunciado:<\/strong> Quien resulte responsable<\/p>\n<p><strong>Descarga:<\/strong> <a href=\"https:\/\/teegro.gob.mx\/sitio2023\/wp-content\/uploads\/2024\/02\/TEE-PES-002-2024.pdf\">Descarga<\/a><\/p>\n<h3><strong>TEE\/JEC\/070\/2023<br \/>\n<\/strong><\/h3>\n<p><strong>Actor:<\/strong> Magdalena Su\u00e1stegui Moctezuma<\/p>\n<p><strong>Autoridad responsable:<\/strong> Instituto Electoral y de Participaci\u00f3n Ciudadana del Estado de Guerrero<\/p>\n<p><strong>Descarga:<\/strong> <a href=\"https:\/\/teegro.gob.mx\/sitio2023\/wp-content\/uploads\/2024\/02\/TEE-JEC-070-2023.pdf\">Descarga<\/a><\/p>\n","protected":false},"excerpt":{"rendered":"<p>Orden del d\u00eda V\u00eddeo de la Sesi\u00f3n Contenido TEE\/RAP\/013\/2023, TEE\/RAP\/014\/2023, TEE\/RAP\/016\/2023, TEE\/JEC\/060\/2023 y\u00a0 TEE\/JEC\/061\/2023 Acumulados Acuerdo Plenario &#8211; Representantes de los Partidos de la Revoluci\u00f3n Democr\u00e1tica, Movimiento de Regeneraci\u00f3n Nacional, Revolucionario Institucional, Mijane Jim\u00e9nez Salinas y Ra\u00fal de Jes\u00fas Cabrera TEE\/PES\/052\/2021 Acuerdo Plenario &#8211; Selene Sotelo Maldonado TEE\/JEC\/027\/2023 Acuerdo Plenario &#8211; Bruno Calixto R\u00edos D\u00edaz [&hellip;]<\/p>\n","protected":false},"author":1,"featured_media":0,"comment_status":"open","ping_status":"open","sticky":false,"template":"","format":"standard","meta":{"_acf_changed":false,"footnotes":""},"categories":[210],"tags":[],"class_list":["post-12742","post","type-post","status-publish","format-standard","hentry","category-gaceta"],"acf":[],"_links":{"self":[{"href":"https:\/\/teegro.gob.mx\/sitio2025\/wp-json\/wp\/v2\/posts\/12742","targetHints":{"allow":["GET"]}}],"collection":[{"href":"https:\/\/teegro.gob.mx\/sitio2025\/wp-json\/wp\/v2\/posts"}],"about":[{"href":"https:\/\/teegro.gob.mx\/sitio2025\/wp-json\/wp\/v2\/types\/post"}],"author":[{"embeddable":true,"href":"https:\/\/teegro.gob.mx\/sitio2025\/wp-json\/wp\/v2\/users\/1"}],"replies":[{"embeddable":true,"href":"https:\/\/teegro.gob.mx\/sitio2025\/wp-json\/wp\/v2\/comments?post=12742"}],"version-history":[{"count":16,"href":"https:\/\/teegro.gob.mx\/sitio2025\/wp-json\/wp\/v2\/posts\/12742\/revisions"}],"predecessor-version":[{"id":12763,"href":"https:\/\/teegro.gob.mx\/sitio2025\/wp-json\/wp\/v2\/posts\/12742\/revisions\/12763"}],"wp:attachment":[{"href":"https:\/\/teegro.gob.mx\/sitio2025\/wp-json\/wp\/v2\/media?parent=12742"}],"wp:term":[{"taxonomy":"category","embeddable":true,"href":"https:\/\/teegro.gob.mx\/sitio2025\/wp-json\/wp\/v2\/categories?post=12742"},{"taxonomy":"post_tag","embeddable":true,"href":"https:\/\/teegro.gob.mx\/sitio2025\/wp-json\/wp\/v2\/tags?post=12742"}],"curies":[{"name":"wp","href":"https:\/\/api.w.org\/{rel}","templated":true}]}}