{"id":12773,"date":"2024-02-13T13:48:06","date_gmt":"2024-02-13T19:48:06","guid":{"rendered":"https:\/\/teegro.gob.mx\/sitio2023\/?p=12773"},"modified":"2024-02-14T13:38:56","modified_gmt":"2024-02-14T19:38:56","slug":"octava-sesion-14-de-febrero","status":"publish","type":"post","link":"https:\/\/teegro.gob.mx\/sitio2025\/octava-sesion-14-de-febrero\/","title":{"rendered":"Octava Sesi\u00f3n &#8211; 14 de Febrero"},"content":{"rendered":"<p><!-- VideographyWP Plugin Message: Automatic video embedding prevented by plugin options. --><\/p>\n<ul>\n<li><a href=\"https:\/\/teegro.gob.mx\/sitio2023\/wp-content\/uploads\/2024\/02\/Lista140224.pdf\">Orden del d\u00eda<\/a><\/li>\n<li><a href=\"https:\/\/youtu.be\/w2RjKSO-Ae0\">V\u00eddeo de la Sesi\u00f3n<\/a><\/li>\n<\/ul>\n<h3>Contenido<\/h3>\n<ul>\n<li>TEE\/PES\/003\/2023 <strong>Acuerdo Plenario<\/strong> &#8211; Natividad Guadarrama Reyez<\/li>\n<li>TEE\/JEC\/053\/2023 <strong>Acuerdo Plenario<\/strong> &#8211; Gregorio Zarate Bautista y otra persona<\/li>\n<li>TEE\/JEC\/081\/2023 &#8211; Joel \u00c1ngel Romero y otras personas<\/li>\n<li>TEE\/PES\/003\/2024 &#8211; Ramiro Solorio Almaz\u00e1n<\/li>\n<li>TEE\/RAP\/011\/2024 &#8211; Representante de Morena<\/li>\n<li>TEE\/RAP\/009\/2024 &#8211; Representante de Morena<\/li>\n<\/ul>\n<p><!--more--><\/p>\n<h3><strong>TEE\/PES\/003\/2023 Acuerdo Plenario<br \/>\n<\/strong><\/h3>\n<p><strong>Denunciante:<\/strong> Natividad Guadarrama Reyez<\/p>\n<p><strong>Denunciado:<\/strong> Ossiel Pacheco Salas y otras personas<\/p>\n<p><strong>Descarga:<\/strong> <a href=\"https:\/\/teegro.gob.mx\/sitio2023\/wp-content\/uploads\/2024\/02\/TEE-PES-003-2023-Acuerdo.pdf\">Descarga<\/a><\/p>\n<h3><strong>TEE\/JEC\/053\/2023 Acuerdo Plenario<br \/>\n<\/strong><\/h3>\n<p><strong>Actor:<\/strong> Gregorio Zarate Bautista y otra persona<\/p>\n<p><strong>Autoridad responsable:<\/strong> Ayuntamiento de Azoy\u00fa, Guerrero<\/p>\n<p><strong>Descarga:<\/strong> <a href=\"https:\/\/teegro.gob.mx\/sitio2023\/wp-content\/uploads\/2024\/02\/TEE-JEC-053-2023-Acuerdo.pdf\">Descarga<\/a><\/p>\n<h3><strong>TEE\/JEC\/081\/2023<br \/>\n<\/strong><\/h3>\n<p><strong>Actor:<\/strong> Joel \u00c1ngel Romero y otras personas<\/p>\n<p><strong>Autoridad responsable:<\/strong> Ayuntamiento de Tlalixtaquilla de Maldonado, Guerrero<\/p>\n<p><strong>Descarga:<\/strong> <a href=\"https:\/\/teegro.gob.mx\/sitio2023\/wp-content\/uploads\/2024\/02\/TEE-JEC-081-2023.pdf\">Descarga<\/a><\/p>\n<h3><strong>TEE\/PES\/003\/2024<br \/>\n<\/strong><\/h3>\n<p><strong>Denunciante:<\/strong> Ramiro Solorio Almaz\u00e1n<\/p>\n<p><strong>Denunciada:<\/strong> Yoloczin Lizbeth Dom\u00ednguez Serna<\/p>\n<p><strong>Descarga:<\/strong> <a href=\"https:\/\/teegro.gob.mx\/sitio2023\/wp-content\/uploads\/2024\/02\/TEE-PES-003-2024.pdf\">Descarga<\/a><\/p>\n<h3><strong>TEE\/RAP\/011\/2024<br \/>\n<\/strong><\/h3>\n<p><strong>Actor:<\/strong> Representante de Morena<\/p>\n<p><strong>Autoridad responsable:<\/strong> Instituto Electoral y de Participaci\u00f3n Ciudadana del Estado de Guerrero<\/p>\n<p><strong>Descarga:<\/strong> <a href=\"https:\/\/teegro.gob.mx\/sitio2023\/wp-content\/uploads\/2024\/02\/TEE-RAP-011-2024.pdf\">Descarga<\/a><\/p>\n<h3><strong>TEE\/RAP\/009\/2024<br \/>\n<\/strong><\/h3>\n<p><strong>Actor:<\/strong> Representante de Morena<\/p>\n<p><strong>Autoridad responsable:<\/strong> Instituto Electoral y de Participaci\u00f3n Ciudadana del Estado de Guerrero<\/p>\n<p><strong>Descarga:<\/strong> <a href=\"https:\/\/teegro.gob.mx\/sitio2023\/wp-content\/uploads\/2024\/02\/TEE-RAP-009-2024.pdf\">Descarga<\/a><\/p>\n","protected":false},"excerpt":{"rendered":"<p>Orden del d\u00eda V\u00eddeo de la Sesi\u00f3n Contenido TEE\/PES\/003\/2023 Acuerdo Plenario &#8211; Natividad Guadarrama Reyez TEE\/JEC\/053\/2023 Acuerdo Plenario &#8211; Gregorio Zarate Bautista y otra persona TEE\/JEC\/081\/2023 &#8211; Joel \u00c1ngel Romero y otras personas TEE\/PES\/003\/2024 &#8211; Ramiro Solorio Almaz\u00e1n TEE\/RAP\/011\/2024 &#8211; Representante de Morena TEE\/RAP\/009\/2024 &#8211; Representante de Morena<\/p>\n","protected":false},"author":1,"featured_media":0,"comment_status":"open","ping_status":"open","sticky":false,"template":"","format":"standard","meta":{"_acf_changed":false,"footnotes":""},"categories":[210],"tags":[],"class_list":["post-12773","post","type-post","status-publish","format-standard","hentry","category-gaceta"],"acf":[],"_links":{"self":[{"href":"https:\/\/teegro.gob.mx\/sitio2025\/wp-json\/wp\/v2\/posts\/12773","targetHints":{"allow":["GET"]}}],"collection":[{"href":"https:\/\/teegro.gob.mx\/sitio2025\/wp-json\/wp\/v2\/posts"}],"about":[{"href":"https:\/\/teegro.gob.mx\/sitio2025\/wp-json\/wp\/v2\/types\/post"}],"author":[{"embeddable":true,"href":"https:\/\/teegro.gob.mx\/sitio2025\/wp-json\/wp\/v2\/users\/1"}],"replies":[{"embeddable":true,"href":"https:\/\/teegro.gob.mx\/sitio2025\/wp-json\/wp\/v2\/comments?post=12773"}],"version-history":[{"count":14,"href":"https:\/\/teegro.gob.mx\/sitio2025\/wp-json\/wp\/v2\/posts\/12773\/revisions"}],"predecessor-version":[{"id":12797,"href":"https:\/\/teegro.gob.mx\/sitio2025\/wp-json\/wp\/v2\/posts\/12773\/revisions\/12797"}],"wp:attachment":[{"href":"https:\/\/teegro.gob.mx\/sitio2025\/wp-json\/wp\/v2\/media?parent=12773"}],"wp:term":[{"taxonomy":"category","embeddable":true,"href":"https:\/\/teegro.gob.mx\/sitio2025\/wp-json\/wp\/v2\/categories?post=12773"},{"taxonomy":"post_tag","embeddable":true,"href":"https:\/\/teegro.gob.mx\/sitio2025\/wp-json\/wp\/v2\/tags?post=12773"}],"curies":[{"name":"wp","href":"https:\/\/api.w.org\/{rel}","templated":true}]}}