{"id":12799,"date":"2024-02-21T14:48:09","date_gmt":"2024-02-21T20:48:09","guid":{"rendered":"https:\/\/teegro.gob.mx\/sitio2023\/?p=12799"},"modified":"2024-02-22T15:26:05","modified_gmt":"2024-02-22T21:26:05","slug":"novena-sesion-22-de-febrero","status":"publish","type":"post","link":"https:\/\/teegro.gob.mx\/sitio2025\/novena-sesion-22-de-febrero\/","title":{"rendered":"Novena Sesi\u00f3n &#8211; 22 de Febrero"},"content":{"rendered":"<p><!-- VideographyWP Plugin Message: Automatic video embedding prevented by plugin options. --><\/p>\n<ul>\n<li><a href=\"https:\/\/teegro.gob.mx\/sitio2023\/wp-content\/uploads\/2024\/02\/Lista220224.pdf\">Orden del d\u00eda<\/a><\/li>\n<li><a href=\"https:\/\/youtu.be\/Mc4R5SiiN78\">V\u00eddeo de la Sesi\u00f3n<\/a><\/li>\n<\/ul>\n<h3>Contenido<\/h3>\n<ul>\n<li>TEE\/PES\/005\/2023 <strong>Acuerdo Plenario<\/strong> &#8211; Raquel Garc\u00eda Ordu\u00f1o<\/li>\n<li>TEE\/JEC\/082\/2023 &#8211; Silvia Mart\u00ednez Ponce y otra persona<\/li>\n<li>TEE\/JEC\/001\/2024 &#8211; Mijane Jim\u00e9nez Salinas<\/li>\n<li>TEE\/RAP\/010\/2024 &#8211; Representante de Morena<\/li>\n<\/ul>\n<p><!--more--><\/p>\n<h3><strong>TEE\/PES\/005\/2023 Acuerdo Plenario<br \/>\n<\/strong><\/h3>\n<p><strong>Denunciante:<\/strong> Raquel Garc\u00eda Ordu\u00f1o<\/p>\n<p><strong>Denunciado:<\/strong> Fructoso \u00c1ngel R\u00edos<\/p>\n<p><strong>Descarga:<\/strong> <a href=\"https:\/\/teegro.gob.mx\/sitio2023\/wp-content\/uploads\/2024\/02\/TEE-PES-005-2023-Acuerdo.pdf\">Descarga<\/a><\/p>\n<h3><strong>TEE\/JEC\/082\/2023<br \/>\n<\/strong><\/h3>\n<p><strong>Actor:<\/strong> Silvia Mart\u00ednez Ponce y otra persona<\/p>\n<p><strong>Autoridad responsable:<\/strong> Instituto Electoral y de Participaci\u00f3n Ciudadana del Estado de Guerrero<\/p>\n<p><strong>Descarga:<\/strong> <a href=\"https:\/\/teegro.gob.mx\/sitio2023\/wp-content\/uploads\/2024\/02\/TEE-JEC-082-2023.pdf\">Descarga<\/a><\/p>\n<h3><strong>TEE\/JEC\/001\/2024<br \/>\n<\/strong><\/h3>\n<p><strong>Actor:<\/strong> Mijane Jim\u00e9nez Salinas<\/p>\n<p><strong>Autoridad responsable:<\/strong> Instituto Electoral y de Participaci\u00f3n Ciudadana del Estado de Guerrero<\/p>\n<p><strong>Descarga:<\/strong> <a href=\"https:\/\/teegro.gob.mx\/sitio2023\/wp-content\/uploads\/2024\/02\/TEE-JEC-001-2024.pdf\">Descarga<\/a><\/p>\n<h3><strong>TEE\/RAP\/010\/2024<br \/>\n<\/strong><\/h3>\n<p><strong>Actor:<\/strong> Representante de Morena<\/p>\n<p><strong>Autoridad responsable:<\/strong> Instituto Electoral y de Participaci\u00f3n Ciudadana del Estado de Guerrero<\/p>\n<p><strong>Descarga:<\/strong> <a href=\"https:\/\/teegro.gob.mx\/sitio2023\/wp-content\/uploads\/2024\/02\/TEE-RAP-010-2024.pdf\">Descarga<\/a><\/p>\n","protected":false},"excerpt":{"rendered":"<p>Orden del d\u00eda V\u00eddeo de la Sesi\u00f3n Contenido TEE\/PES\/005\/2023 Acuerdo Plenario &#8211; Raquel Garc\u00eda Ordu\u00f1o TEE\/JEC\/082\/2023 &#8211; Silvia Mart\u00ednez Ponce y otra persona TEE\/JEC\/001\/2024 &#8211; Mijane Jim\u00e9nez Salinas TEE\/RAP\/010\/2024 &#8211; Representante de Morena<\/p>\n","protected":false},"author":1,"featured_media":0,"comment_status":"open","ping_status":"open","sticky":false,"template":"","format":"standard","meta":{"_acf_changed":false,"footnotes":""},"categories":[210],"tags":[],"class_list":["post-12799","post","type-post","status-publish","format-standard","hentry","category-gaceta"],"acf":[],"_links":{"self":[{"href":"https:\/\/teegro.gob.mx\/sitio2025\/wp-json\/wp\/v2\/posts\/12799","targetHints":{"allow":["GET"]}}],"collection":[{"href":"https:\/\/teegro.gob.mx\/sitio2025\/wp-json\/wp\/v2\/posts"}],"about":[{"href":"https:\/\/teegro.gob.mx\/sitio2025\/wp-json\/wp\/v2\/types\/post"}],"author":[{"embeddable":true,"href":"https:\/\/teegro.gob.mx\/sitio2025\/wp-json\/wp\/v2\/users\/1"}],"replies":[{"embeddable":true,"href":"https:\/\/teegro.gob.mx\/sitio2025\/wp-json\/wp\/v2\/comments?post=12799"}],"version-history":[{"count":14,"href":"https:\/\/teegro.gob.mx\/sitio2025\/wp-json\/wp\/v2\/posts\/12799\/revisions"}],"predecessor-version":[{"id":12821,"href":"https:\/\/teegro.gob.mx\/sitio2025\/wp-json\/wp\/v2\/posts\/12799\/revisions\/12821"}],"wp:attachment":[{"href":"https:\/\/teegro.gob.mx\/sitio2025\/wp-json\/wp\/v2\/media?parent=12799"}],"wp:term":[{"taxonomy":"category","embeddable":true,"href":"https:\/\/teegro.gob.mx\/sitio2025\/wp-json\/wp\/v2\/categories?post=12799"},{"taxonomy":"post_tag","embeddable":true,"href":"https:\/\/teegro.gob.mx\/sitio2025\/wp-json\/wp\/v2\/tags?post=12799"}],"curies":[{"name":"wp","href":"https:\/\/api.w.org\/{rel}","templated":true}]}}