{"id":12822,"date":"2024-02-24T01:38:30","date_gmt":"2024-02-24T07:38:30","guid":{"rendered":"https:\/\/teegro.gob.mx\/sitio2023\/?p=12822"},"modified":"2024-02-26T14:50:33","modified_gmt":"2024-02-26T20:50:33","slug":"novena-sesion-26-de-febrero","status":"publish","type":"post","link":"https:\/\/teegro.gob.mx\/sitio2025\/novena-sesion-26-de-febrero\/","title":{"rendered":"D\u00e9cima Sesi\u00f3n &#8211; 26 de Febrero"},"content":{"rendered":"<p><!-- VideographyWP Plugin Message: Automatic video embedding prevented by plugin options. --><\/p>\n<ul>\n<li><a href=\"https:\/\/teegro.gob.mx\/sitio2023\/wp-content\/uploads\/2024\/02\/Lista260224.pdf\">Orden del d\u00eda<\/a><\/li>\n<li><a href=\"https:\/\/youtu.be\/SUuwYCtq8Tg\">V\u00eddeo de la Sesi\u00f3n<\/a><\/li>\n<\/ul>\n<h3>Contenido<\/h3>\n<ul>\n<li>TEE\/RAP\/001\/2024,&nbsp; TEE\/RAP\/002\/2024,&nbsp; TEE\/RAP\/003\/2024, TEE\/RAP\/004\/2024, TEE\/RAP\/006\/2024, TEE\/RAP\/008\/2024, TEE\/RAP\/012\/2024 y TEE\/JEL\/002\/2024, acumulados &#8211; Partido Verde Ecologista, Partido de la Revoluci\u00f3n Democr\u00e1tica, Partido Movimiento Laborista Guerrero, Partido Revolucionario Institucional, Partido M\u00e9xico Avanza, Partido Movimiento Ciudadano, Partido de la Sustentabilidad Guerrerense y Consejera Presidenta del Instituto Electoral Local<\/li>\n<li>TEE\/RAP\/005\/2024 &#8211; Representante del Partido de la Revoluci\u00f3n Democr\u00e1tica<\/li>\n<li>TEE\/RAP\/007\/2024 &#8211; Miguel \u00c1ngel Rend\u00f3n Liborio<\/li>\n<li>TEE\/PES\/004\/2024 &#8211; Raquel Garc\u00eda Ordu\u00f1o<\/li>\n<li>TEE\/JEC\/004\/2024 &#8211; Alberta Castorena Catal\u00e1n y otra persona<\/li>\n<li>TEE\/LCI\/012\/2024 &#8211; Carlos Alberto Robles Escobar<\/li>\n<\/ul>\n<p><!--more--><\/p>\n<h3><strong>TEE\/RAP\/001\/2024,&nbsp; TEE\/RAP\/002\/2024,&nbsp; TEE\/RAP\/003\/2024, TEE\/RAP\/004\/2024, TEE\/RAP\/006\/2024, TEE\/RAP\/008\/2024, TEE\/RAP\/012\/2024 y TEE\/JEL\/002\/2024, acumulados<br \/>\n<\/strong><\/h3>\n<p><strong>Actor:<\/strong> Partido Verde Ecologista, Partido de la Revoluci\u00f3n Democr\u00e1tica, Partido Movimiento Laborista Guerrero, Partido Revolucionario Institucional, Partido M\u00e9xico Avanza, Partido Movimiento Ciudadano, Partido de la Sustentabilidad Guerrerense y Consejera Presidenta del Instituto Electoral Local<\/p>\n<p><strong>Autoridad responsable:<\/strong> Instituto Electoral y de Participaci\u00f3n Ciudadana del Estado de Guerrero y otro<\/p>\n<p><strong>Descarga:<\/strong> <a href=\"https:\/\/teegro.gob.mx\/sitio2023\/wp-content\/uploads\/2024\/02\/TEE-RAP-001-2024-y-Acumulados.pdf\">Descarga<\/a><\/p>\n<p><strong>Descarga:<\/strong> <a href=\"https:\/\/teegro.gob.mx\/sitio2023\/wp-content\/uploads\/2024\/02\/TEE-JEL-002-2024.pdf\">Descarga<\/a> (TEE-JEL-002-2024)<\/p>\n<h3><strong>TEE\/RAP\/005\/2024<br \/>\n<\/strong><\/h3>\n<p><strong>Actor:<\/strong> Representante del Partido de la Revoluci\u00f3n Democr\u00e1tica<\/p>\n<p><strong>Autoridad responsable:<\/strong> Instituto Electoral y de Participaci\u00f3n Ciudadana del Estado de Guerrero<\/p>\n<p><strong>Descarga:<\/strong> <a href=\"https:\/\/teegro.gob.mx\/sitio2023\/wp-content\/uploads\/2024\/02\/TEE-RAP-005-2024.pdf\">Descarga<\/a><\/p>\n<h3><strong>TEE\/RAP\/007\/2024<br \/>\n<\/strong><\/h3>\n<p><strong>Actor:<\/strong> Miguel \u00c1ngel Rend\u00f3n Liborio<\/p>\n<p><strong>Autoridad responsable:<\/strong> Instituto Electoral y de Participaci\u00f3n Ciudadana del Estado de Guerrero<\/p>\n<p><strong>Descarga:<\/strong> <a href=\"https:\/\/teegro.gob.mx\/sitio2023\/wp-content\/uploads\/2024\/02\/TEE-RAP-007-2024.pdf\">Descarga<\/a><\/p>\n<h3><strong>TEE\/PES\/004\/2024<br \/>\n<\/strong><\/h3>\n<p><strong>Denunciante:<\/strong> Raquel Garc\u00eda Ordu\u00f1o<\/p>\n<p><strong>Denunciado:<\/strong> Medios de Comunicaci\u00f3n en Facebook \u201cinter Abec\u201d \u201cLa Noticia en la Monta\u00f1a\u201d y \u201cChilpancingo en Alerta\u201d<\/p>\n<p><strong>Descarga:<\/strong> <a href=\"https:\/\/teegro.gob.mx\/sitio2023\/wp-content\/uploads\/2024\/02\/TEE-PES-004-2024.pdf\">Descarga<\/a><\/p>\n<h3><strong>TEE\/JEC\/004\/2024<br \/>\n<\/strong><\/h3>\n<p><strong>Actor: <\/strong> Alberta Castorena Catal\u00e1n y otra persona<\/p>\n<p><strong>Autoridad responsable:<\/strong> Comisi\u00f3n Estatal de Justicia Partidaria del Partido Revolucionario Institucional<\/p>\n<p><strong>Descarga:<\/strong> <a href=\"https:\/\/teegro.gob.mx\/sitio2023\/wp-content\/uploads\/2024\/02\/TEE-JEC-004-2024.pdf\">Descarga<\/a><\/p>\n<h3><strong>TEE\/LCI\/012\/2024<br \/>\n<\/strong><\/h3>\n<p><strong>Actor:<\/strong> Carlos Alberto Robles Escobar<\/p>\n<p><strong>Autoridad responsable:<\/strong> Instituto Electoral y de Participaci\u00f3n Ciudadana del Estado de Guerrero<\/p>\n<p><strong>Descarga:<\/strong> <a href=\"https:\/\/teegro.gob.mx\/sitio2023\/wp-content\/uploads\/2024\/02\/TEE-LCI-012-2024.pdf\">Descarga<\/a><\/p>\n","protected":false},"excerpt":{"rendered":"<p>Orden del d\u00eda V\u00eddeo de la Sesi\u00f3n Contenido TEE\/RAP\/001\/2024,&nbsp; TEE\/RAP\/002\/2024,&nbsp; TEE\/RAP\/003\/2024, TEE\/RAP\/004\/2024, TEE\/RAP\/006\/2024, TEE\/RAP\/008\/2024, TEE\/RAP\/012\/2024 y TEE\/JEL\/002\/2024, acumulados &#8211; Partido Verde Ecologista, Partido de la Revoluci\u00f3n Democr\u00e1tica, Partido Movimiento Laborista Guerrero, Partido Revolucionario Institucional, Partido M\u00e9xico Avanza, Partido Movimiento Ciudadano, Partido de la Sustentabilidad Guerrerense y Consejera Presidenta del Instituto Electoral Local TEE\/RAP\/005\/2024 &#8211; Representante [&hellip;]<\/p>\n","protected":false},"author":1,"featured_media":0,"comment_status":"open","ping_status":"open","sticky":false,"template":"","format":"standard","meta":{"_acf_changed":false,"footnotes":""},"categories":[210],"tags":[],"class_list":["post-12822","post","type-post","status-publish","format-standard","hentry","category-gaceta"],"acf":[],"_links":{"self":[{"href":"https:\/\/teegro.gob.mx\/sitio2025\/wp-json\/wp\/v2\/posts\/12822","targetHints":{"allow":["GET"]}}],"collection":[{"href":"https:\/\/teegro.gob.mx\/sitio2025\/wp-json\/wp\/v2\/posts"}],"about":[{"href":"https:\/\/teegro.gob.mx\/sitio2025\/wp-json\/wp\/v2\/types\/post"}],"author":[{"embeddable":true,"href":"https:\/\/teegro.gob.mx\/sitio2025\/wp-json\/wp\/v2\/users\/1"}],"replies":[{"embeddable":true,"href":"https:\/\/teegro.gob.mx\/sitio2025\/wp-json\/wp\/v2\/comments?post=12822"}],"version-history":[{"count":10,"href":"https:\/\/teegro.gob.mx\/sitio2025\/wp-json\/wp\/v2\/posts\/12822\/revisions"}],"predecessor-version":[{"id":12841,"href":"https:\/\/teegro.gob.mx\/sitio2025\/wp-json\/wp\/v2\/posts\/12822\/revisions\/12841"}],"wp:attachment":[{"href":"https:\/\/teegro.gob.mx\/sitio2025\/wp-json\/wp\/v2\/media?parent=12822"}],"wp:term":[{"taxonomy":"category","embeddable":true,"href":"https:\/\/teegro.gob.mx\/sitio2025\/wp-json\/wp\/v2\/categories?post=12822"},{"taxonomy":"post_tag","embeddable":true,"href":"https:\/\/teegro.gob.mx\/sitio2025\/wp-json\/wp\/v2\/tags?post=12822"}],"curies":[{"name":"wp","href":"https:\/\/api.w.org\/{rel}","templated":true}]}}