{"id":12848,"date":"2024-02-28T13:22:09","date_gmt":"2024-02-28T19:22:09","guid":{"rendered":"https:\/\/teegro.gob.mx\/sitio2023\/?p=12848"},"modified":"2024-02-29T13:57:06","modified_gmt":"2024-02-29T19:57:06","slug":"decima-primera-sesion-29-de-febrero","status":"publish","type":"post","link":"https:\/\/teegro.gob.mx\/sitio2025\/decima-primera-sesion-29-de-febrero\/","title":{"rendered":"D\u00e9cima Primera Sesi\u00f3n &#8211; 29 de Febrero"},"content":{"rendered":"<p><!-- VideographyWP Plugin Message: Automatic video embedding prevented by plugin options. --><\/p>\n<ul>\n<li><a href=\"https:\/\/teegro.gob.mx\/sitio2023\/wp-content\/uploads\/2024\/02\/Lista290224.pdf\">Orden del d\u00eda<\/a><\/li>\n<li><a href=\"https:\/\/youtu.be\/Xqj_bf54WNI\">V\u00eddeo de la Sesi\u00f3n<\/a><\/li>\n<\/ul>\n<h3>Contenido<\/h3>\n<ul>\n<li>TEE\/JEC\/073\/2023 <strong>Acuerdo Plenario<\/strong> &#8211; Nereida de Jes\u00fas Silvar Bravo<\/li>\n<li>TEE\/JEC\/002\/2024 &#8211; Representante del Pueblo Afromexicano ante el Instituto Electoral y de Participaci\u00f3n Ciudadana del Estado de Guerrero<\/li>\n<\/ul>\n<p><!--more--><\/p>\n<h3><strong>TEE\/JEC\/073\/2023 Acuerdo Plenario<br \/>\n<\/strong><\/h3>\n<p><strong>Actor:<\/strong> Nereida de Jes\u00fas Silvar Bravo<\/p>\n<p><strong>Autoridad responsable:<\/strong> Coordinador de la Comisi\u00f3n Operativa Estatal del Partido Movimiento Ciudadano<\/p>\n<p><strong>Descarga:<\/strong> <a href=\"https:\/\/teegro.gob.mx\/sitio2023\/wp-content\/uploads\/2024\/02\/TEE-JEC-073-2023-Acuerdo.pdf\">Descarga<\/a><\/p>\n<h3><strong>TEE\/JEC\/002\/2024<br \/>\n<\/strong><\/h3>\n<p><strong>Actor:<\/strong> Representante del Pueblo Afromexicano ante el Instituto Electoral y de Participaci\u00f3n Ciudadana del Estado de Guerrero<\/p>\n<p><strong>Autoridad responsable:<\/strong> Instituto Electoral y de Participaci\u00f3n Ciudadana del Estado de Guerrero<\/p>\n<p><strong>Descarga:<\/strong> <a href=\"https:\/\/teegro.gob.mx\/sitio2023\/wp-content\/uploads\/2024\/02\/TEE-JEC-002-2024.pdf\">Descarga<\/a><\/p>\n","protected":false},"excerpt":{"rendered":"<p>Orden del d\u00eda V\u00eddeo de la Sesi\u00f3n Contenido TEE\/JEC\/073\/2023 Acuerdo Plenario &#8211; Nereida de Jes\u00fas Silvar Bravo TEE\/JEC\/002\/2024 &#8211; Representante del Pueblo Afromexicano ante el Instituto Electoral y de Participaci\u00f3n Ciudadana del Estado de Guerrero<\/p>\n","protected":false},"author":1,"featured_media":0,"comment_status":"open","ping_status":"open","sticky":false,"template":"","format":"standard","meta":{"_acf_changed":false,"footnotes":""},"categories":[210],"tags":[],"class_list":["post-12848","post","type-post","status-publish","format-standard","hentry","category-gaceta"],"acf":[],"_links":{"self":[{"href":"https:\/\/teegro.gob.mx\/sitio2025\/wp-json\/wp\/v2\/posts\/12848","targetHints":{"allow":["GET"]}}],"collection":[{"href":"https:\/\/teegro.gob.mx\/sitio2025\/wp-json\/wp\/v2\/posts"}],"about":[{"href":"https:\/\/teegro.gob.mx\/sitio2025\/wp-json\/wp\/v2\/types\/post"}],"author":[{"embeddable":true,"href":"https:\/\/teegro.gob.mx\/sitio2025\/wp-json\/wp\/v2\/users\/1"}],"replies":[{"embeddable":true,"href":"https:\/\/teegro.gob.mx\/sitio2025\/wp-json\/wp\/v2\/comments?post=12848"}],"version-history":[{"count":8,"href":"https:\/\/teegro.gob.mx\/sitio2025\/wp-json\/wp\/v2\/posts\/12848\/revisions"}],"predecessor-version":[{"id":12859,"href":"https:\/\/teegro.gob.mx\/sitio2025\/wp-json\/wp\/v2\/posts\/12848\/revisions\/12859"}],"wp:attachment":[{"href":"https:\/\/teegro.gob.mx\/sitio2025\/wp-json\/wp\/v2\/media?parent=12848"}],"wp:term":[{"taxonomy":"category","embeddable":true,"href":"https:\/\/teegro.gob.mx\/sitio2025\/wp-json\/wp\/v2\/categories?post=12848"},{"taxonomy":"post_tag","embeddable":true,"href":"https:\/\/teegro.gob.mx\/sitio2025\/wp-json\/wp\/v2\/tags?post=12848"}],"curies":[{"name":"wp","href":"https:\/\/api.w.org\/{rel}","templated":true}]}}