{"id":12912,"date":"2024-03-14T14:51:37","date_gmt":"2024-03-14T20:51:37","guid":{"rendered":"https:\/\/teegro.gob.mx\/sitio2023\/?p=12912"},"modified":"2024-03-15T13:42:23","modified_gmt":"2024-03-15T19:42:23","slug":"decima-tercera-sesion-15-de-marzo","status":"publish","type":"post","link":"https:\/\/teegro.gob.mx\/sitio2025\/decima-tercera-sesion-15-de-marzo\/","title":{"rendered":"D\u00e9cima Tercera Sesi\u00f3n &#8211; 15 de Marzo"},"content":{"rendered":"<p><!-- VideographyWP Plugin Message: Automatic video embedding prevented by plugin options. --><\/p>\n<ul>\n<li><a href=\"https:\/\/teegro.gob.mx\/sitio2023\/wp-content\/uploads\/2024\/03\/Lista150324.pdf\">Orden del d\u00eda<\/a><\/li>\n<li><a href=\"https:\/\/youtu.be\/qjwsiBInPaE\">V\u00eddeo de la Sesi\u00f3n<\/a><\/li>\n<\/ul>\n<h3>Contenido<\/h3>\n<ul>\n<li>TEE\/JEC\/004\/2024 <strong>Acuerdo Plenario<\/strong> &#8211; Alberto Castorena Catal\u00e1n y otra persona<\/li>\n<li>TEE\/JEC\/085\/2023 &#8211; Mois\u00e9s N\u00fa\u00f1ez Rayo<\/li>\n<li>TEE\/RAP\/013\/2024 &#8211; Representante del Partido Morena<\/li>\n<li>TEE\/LCT\/014\/2024 &#8211; Jarin Elyasib Goicochea Diaz<\/li>\n<\/ul>\n<p><!--more--><\/p>\n<h3><strong>TEE\/JEC\/004\/2024 Acuerdo Plenario<br \/>\n<\/strong><\/h3>\n<p><strong>Actor:<\/strong> Alberto Castorena Catal\u00e1n y otra persona<\/p>\n<p><strong>Autoridad responsable:<\/strong> Comisi\u00f3n Estatal de Justicia Partidaria del Partido Revolucionario Institucional<\/p>\n<p><strong>Descarga:<\/strong> <a href=\"https:\/\/teegro.gob.mx\/sitio2023\/wp-content\/uploads\/2024\/03\/TEE-JEC-004-2024-Acuerdo.pdf\">Descarga<\/a><\/p>\n<h3><strong>TEE\/JEC\/085\/2023<br \/>\n<\/strong><\/h3>\n<p><strong>Actor:<\/strong> Mois\u00e9s N\u00fa\u00f1ez Rayo<\/p>\n<p><strong>Autoridad responsable:<\/strong> Instituto Electoral y de Participaci\u00f3n Ciudadana del Estado de Guerrero<\/p>\n<p><strong>Descarga:<\/strong> <a href=\"https:\/\/teegro.gob.mx\/sitio2023\/wp-content\/uploads\/2024\/03\/TEE-JEC-085-2023.pdf\">Descarga<\/a><\/p>\n<h3><strong>TEE\/RAP\/013\/2024<br \/>\n<\/strong><\/h3>\n<p><strong>Actor:<\/strong> Representante del Partido Morena<\/p>\n<p><strong>Autoridad responsable:<\/strong> Instituto Electoral y de Participaci\u00f3n Ciudadana del Estado de Guerrero<\/p>\n<p><strong>Descarga:<\/strong> <a href=\"https:\/\/teegro.gob.mx\/sitio2023\/wp-content\/uploads\/2024\/03\/TEE-RAP-013-2024.pdf\">Descarga<\/a><\/p>\n<h3><strong>TEE\/LCT\/014\/2024<br \/>\n<\/strong><\/h3>\n<p><strong>Actor:<\/strong> Jarin Elyasib Goicochea Diaz<\/p>\n<p><strong>Autoridad responsable:<\/strong> Tribunal Electoral del Estado de Guerrero<\/p>\n<p><strong>Descarga:<\/strong> <a href=\"https:\/\/teegro.gob.mx\/sitio2023\/wp-content\/uploads\/2024\/03\/TEE-LCT-014-2024.pdf\">Descarga<\/a><\/p>\n","protected":false},"excerpt":{"rendered":"<p>Orden del d\u00eda V\u00eddeo de la Sesi\u00f3n Contenido TEE\/JEC\/004\/2024 Acuerdo Plenario &#8211; Alberto Castorena Catal\u00e1n y otra persona TEE\/JEC\/085\/2023 &#8211; Mois\u00e9s N\u00fa\u00f1ez Rayo TEE\/RAP\/013\/2024 &#8211; Representante del Partido Morena TEE\/LCT\/014\/2024 &#8211; Jarin Elyasib Goicochea Diaz<\/p>\n","protected":false},"author":1,"featured_media":0,"comment_status":"open","ping_status":"open","sticky":false,"template":"","format":"standard","meta":{"_acf_changed":false,"footnotes":""},"categories":[210],"tags":[],"class_list":["post-12912","post","type-post","status-publish","format-standard","hentry","category-gaceta"],"acf":[],"_links":{"self":[{"href":"https:\/\/teegro.gob.mx\/sitio2025\/wp-json\/wp\/v2\/posts\/12912","targetHints":{"allow":["GET"]}}],"collection":[{"href":"https:\/\/teegro.gob.mx\/sitio2025\/wp-json\/wp\/v2\/posts"}],"about":[{"href":"https:\/\/teegro.gob.mx\/sitio2025\/wp-json\/wp\/v2\/types\/post"}],"author":[{"embeddable":true,"href":"https:\/\/teegro.gob.mx\/sitio2025\/wp-json\/wp\/v2\/users\/1"}],"replies":[{"embeddable":true,"href":"https:\/\/teegro.gob.mx\/sitio2025\/wp-json\/wp\/v2\/comments?post=12912"}],"version-history":[{"count":10,"href":"https:\/\/teegro.gob.mx\/sitio2025\/wp-json\/wp\/v2\/posts\/12912\/revisions"}],"predecessor-version":[{"id":12927,"href":"https:\/\/teegro.gob.mx\/sitio2025\/wp-json\/wp\/v2\/posts\/12912\/revisions\/12927"}],"wp:attachment":[{"href":"https:\/\/teegro.gob.mx\/sitio2025\/wp-json\/wp\/v2\/media?parent=12912"}],"wp:term":[{"taxonomy":"category","embeddable":true,"href":"https:\/\/teegro.gob.mx\/sitio2025\/wp-json\/wp\/v2\/categories?post=12912"},{"taxonomy":"post_tag","embeddable":true,"href":"https:\/\/teegro.gob.mx\/sitio2025\/wp-json\/wp\/v2\/tags?post=12912"}],"curies":[{"name":"wp","href":"https:\/\/api.w.org\/{rel}","templated":true}]}}