{"id":12931,"date":"2024-03-20T16:18:21","date_gmt":"2024-03-20T22:18:21","guid":{"rendered":"https:\/\/teegro.gob.mx\/sitio2023\/?p=12931"},"modified":"2024-03-21T15:55:25","modified_gmt":"2024-03-21T21:55:25","slug":"decima-cuarta-sesion-21-de-marzo","status":"publish","type":"post","link":"https:\/\/teegro.gob.mx\/sitio2025\/decima-cuarta-sesion-21-de-marzo\/","title":{"rendered":"D\u00e9cima Cuarta Sesi\u00f3n &#8211; 21 de Marzo"},"content":{"rendered":"<p><!-- VideographyWP Plugin Message: Automatic video embedding prevented by plugin options. --><\/p>\n<ul>\n<li><a href=\"https:\/\/teegro.gob.mx\/sitio2023\/wp-content\/uploads\/2024\/03\/Lista210324.pdf\">Orden del d\u00eda<\/a><\/li>\n<li><a href=\"https:\/\/youtu.be\/pz_lf0QzsFU\">V\u00eddeo de la Sesi\u00f3n<\/a><\/li>\n<\/ul>\n<h3>Contenido<\/h3>\n<ul>\n<li>TEE\/JEC\/004\/2023 <strong>Acuerdo Plenario<\/strong> &#8211; Artemio Le\u00f3n Leal<\/li>\n<li>TEE\/JEC\/076\/2023, TEE\/JEC\/077\/2023, TEE\/JEC\/078\/2023, TEE\/JEC\/079\/2023, TEE\/JEC\/080\/2023 y TEE\/RAP\/021\/2023, acumulados <strong>Acuerdo Plenario<\/strong> &#8211; PRI<\/li>\n<li>TEE\/PES\/005\/2024 &#8211; Morena<\/li>\n<li>TEE\/JEC\/006\/2024 &#8211; Guadalupe Ch\u00e1vez Hern\u00e1ndez<\/li>\n<li>TEE\/RAP\/014\/2024 &#8211; Morena<\/li>\n<\/ul>\n<p><!--more--><\/p>\n<h3><strong>TEE\/<\/strong>JEC\/004\/2023 <strong>Acuerdo Plenario<br \/>\n<\/strong><\/h3>\n<p><strong>Actor:<\/strong> Artemio Le\u00f3n Leal<\/p>\n<p><strong>Autoridad responsable:<\/strong> Ayuntamiento de Metlat\u00f3noc, Guerrero<\/p>\n<p><strong>Descarga:<\/strong> <a href=\"https:\/\/teegro.gob.mx\/sitio2023\/wp-content\/uploads\/2024\/03\/TEE-JEC-004-2023-Acuerdo.pdf\">Descarga<\/a><\/p>\n<h3><strong>TEE\/<\/strong>JEC\/076\/2023, TEE\/JEC\/077\/2023, TEE\/JEC\/078\/2023, TEE\/JEC\/079\/2023, TEE\/JEC\/080\/2023 y TEE\/RAP\/021\/2023, acumulados <strong>Acuerdo Plenario<br \/>\n<\/strong><\/h3>\n<p><strong>Actor:<\/strong> PRI<\/p>\n<p><strong>Autoridad responsable:<\/strong> Instituto Electoral y de Participaci\u00f3n Ciudadana del Estado de Guerrero<\/p>\n<p style=\"text-align: left;\"><strong>Descarga:<\/strong> <a href=\"https:\/\/teegro.gob.mx\/sitio2023\/wp-content\/uploads\/2024\/03\/TEE-JEC-076-2023-y-Acumulados-Acuerdo.pdf\">Descarga<\/a><\/p>\n<h3><strong>TEE\/PES\/005\/2024<br \/>\n<\/strong><\/h3>\n<p><strong>Denunciante:<\/strong> Morena<\/p>\n<p><strong>Denunciado:<\/strong> PBG<\/p>\n<p><strong>Descarga:<\/strong> <a href=\"https:\/\/teegro.gob.mx\/sitio2023\/wp-content\/uploads\/2024\/03\/TEE-PES-005-2024.pdf\">Descarga<\/a><\/p>\n<h3><strong>TEE\/JEC\/006\/2024<br \/>\n<\/strong><\/h3>\n<p><strong>Actor:<\/strong> Guadalupe Ch\u00e1vez Hern\u00e1ndez<\/p>\n<p><strong>Autoridad responsable:<\/strong> Ayuntamiento de Cochoapa el Grande, Guerrero<\/p>\n<p><strong>Descarga:<\/strong> <a href=\"https:\/\/teegro.gob.mx\/sitio2023\/wp-content\/uploads\/2024\/03\/TEE-JEC-006-2024.pdf\">Descarga<\/a><\/p>\n<h3><strong>TEE\/RAP\/014\/2024<br \/>\n<\/strong><\/h3>\n<p><strong>Actor:<\/strong> Morena&nbsp;<\/p>\n<p><strong>Autoridad responsable:<\/strong> Instituto Electoral y de Participaci\u00f3n Ciudadana del Estado de Guerrero<\/p>\n<p><strong>Descarga:<\/strong> <a href=\"https:\/\/teegro.gob.mx\/sitio2023\/wp-content\/uploads\/2024\/03\/TEE-RAP-014-2024.pdf\">Descarga<\/a><\/p>\n","protected":false},"excerpt":{"rendered":"<p>Orden del d\u00eda V\u00eddeo de la Sesi\u00f3n Contenido TEE\/JEC\/004\/2023 Acuerdo Plenario &#8211; Artemio Le\u00f3n Leal TEE\/JEC\/076\/2023, TEE\/JEC\/077\/2023, TEE\/JEC\/078\/2023, TEE\/JEC\/079\/2023, TEE\/JEC\/080\/2023 y TEE\/RAP\/021\/2023, acumulados Acuerdo Plenario &#8211; PRI TEE\/PES\/005\/2024 &#8211; Morena TEE\/JEC\/006\/2024 &#8211; Guadalupe Ch\u00e1vez Hern\u00e1ndez TEE\/RAP\/014\/2024 &#8211; Morena<\/p>\n","protected":false},"author":1,"featured_media":0,"comment_status":"open","ping_status":"open","sticky":false,"template":"","format":"standard","meta":{"_acf_changed":false,"footnotes":""},"categories":[210],"tags":[],"class_list":["post-12931","post","type-post","status-publish","format-standard","hentry","category-gaceta"],"acf":[],"_links":{"self":[{"href":"https:\/\/teegro.gob.mx\/sitio2025\/wp-json\/wp\/v2\/posts\/12931","targetHints":{"allow":["GET"]}}],"collection":[{"href":"https:\/\/teegro.gob.mx\/sitio2025\/wp-json\/wp\/v2\/posts"}],"about":[{"href":"https:\/\/teegro.gob.mx\/sitio2025\/wp-json\/wp\/v2\/types\/post"}],"author":[{"embeddable":true,"href":"https:\/\/teegro.gob.mx\/sitio2025\/wp-json\/wp\/v2\/users\/1"}],"replies":[{"embeddable":true,"href":"https:\/\/teegro.gob.mx\/sitio2025\/wp-json\/wp\/v2\/comments?post=12931"}],"version-history":[{"count":11,"href":"https:\/\/teegro.gob.mx\/sitio2025\/wp-json\/wp\/v2\/posts\/12931\/revisions"}],"predecessor-version":[{"id":12949,"href":"https:\/\/teegro.gob.mx\/sitio2025\/wp-json\/wp\/v2\/posts\/12931\/revisions\/12949"}],"wp:attachment":[{"href":"https:\/\/teegro.gob.mx\/sitio2025\/wp-json\/wp\/v2\/media?parent=12931"}],"wp:term":[{"taxonomy":"category","embeddable":true,"href":"https:\/\/teegro.gob.mx\/sitio2025\/wp-json\/wp\/v2\/categories?post=12931"},{"taxonomy":"post_tag","embeddable":true,"href":"https:\/\/teegro.gob.mx\/sitio2025\/wp-json\/wp\/v2\/tags?post=12931"}],"curies":[{"name":"wp","href":"https:\/\/api.w.org\/{rel}","templated":true}]}}