{"id":12952,"date":"2024-03-26T14:03:38","date_gmt":"2024-03-26T20:03:38","guid":{"rendered":"https:\/\/teegro.gob.mx\/sitio2023\/?p=12952"},"modified":"2024-03-27T14:16:10","modified_gmt":"2024-03-27T20:16:10","slug":"decima-quinta-sesion-21-de-marzo","status":"publish","type":"post","link":"https:\/\/teegro.gob.mx\/sitio2025\/decima-quinta-sesion-21-de-marzo\/","title":{"rendered":"D\u00e9cima Quinta Sesi\u00f3n &#8211; 27 de Marzo"},"content":{"rendered":"<p><!-- VideographyWP Plugin Message: Automatic video embedding prevented by plugin options. --><\/p>\n<ul>\n<li><a href=\"https:\/\/teegro.gob.mx\/sitio2023\/wp-content\/uploads\/2024\/03\/Lista270324.pdf\">Orden del d\u00eda<\/a><\/li>\n<li><a href=\"https:\/\/youtu.be\/zUk8cj0Lz9Q\">V\u00eddeo de la Sesi\u00f3n<\/a><\/li>\n<\/ul>\n<h3>Contenido<\/h3>\n<ul>\n<li>TEE\/JEC\/001\/2024 <strong>Acuerdo Plenario<\/strong> &#8211; Mijane Jim\u00e9nez Salinas<\/li>\n<li>TEE\/JEC\/009\/2024 <strong>Acuerdo Plenario<\/strong> &#8211; Demian Miranda Morales<\/li>\n<li>TEE\/JEC\/013\/2024 <strong>Acuerdo Plenario<\/strong> &#8211; Proceso Gonz\u00e1lez Calleja<\/li>\n<li>TEE\/JEC\/010\/2024 <strong>Acuerdo Plenario<\/strong> &#8211; Javier V\u00e1zquez Ayala<\/li>\n<li>TEE\/JEC\/027\/2023 <strong>Acuerdo Plenario<\/strong> &#8211; Bruno Calixto R\u00edos D\u00edaz<\/li>\n<li>TEE\/JEC\/064\/2023 <strong>Acuerdo Plenario<\/strong> &#8211; Carlos Arturo Mill\u00e1n S\u00e1nchez<\/li>\n<li>TEE\/JEC\/011\/2024 <strong>Acuerdo Plenario<\/strong> &#8211; Hans Alberto Arciniega Miranda<\/li>\n<li>TEE\/PES\/006\/2024 &#8211; MORENA<\/li>\n<li>TEE\/RAP\/015\/2024 &#8211; PESG<\/li>\n<li>TEE\/LCI\/015\/2024 &#8211; Miguel \u00c1ngel Oliveros Mart\u00ednez<\/li>\n<\/ul>\n<p><!--more--><\/p>\n<h3><strong>TEE\/JEC\/001\/2024 Acuerdo Plenario<br \/>\n<\/strong><\/h3>\n<p><strong>Actor:<\/strong> Mijane Jim\u00e9nez Salinas<\/p>\n<p><strong>Autoridad responsable:<\/strong> IEPC<\/p>\n<p><strong>Descarga:<\/strong> <a href=\"https:\/\/teegro.gob.mx\/sitio2023\/wp-content\/uploads\/2024\/03\/TEE-JEC-001-2024-Acuerdo.pdf\">Descarga<\/a><\/p>\n<h3><strong>TEE\/JEC\/009\/2024 Acuerdo Plenario<br \/>\n<\/strong><\/h3>\n<p><strong>Actor:<\/strong> Demian Miranda Morales<\/p>\n<p><strong>Autoridad responsable:<\/strong> MORENA<\/p>\n<p><strong>Descarga:<\/strong> <a href=\"https:\/\/teegro.gob.mx\/sitio2023\/wp-content\/uploads\/2024\/03\/TEE-JEC-009-2024-Acuerdo.pdf\">Descarga<\/a><\/p>\n<h3><strong>TEE\/JEC\/013\/2024 Acuerdo Plenario<br \/>\n<\/strong><\/h3>\n<p><strong>Actor:<\/strong> Proceso Gonz\u00e1lez Calleja<\/p>\n<p><strong>Autoridad responsable:<\/strong> MORENA<\/p>\n<p><strong>Descarga:<\/strong> <a href=\"https:\/\/teegro.gob.mx\/sitio2023\/wp-content\/uploads\/2024\/03\/TEE-JEC-013-2024-Acuerdo.pdf\">Descarga<\/a><\/p>\n<h3><strong>TEE\/JEC\/010\/2024 Acuerdo Plenario<br \/>\n<\/strong><\/h3>\n<p><strong>Actor:<\/strong> Javier V\u00e1zquez Ayala<\/p>\n<p><strong>Autoridad responsable:<\/strong> PRI<\/p>\n<p><strong>Descarga:<\/strong> <a href=\"https:\/\/teegro.gob.mx\/sitio2023\/wp-content\/uploads\/2024\/03\/TEE-JEC_010-2024-Acuerdo.pdf\">Descarga<\/a><\/p>\n<h3><strong>TEE\/JEC\/027\/2023 Acuerdo Plenario<br \/>\n<\/strong><\/h3>\n<p><strong>Actor:<\/strong> Bruno Calixto R\u00edos D\u00edaz<\/p>\n<p><strong>Autoridad responsable:<\/strong> PAN<\/p>\n<p><strong>Descarga:<\/strong> <a href=\"https:\/\/teegro.gob.mx\/sitio2023\/wp-content\/uploads\/2024\/03\/TEE-JEC-027-2023-Acuerdo.pdf\">Descarga<\/a><\/p>\n<h3><strong>TEE\/JEC\/064\/2023 Acuerdo Plenario<br \/>\n<\/strong><\/h3>\n<p><strong>Actor:<\/strong> Carlos Arturo Mill\u00e1n S\u00e1nchez<\/p>\n<p><strong>Autoridad responsable:<\/strong> PAN<\/p>\n<p><strong>Descarga:<\/strong> <a href=\"https:\/\/teegro.gob.mx\/sitio2023\/wp-content\/uploads\/2024\/03\/TEE-JEC-064-2023-Acuerdo.pdf\">Descarga<\/a><\/p>\n<h3><strong>TEE\/JEC\/011\/2024 Acuerdo Plenario<br \/>\n<\/strong><\/h3>\n<p><strong>Actor:<\/strong> Hans Alberto Arciniega Miranda<\/p>\n<p><strong>Autoridad responsable:<\/strong> MORENA<\/p>\n<p><strong>Descarga:<\/strong> <a href=\"https:\/\/teegro.gob.mx\/sitio2023\/wp-content\/uploads\/2024\/03\/TEE-JEC-011-2024-Acuerdo.pdf\">Descarga<\/a><\/p>\n<h3><strong>TEE\/PES\/006\/2024<\/strong><strong><br \/>\n<\/strong><\/h3>\n<p><strong>Denunciante:<\/strong> MORENA<\/p>\n<p><strong>Denunciado:<\/strong> Marco Cesar Arment<a href=\"https:\/\/teegro.gob.mx\/sitio2023\/wp-content\/uploads\/2024\/03\/TEE-PES-006-2024.pdf\">a Adame<\/a><\/p>\n<p><strong>Descarga:<\/strong> <a href=\"https:\/\/teegro.gob.mx\/sitio2023\/wp-content\/uploads\/2024\/03\/TEE-PES-006-2024.pdf\">Descarga<\/a><\/p>\n<h3><strong>TEE\/RAP\/015\/2024<\/strong><strong><br \/>\n<\/strong><\/h3>\n<p><strong>Actor:<\/strong> PESG<\/p>\n<p><strong>Autoridad responsable:<\/strong> IEPC<\/p>\n<p><strong>Descarga:<\/strong> <a href=\"https:\/\/teegro.gob.mx\/sitio2023\/wp-content\/uploads\/2024\/03\/TEE-RAP-015-2024.pdf\">Descarga<\/a><\/p>\n<h3><strong>TEE\/LCI\/015\/2024<\/strong><strong><br \/>\n<\/strong><\/h3>\n<p><strong>Compareciente:<\/strong> Miguel \u00c1ngel Oliveros Mart\u00ednez<\/p>\n<p><strong>Autoridad responsable:<\/strong> IEPC<\/p>\n<p><strong>Descarga:<\/strong> <a href=\"https:\/\/teegro.gob.mx\/sitio2023\/wp-content\/uploads\/2024\/03\/TEE-LCI-015-2024.pdf\">Descarga<\/a><\/p>\n","protected":false},"excerpt":{"rendered":"<p>Orden del d\u00eda V\u00eddeo de la Sesi\u00f3n Contenido TEE\/JEC\/001\/2024 Acuerdo Plenario &#8211; Mijane Jim\u00e9nez Salinas TEE\/JEC\/009\/2024 Acuerdo Plenario &#8211; Demian Miranda Morales TEE\/JEC\/013\/2024 Acuerdo Plenario &#8211; Proceso Gonz\u00e1lez Calleja TEE\/JEC\/010\/2024 Acuerdo Plenario &#8211; Javier V\u00e1zquez Ayala TEE\/JEC\/027\/2023 Acuerdo Plenario &#8211; Bruno Calixto R\u00edos D\u00edaz TEE\/JEC\/064\/2023 Acuerdo Plenario &#8211; Carlos Arturo Mill\u00e1n S\u00e1nchez TEE\/JEC\/011\/2024 Acuerdo Plenario [&hellip;]<\/p>\n","protected":false},"author":1,"featured_media":0,"comment_status":"open","ping_status":"open","sticky":false,"template":"","format":"standard","meta":{"_acf_changed":false,"footnotes":""},"categories":[210],"tags":[],"class_list":["post-12952","post","type-post","status-publish","format-standard","hentry","category-gaceta"],"acf":[],"_links":{"self":[{"href":"https:\/\/teegro.gob.mx\/sitio2025\/wp-json\/wp\/v2\/posts\/12952","targetHints":{"allow":["GET"]}}],"collection":[{"href":"https:\/\/teegro.gob.mx\/sitio2025\/wp-json\/wp\/v2\/posts"}],"about":[{"href":"https:\/\/teegro.gob.mx\/sitio2025\/wp-json\/wp\/v2\/types\/post"}],"author":[{"embeddable":true,"href":"https:\/\/teegro.gob.mx\/sitio2025\/wp-json\/wp\/v2\/users\/1"}],"replies":[{"embeddable":true,"href":"https:\/\/teegro.gob.mx\/sitio2025\/wp-json\/wp\/v2\/comments?post=12952"}],"version-history":[{"count":21,"href":"https:\/\/teegro.gob.mx\/sitio2025\/wp-json\/wp\/v2\/posts\/12952\/revisions"}],"predecessor-version":[{"id":12987,"href":"https:\/\/teegro.gob.mx\/sitio2025\/wp-json\/wp\/v2\/posts\/12952\/revisions\/12987"}],"wp:attachment":[{"href":"https:\/\/teegro.gob.mx\/sitio2025\/wp-json\/wp\/v2\/media?parent=12952"}],"wp:term":[{"taxonomy":"category","embeddable":true,"href":"https:\/\/teegro.gob.mx\/sitio2025\/wp-json\/wp\/v2\/categories?post=12952"},{"taxonomy":"post_tag","embeddable":true,"href":"https:\/\/teegro.gob.mx\/sitio2025\/wp-json\/wp\/v2\/tags?post=12952"}],"curies":[{"name":"wp","href":"https:\/\/api.w.org\/{rel}","templated":true}]}}