{"id":12996,"date":"2024-04-03T14:33:09","date_gmt":"2024-04-03T20:33:09","guid":{"rendered":"https:\/\/teegro.gob.mx\/sitio2023\/?p=12996"},"modified":"2024-04-04T15:30:19","modified_gmt":"2024-04-04T21:30:19","slug":"decima-sexta-sesion-04-de-abril","status":"publish","type":"post","link":"https:\/\/teegro.gob.mx\/sitio2025\/decima-sexta-sesion-04-de-abril\/","title":{"rendered":"D\u00e9cima Sexta Sesi\u00f3n &#8211; 04 de Abril"},"content":{"rendered":"<p><!-- VideographyWP Plugin Message: Automatic video embedding prevented by plugin options. --><\/p>\n<ul>\n<li><a href=\"https:\/\/teegro.gob.mx\/sitio2023\/wp-content\/uploads\/2024\/04\/Lista040423.pdf\">Orden del d\u00eda<\/a><\/li>\n<li><a href=\"https:\/\/youtu.be\/bOJAjtDtLCE\">V\u00eddeo de la Sesi\u00f3n<\/a><\/li>\n<\/ul>\n<h3>Contenido<\/h3>\n<ul>\n<li>TEE\/JEC\/007\/2024 <strong>Acuerdo Plenario<\/strong> &#8211; El\u00edas Ram\u00edrez Ru\u00edz y otras personas<\/li>\n<li>TEE\/JEC\/012\/2024 &#8211; Guadalupe Gonz\u00e1lez Su\u00e1stegui<\/li>\n<li>TEE\/RAP\/016\/2024 &#8211; Clara Elizabeth Bello R\u00edos<\/li>\n<\/ul>\n<p><!--more--><\/p>\n<h3><strong>TEE\/JEC\/007\/2024 Acuerdo Plenario<br \/>\n<\/strong><\/h3>\n<p><strong>Actor:<\/strong> El\u00edas Ram\u00edrez Ru\u00edz y otras personas<\/p>\n<p><strong>Autoridad responsable:<\/strong> Ayuntamiento de Chilpancingo, Guerrero<\/p>\n<p><strong>Descarga:<\/strong> <a href=\"https:\/\/teegro.gob.mx\/sitio2023\/wp-content\/uploads\/2024\/04\/TEE-JEC-007-2024-Acuerdo.pdf\">Descarga<\/a><\/p>\n<h3><strong>TEE\/JEC\/012\/2024<br \/>\n<\/strong><\/h3>\n<p><strong>Actor:<\/strong> Guadalupe Gonz\u00e1lez Su\u00e1stegui<\/p>\n<p><strong>Autoridad responsable:<\/strong> PAN<\/p>\n<p><strong>Descarga:<\/strong> <a href=\"https:\/\/teegro.gob.mx\/sitio2023\/wp-content\/uploads\/2024\/04\/TEE-JEC-012-2024.pdf\">Descarga<\/a><\/p>\n<h3><strong>TEE\/RAP\/016\/2024<br \/>\n<\/strong><\/h3>\n<p><strong>Actor:<\/strong> Clara Elizabeth Bello R\u00edos<\/p>\n<p><strong>Autoridad responsable:<\/strong> IEPC<\/p>\n<p><strong>Descarga:<\/strong> <a href=\"https:\/\/teegro.gob.mx\/sitio2023\/wp-content\/uploads\/2024\/04\/TEE-RAP-016-2024.pdf\">Descarga<\/a><\/p>\n","protected":false},"excerpt":{"rendered":"<p>Orden del d\u00eda V\u00eddeo de la Sesi\u00f3n Contenido TEE\/JEC\/007\/2024 Acuerdo Plenario &#8211; El\u00edas Ram\u00edrez Ru\u00edz y otras personas TEE\/JEC\/012\/2024 &#8211; Guadalupe Gonz\u00e1lez Su\u00e1stegui TEE\/RAP\/016\/2024 &#8211; Clara Elizabeth Bello R\u00edos<\/p>\n","protected":false},"author":1,"featured_media":0,"comment_status":"open","ping_status":"open","sticky":false,"template":"","format":"standard","meta":{"_acf_changed":false,"footnotes":""},"categories":[210],"tags":[],"class_list":["post-12996","post","type-post","status-publish","format-standard","hentry","category-gaceta"],"acf":[],"_links":{"self":[{"href":"https:\/\/teegro.gob.mx\/sitio2025\/wp-json\/wp\/v2\/posts\/12996","targetHints":{"allow":["GET"]}}],"collection":[{"href":"https:\/\/teegro.gob.mx\/sitio2025\/wp-json\/wp\/v2\/posts"}],"about":[{"href":"https:\/\/teegro.gob.mx\/sitio2025\/wp-json\/wp\/v2\/types\/post"}],"author":[{"embeddable":true,"href":"https:\/\/teegro.gob.mx\/sitio2025\/wp-json\/wp\/v2\/users\/1"}],"replies":[{"embeddable":true,"href":"https:\/\/teegro.gob.mx\/sitio2025\/wp-json\/wp\/v2\/comments?post=12996"}],"version-history":[{"count":8,"href":"https:\/\/teegro.gob.mx\/sitio2025\/wp-json\/wp\/v2\/posts\/12996\/revisions"}],"predecessor-version":[{"id":13009,"href":"https:\/\/teegro.gob.mx\/sitio2025\/wp-json\/wp\/v2\/posts\/12996\/revisions\/13009"}],"wp:attachment":[{"href":"https:\/\/teegro.gob.mx\/sitio2025\/wp-json\/wp\/v2\/media?parent=12996"}],"wp:term":[{"taxonomy":"category","embeddable":true,"href":"https:\/\/teegro.gob.mx\/sitio2025\/wp-json\/wp\/v2\/categories?post=12996"},{"taxonomy":"post_tag","embeddable":true,"href":"https:\/\/teegro.gob.mx\/sitio2025\/wp-json\/wp\/v2\/tags?post=12996"}],"curies":[{"name":"wp","href":"https:\/\/api.w.org\/{rel}","templated":true}]}}