{"id":13019,"date":"2021-06-02T18:30:46","date_gmt":"2021-06-02T23:30:46","guid":{"rendered":"https:\/\/teegro.gob.mx\/sitio2023\/?p=13019"},"modified":"2024-04-09T12:54:32","modified_gmt":"2024-04-09T17:54:32","slug":"quincuagesima-sesion-publica-de-resolucion","status":"publish","type":"post","link":"https:\/\/teegro.gob.mx\/sitio2025\/quincuagesima-sesion-publica-de-resolucion\/","title":{"rendered":"Quincuag\u00e9sima Sesi\u00f3n P\u00fablica de Resoluci\u00f3n"},"content":{"rendered":"<!-- VideographyWP Plugin Message: Automatic video embedding prevented by plugin options. -->\n\n<ul>\n<li><a href=\"https:\/\/teegro.gob.mx\/inicio\/wp-content\/uploads\/2021\/06\/Lista_03062021.pdf\">Orden del d\u00eda<\/a><\/li>\n<li><a href=\"https:\/\/youtu.be\/8vkfQnwxx8g?si=GFgu0aZvCgpXlU3v\">V\u00eddeo de la Sesi\u00f3n<\/a><\/li>\n<\/ul>\n<h3>Contenido<\/h3>\n<ul>\n<li>TEE\/JEC\/147\/2021 ACUERDO PLENARIO &#8211; Carlos Marx Barbosa Guzm\u00e1n<\/li>\n<li>TEE\/JEC\/183\/2021 ACUERDO PLENARIO &#8211; Olga Baz\u00e1n Gonz\u00e1lez<\/li>\n<li>TEE\/JEC\/084\/2021 ACUERDO PLENARIO &#8211; Dato Confidencial<\/li>\n<li>TEE\/JEC\/184\/2021 Y TEE\/RAP\/028\/2021, ACUMULADOS ACUERDO PLENARIO &#8211; Mar\u00eda Isabel Ayala Nicanor y partido Morena<\/li>\n<li>TEE\/JEC\/151\/2021 ACUERDO PLENARIO &#8211; Javier V\u00e1zquez Garc\u00eda<\/li>\n<li>TEE\/JEC\/156\/2021 &#8211; Paula S\u00e1nchez Jim\u00e9nez<\/li>\n<li>TEE\/PES\/013\/2021 &#8211; Manuel Alberto Saavedra Ch\u00e1vez<\/li>\n<\/ul>\n<h2><!--more--><\/h2>\n<h3><strong>TEE\/JEC\/147\/2021 ACUERDO PLENARIO<\/strong><\/h3>\n<p><strong>Actor:<\/strong> Carlos Marx Barbosa Guzm\u00e1n<\/p>\n<p>&nbsp;<strong>Autoridad responsable:<\/strong> Comisi\u00f3n Nacional de Elecciones de Morena<\/p>\n<p><strong>Descarga:<\/strong> <a href=\"https:\/\/teegro.gob.mx\/inicio\/wp-content\/uploads\/2021\/06\/TEE-JEC-147-2021-Acuerdo.pdf\">Descarga<\/a><\/p>\n<h3><strong>TEE\/JEC\/183\/2021 ACUERDO PLENARIO<\/strong><\/h3>\n<p><strong>Actor:<\/strong> Olga Baz\u00e1n Gonz\u00e1lez<\/p>\n<p><strong>Autoridad responsable:<\/strong> Comisi\u00f3n Nacional de Honestidad y Justicia de Morena<\/p>\n<p><strong>Descarga:<\/strong> <a href=\"https:\/\/teegro.gob.mx\/inicio\/wp-content\/uploads\/2021\/06\/TEE-JEC-183-2021-Acuerdo.pdf\">Descarga<\/a><\/p>\n<h3><strong>TEE\/JEC\/084\/2021 ACUERDO PLENARIO<\/strong><\/h3>\n<p><strong>Actor:<\/strong> Dato Confidencial<\/p>\n<p><strong>Autoridad responsable:<\/strong> Comisi\u00f3n Nacional de Honestidad y Justicia de Morena<\/p>\n<p><strong>Descarga:<\/strong> <a href=\"https:\/\/teegro.gob.mx\/inicio\/wp-content\/uploads\/2021\/06\/TEE-JEC-084-2021-Acuerdo.pdf\">Descarga<\/a><\/p>\n<h3><strong>TEE\/JEC\/184\/2021 Y TEE\/RAP\/028\/2021, ACUMULADOS ACUERDO PLENARIO<\/strong><\/h3>\n<p><strong>Actor:<\/strong> Mar\u00eda Isabel Ayala Nicanor y partido Morena<\/p>\n<p><strong>Autoridad responsable:<\/strong> Instituto Electoral y de Participaci\u00f3n Ciudadana del Estado de Guerrero<\/p>\n<p><strong>Descarga:<\/strong> <a href=\"https:\/\/teegro.gob.mx\/inicio\/wp-content\/uploads\/2021\/06\/TEE-JEC-184-2021-Y-ACUMULADOS-Acuerdo.pdf\">Descarga<\/a><\/p>\n<h3><strong>TEE\/JEC\/151\/2021 ACUERDO PLENARIO<\/strong><\/h3>\n<p><strong>Actor:<\/strong> Javier V\u00e1zquez Garc\u00eda<\/p>\n<p><strong>Autoridad responsable:<\/strong> Comisi\u00f3n Nacional de Honestidad y Justicia de Morena<\/p>\n<p><strong>Descarga:<\/strong> <a href=\"https:\/\/teegro.gob.mx\/inicio\/wp-content\/uploads\/2021\/06\/TEE-JEC-151-2021-Acuerdo.pdf\">Descarga<\/a><\/p>\n<h3><strong>TEE\/JEC\/156\/2021<\/strong><\/h3>\n<p><strong>Actor:<\/strong> Paula S\u00e1nchez Jim\u00e9nez<\/p>\n<p><strong>Autoridad responsable:<\/strong> Comisi\u00f3n Nacional de Honestidad y Justicia de Morena<\/p>\n<p><strong>Descarga:<\/strong> <a href=\"https:\/\/teegro.gob.mx\/inicio\/wp-content\/uploads\/2021\/06\/TEE-JEC-156-2021.pdf\">Descargar<\/a><\/p>\n<h3><strong>TEE\/PES\/013\/2021<\/strong><\/h3>\n<p><strong>Denunciante:<\/strong> Manuel Alberto Saavedra Ch\u00e1vez<\/p>\n<p><strong>Denunciado:<\/strong> J. F\u00e9lix Salgado Macedonio, Morena y otros<\/p>\n<p><strong>Descarga:<\/strong> <a href=\"https:\/\/teegro.gob.mx\/inicio\/wp-content\/uploads\/2021\/06\/TEE-PES-013-2021.pdf\">Descarga<\/a><\/p>\n","protected":false},"excerpt":{"rendered":"<p>Orden del d\u00eda V\u00eddeo de la Sesi\u00f3n Contenido TEE\/JEC\/147\/2021 ACUERDO PLENARIO &#8211; Carlos Marx Barbosa Guzm\u00e1n TEE\/JEC\/183\/2021 ACUERDO PLENARIO &#8211; Olga Baz\u00e1n Gonz\u00e1lez TEE\/JEC\/084\/2021 ACUERDO PLENARIO &#8211; Dato Confidencial TEE\/JEC\/184\/2021 Y TEE\/RAP\/028\/2021, ACUMULADOS ACUERDO PLENARIO &#8211; Mar\u00eda Isabel Ayala Nicanor y partido Morena TEE\/JEC\/151\/2021 ACUERDO PLENARIO &#8211; Javier V\u00e1zquez Garc\u00eda TEE\/JEC\/156\/2021 &#8211; Paula S\u00e1nchez Jim\u00e9nez [&hellip;]<\/p>\n","protected":false},"author":1,"featured_media":0,"comment_status":"open","ping_status":"open","sticky":false,"template":"","format":"standard","meta":{"_acf_changed":false,"footnotes":""},"categories":[210],"tags":[],"class_list":["post-13019","post","type-post","status-publish","format-standard","hentry","category-gaceta"],"acf":[],"_links":{"self":[{"href":"https:\/\/teegro.gob.mx\/sitio2025\/wp-json\/wp\/v2\/posts\/13019","targetHints":{"allow":["GET"]}}],"collection":[{"href":"https:\/\/teegro.gob.mx\/sitio2025\/wp-json\/wp\/v2\/posts"}],"about":[{"href":"https:\/\/teegro.gob.mx\/sitio2025\/wp-json\/wp\/v2\/types\/post"}],"author":[{"embeddable":true,"href":"https:\/\/teegro.gob.mx\/sitio2025\/wp-json\/wp\/v2\/users\/1"}],"replies":[{"embeddable":true,"href":"https:\/\/teegro.gob.mx\/sitio2025\/wp-json\/wp\/v2\/comments?post=13019"}],"version-history":[{"count":22,"href":"https:\/\/teegro.gob.mx\/sitio2025\/wp-json\/wp\/v2\/posts\/13019\/revisions"}],"predecessor-version":[{"id":13317,"href":"https:\/\/teegro.gob.mx\/sitio2025\/wp-json\/wp\/v2\/posts\/13019\/revisions\/13317"}],"wp:attachment":[{"href":"https:\/\/teegro.gob.mx\/sitio2025\/wp-json\/wp\/v2\/media?parent=13019"}],"wp:term":[{"taxonomy":"category","embeddable":true,"href":"https:\/\/teegro.gob.mx\/sitio2025\/wp-json\/wp\/v2\/categories?post=13019"},{"taxonomy":"post_tag","embeddable":true,"href":"https:\/\/teegro.gob.mx\/sitio2025\/wp-json\/wp\/v2\/tags?post=13019"}],"curies":[{"name":"wp","href":"https:\/\/api.w.org\/{rel}","templated":true}]}}