{"id":13020,"date":"2021-05-11T13:46:27","date_gmt":"2021-05-11T18:46:27","guid":{"rendered":"https:\/\/teegro.gob.mx\/sitio2023\/?p=13020"},"modified":"2024-04-11T15:36:54","modified_gmt":"2024-04-11T20:36:54","slug":"trigesima-tercera-sesion-publica-de-resolucion-5","status":"publish","type":"post","link":"https:\/\/teegro.gob.mx\/sitio2025\/trigesima-tercera-sesion-publica-de-resolucion-5\/","title":{"rendered":"Trig\u00e9sima Tercera Sesi\u00f3n P\u00fablica de Resoluci\u00f3n"},"content":{"rendered":"<!-- VideographyWP Plugin Message: Automatic video embedding prevented by plugin options. -->\n\n<ul>\n<li><a href=\"https:\/\/teegro.gob.mx\/inicio\/wp-content\/uploads\/2021\/05\/lista12052021.pdf\">Orden del d\u00eda<\/a><\/li>\n<li><a href=\"https:\/\/youtu.be\/TssDttbkch0?si=E3KL4Yk_U7JtKRyA\">V\u00eddeo de la Sesi\u00f3n<\/a><\/li>\n<\/ul>\n<h3>Contenido<\/h3>\n<ul>\n<li>TEE\/JEC\/147\/2021 Acuerdo Plenario &#8211; Carlos Marx Barbosa Guzm\u00e1n<\/li>\n<li>TEE\/JEC\/057\/2021 Acuerdo Plenario &#8211; Felicitas Mart\u00ednez Solano<\/li>\n<li>TEE\/JEC\/078\/2021 Acuerdo Plenario &#8211;\u00a0 Bulmaro Emmanuel Mu\u00f1iz Garc\u00eda<\/li>\n<li>TEE\/JEC\/099\/2021 Acuerdo Plenario &#8211; Rodrigo Ariel Cortes Vivar<\/li>\n<li>TEE\/RAP\/026\/2021 &#8211; Salvador Robles Zacapala<\/li>\n<li>TEE\/JEC\/144\/2021 &#8211; Cris\u00f3foro Agust\u00edn Iba\u00f1ez Morales<\/li>\n<li>TEE\/JEC\/158\/2021 &#8211; Felipe Rojas Garc\u00eda<\/li>\n<li>TEE\/JEC\/137\/2021 y TEE\/RAP\/022\/2021 Acumulados &#8211; Mois\u00e9s Tom\u00e1s Ju\u00e1rez Abarca, Daniel G\u00f3mez G\u00f3mez y Partido de la Revoluci\u00f3n Democr\u00e1tica<\/li>\n<li>TEE\/JEC\/125\/2021 y TEE\/JEC\/150\/2021 Acumulados &#8211; Erika Valencia Cardona<\/li>\n<li>TEE\/JEC\/160\/2021 &#8211; Sergio D\u00edaz Parra<\/li>\n<li>TEE\/PES\/015\/2021 &#8211; Olga Sosa Garc\u00eda<\/li>\n<\/ul>\n<h2><!--more--><\/h2>\n<h3><strong>TEE\/JEC\/147\/2021 Acuerdo Plenario<\/strong><\/h3>\n<p><strong>Actor:<\/strong> Carlos Marx Barbosa Guzm\u00e1n<\/p>\n<p>\u00a0<strong>Autoridad responsable:<\/strong> Comisi\u00f3n Nacional de Elecciones de Morena<\/p>\n<p><strong>Descarga:<\/strong> <a href=\"https:\/\/teegro.gob.mx\/inicio\/wp-content\/uploads\/2021\/05\/TEE-JEC-147-2021-Acuerdo.pdf\">Descarga<\/a><\/p>\n<h3><strong>TEE\/JEC\/057\/2021 Acuerdo Plenario<\/strong><\/h3>\n<p><strong>Actor:<\/strong> Felicitas Mart\u00ednez Solano<\/p>\n<p>\u00a0<strong>Autoridad responsable:<\/strong> Comisi\u00f3n Nacional de Honestidad y Justicia de Morena<\/p>\n<p><strong>Descarga:<\/strong> <a href=\"https:\/\/teegro.gob.mx\/inicio\/wp-content\/uploads\/2021\/05\/TEE-JEC-057-2021-Acuerdo.pdf\">Descarga<\/a><\/p>\n<h3><strong>TEE\/JEC\/078\/2021 Acuerdo Plenario<\/strong><\/h3>\n<p><strong>Actor:<\/strong> Bulmaro Emmanuel Mu\u00f1iz Garc\u00eda<\/p>\n<p>\u00a0<strong>Autoridad responsable:<\/strong> Comit\u00e9 Ejecutivo Estatal del Partido Morena<\/p>\n<p><strong>Descarga:<\/strong> <a href=\"https:\/\/teegro.gob.mx\/inicio\/wp-content\/uploads\/2021\/05\/TEE-JEC-078-2021-Acuerdo.pdf\">Descarga<\/a><\/p>\n<h3><strong>TEE\/JEC\/099\/2021 Acuerdo Plenario<\/strong><\/h3>\n<p><strong>Actor:<\/strong> Rodrigo Ariel Cortes Vivar<\/p>\n<p>\u00a0<strong>Autoridad responsable:<\/strong> Comisi\u00f3n Nacional de Elecciones de Morena y otras<\/p>\n<p><strong>Descarga:<\/strong> <a href=\"https:\/\/teegro.gob.mx\/inicio\/wp-content\/uploads\/2021\/05\/TEE-JEC-099-2021-Acuerdo.pdf\">Descarga<\/a><\/p>\n<h3><strong>TEE\/RAP\/026\/2021<\/strong><\/h3>\n<p><strong>Actor:<\/strong> Salvador Robles Zacapala<\/p>\n<p>\u00a0<strong>Autoridad responsable:<\/strong> Coordinador de los Contencioso Electoral del IEPC, Gro<\/p>\n<p><strong>Descarga:<\/strong> <a href=\"https:\/\/teegro.gob.mx\/inicio\/wp-content\/uploads\/2021\/05\/TEE-RAP-026-2021.pdf\">Descarga<\/a><\/p>\n<h3><strong>TEE\/JEC\/144\/2021<\/strong><\/h3>\n<p><strong>Actor:<\/strong> Cris\u00f3foro Agust\u00edn Iba\u00f1ez Morales<\/p>\n<p>\u00a0<strong>Autoridad responsable:<\/strong> Consejo Distrital 4 del IEPC, Gro<\/p>\n<p><strong>Descarga:<\/strong> <a href=\"https:\/\/teegro.gob.mx\/inicio\/wp-content\/uploads\/2021\/05\/TEE-JEC-144-2021.pdf\">Descarga<\/a><\/p>\n<h3><strong>TEE\/JEC\/158\/2021<\/strong><\/h3>\n<p><strong>Actor:<\/strong> Felipe Rojas Garc\u00eda<\/p>\n<p>\u00a0<strong>Autoridad responsable:<\/strong> Comisi\u00f3n Nacional de Honestidad y Justicia de Morena<\/p>\n<p><strong>Descarga:<\/strong> <a href=\"https:\/\/teegro.gob.mx\/inicio\/wp-content\/uploads\/2021\/05\/TEE-JEC-158-2021.pdf\">Descarga<\/a><\/p>\n<h3><strong>TEE\/JEC\/137\/2021 y TEE\/RAP\/022\/2021 Acumulados<\/strong><\/h3>\n<p><strong>Actor:<\/strong> Mois\u00e9s Tom\u00e1s Ju\u00e1rez Abarca, Daniel G\u00f3mez G\u00f3mez y Partido de la Revoluci\u00f3n Democr\u00e1tica<\/p>\n<p>\u00a0<strong>Autoridad responsable:<\/strong> Instituto Electoral y de Participaci\u00f3n Ciudadana del Estado de Guerrero<\/p>\n<p><strong>Descarga:<\/strong> <a href=\"https:\/\/teegro.gob.mx\/inicio\/wp-content\/uploads\/2021\/05\/TEE-JEC-137-2021-Y-TEE-RAP-022-2021-ACUMULADOS.pdf\">Descarga<\/a><\/p>\n<h3><strong>TEE\/JEC\/125\/2021 y TEE\/JEC\/150\/2021 Acumulados<\/strong><\/h3>\n<p><strong>Actor:<\/strong> Erika Valencia Cardona<\/p>\n<p>\u00a0<strong>Autoridad responsable:<\/strong> Comisi\u00f3n Nacional de Honestidad y Justicia de Morena<\/p>\n<p><strong>Descarga:<\/strong> Retirado<\/p>\n<h3><strong>TEE\/JEC\/160\/2021<\/strong><\/h3>\n<p><strong>Actor:<\/strong> Sergio D\u00edaz Parra<\/p>\n<p>\u00a0<strong>Autoridad responsable:<\/strong> Instituto Electoral y de PArticipaci\u00f3n Ciudadana del Estado de Guerrero<\/p>\n<p><strong>Descarga:<\/strong> <a href=\"https:\/\/teegro.gob.mx\/inicio\/wp-content\/uploads\/2021\/05\/TEE-JEC-160-2021.pdf\">Descarga<\/a><\/p>\n<h3><strong>TEE\/PES\/015\/2021<br \/><\/strong><\/h3>\n<p><strong>Denunciante:<\/strong> Olga Sosa Garc\u00eda<\/p>\n<p><strong>Denunciado:<\/strong> Coordinador de la Comisi\u00f3n Operativa Estatal del Movimiento Ciudadano<\/p>\n<p><strong>Descarga:<\/strong> <a href=\"https:\/\/teegro.gob.mx\/inicio\/wp-content\/uploads\/2021\/05\/TEE-PES-015-2021.pdf\">Descarga<\/a><\/p>\n","protected":false},"excerpt":{"rendered":"<p>Orden del d\u00eda V\u00eddeo de la Sesi\u00f3n Contenido TEE\/JEC\/147\/2021 Acuerdo Plenario &#8211; Carlos Marx Barbosa Guzm\u00e1n TEE\/JEC\/057\/2021 Acuerdo Plenario &#8211; Felicitas Mart\u00ednez Solano TEE\/JEC\/078\/2021 Acuerdo Plenario &#8211;\u00a0 Bulmaro Emmanuel Mu\u00f1iz Garc\u00eda TEE\/JEC\/099\/2021 Acuerdo Plenario &#8211; Rodrigo Ariel Cortes Vivar TEE\/RAP\/026\/2021 &#8211; Salvador Robles Zacapala TEE\/JEC\/144\/2021 &#8211; Cris\u00f3foro Agust\u00edn Iba\u00f1ez Morales TEE\/JEC\/158\/2021 &#8211; Felipe Rojas Garc\u00eda [&hellip;]<\/p>\n","protected":false},"author":1,"featured_media":0,"comment_status":"open","ping_status":"open","sticky":false,"template":"","format":"standard","meta":{"_acf_changed":false,"footnotes":""},"categories":[210],"tags":[],"class_list":["post-13020","post","type-post","status-publish","format-standard","hentry","category-gaceta"],"acf":[],"_links":{"self":[{"href":"https:\/\/teegro.gob.mx\/sitio2025\/wp-json\/wp\/v2\/posts\/13020","targetHints":{"allow":["GET"]}}],"collection":[{"href":"https:\/\/teegro.gob.mx\/sitio2025\/wp-json\/wp\/v2\/posts"}],"about":[{"href":"https:\/\/teegro.gob.mx\/sitio2025\/wp-json\/wp\/v2\/types\/post"}],"author":[{"embeddable":true,"href":"https:\/\/teegro.gob.mx\/sitio2025\/wp-json\/wp\/v2\/users\/1"}],"replies":[{"embeddable":true,"href":"https:\/\/teegro.gob.mx\/sitio2025\/wp-json\/wp\/v2\/comments?post=13020"}],"version-history":[{"count":25,"href":"https:\/\/teegro.gob.mx\/sitio2025\/wp-json\/wp\/v2\/posts\/13020\/revisions"}],"predecessor-version":[{"id":13889,"href":"https:\/\/teegro.gob.mx\/sitio2025\/wp-json\/wp\/v2\/posts\/13020\/revisions\/13889"}],"wp:attachment":[{"href":"https:\/\/teegro.gob.mx\/sitio2025\/wp-json\/wp\/v2\/media?parent=13020"}],"wp:term":[{"taxonomy":"category","embeddable":true,"href":"https:\/\/teegro.gob.mx\/sitio2025\/wp-json\/wp\/v2\/categories?post=13020"},{"taxonomy":"post_tag","embeddable":true,"href":"https:\/\/teegro.gob.mx\/sitio2025\/wp-json\/wp\/v2\/tags?post=13020"}],"curies":[{"name":"wp","href":"https:\/\/api.w.org\/{rel}","templated":true}]}}