{"id":13053,"date":"2021-05-13T11:54:00","date_gmt":"2021-05-13T16:54:00","guid":{"rendered":"https:\/\/teegro.gob.mx\/sitio2023\/?p=13053"},"modified":"2024-04-05T23:54:54","modified_gmt":"2024-04-06T05:54:54","slug":"trigesima-cuarta-sesion-publica-de-resolucion-3","status":"publish","type":"post","link":"https:\/\/teegro.gob.mx\/sitio2025\/trigesima-cuarta-sesion-publica-de-resolucion-3\/","title":{"rendered":"Trig\u00e9sima Cuarta Sesi\u00f3n P\u00fablica de Resoluci\u00f3n"},"content":{"rendered":"<!-- VideographyWP Plugin Message: Automatic video embedding prevented by plugin options. -->\n\n<ul>\n<li><a href=\"https:\/\/teegro.gob.mx\/inicio\/wp-content\/uploads\/2021\/05\/Lista14052021.pdf\">Orden del d\u00eda<\/a><\/li>\n<li><a href=\"https:\/\/youtu.be\/ugpKkuQOUl4?si=sTXCXOedj_uG9SiF\">V\u00eddeo de la Sesi\u00f3n<\/a><\/li>\n<\/ul>\n<h3>Contenido<\/h3>\n<ul>\n<li>TEE\/JEC\/093\/2021 Acuerdo Plenario &#8211; Celerino Rojas Morales<\/li>\n<li>TEE\/JEC\/106\/2021 Acuerdo Plenario &#8211; Rebeca Chino Aburto<\/li>\n<li>TEE\/JEC\/112\/2021 Acuerdo Plenario &#8211; Liliana Jim\u00e9nez Cant\u00fa<\/li>\n<li>TEE\/JEC\/091\/2021, TEE\/JEC\/104\/2021\u00a0 y TEE\/JEC\/110\/2021 Acumulados Acuerdo Plenario &#8211; Jessi Guti\u00e9rrez Rodr\u00edguez, Jos\u00e9 Luis Hern\u00e1ndez Rodr\u00edguez y Natividad Catal\u00e1n Manzanares<\/li>\n<li>TEE\/JEC\/120\/2021 Acuerdo Plenario &#8211; Crisp\u00edn Garc\u00eda Hern\u00e1ndez<\/li>\n<li>TEE\/JEC\/165\/2021 Acuerdo Plenario &#8211; Daniel Josami Mendoza Salgado<\/li>\n<li>TEE\/JEC\/124\/2021 &#8211; Selena Ojeda Corraltitl\u00e1n<\/li>\n<li>TEE\/JEC\/132\/2021 &#8211; Daniel Meza Garc\u00eda<\/li>\n<li>TEE\/JEC\/136\/2021 &#8211; Olga Baz\u00e1n Hern\u00e1ndez<\/li>\n<li>TEE\/JEC\/145\/2021 &#8211; Norma Otilia Hern\u00e1ndez Mart\u00ednez<\/li>\n<li>TEE\/JEC\/154\/2021 &#8211; Mirna Galeana Torreblanca<\/li>\n<li>TEE\/RAP\/019\/2021 &#8211; Manuel Alberto Saavedra Ch\u00e1vez<\/li>\n<li>TEE\/JEC\/125\/2021 y TEE\/JEC\/150\/2021 Acumulados &#8211; Erika Valencia Cardona<\/li>\n<\/ul>\n<h2><!--more--><\/h2>\n<h3><strong>TEE\/JEC\/093\/2021 Acuerdo Plenario<\/strong><\/h3>\n<p><strong>Actor:<\/strong> Celerino Rojas Morales<\/p>\n<p>\u00a0<strong>Autoridad responsable:<\/strong> Comisi\u00f3n Nacional de Elecciones de Morena<\/p>\n<p><strong>Descarga:<\/strong> <a href=\"https:\/\/teegro.gob.mx\/inicio\/wp-content\/uploads\/2021\/05\/TEE-JEC-093-2021-Acuerdo.pdf\">Descarga<\/a><\/p>\n<h3><strong>TEE\/JEC\/106\/2021 Acuerdo Plenario<\/strong><\/h3>\n<p><strong>Actor:<\/strong> Rebeca Chino Aburto<\/p>\n<p><strong>Autoridad responsable:<\/strong> Comisi\u00f3n Nacional de Elecciones y Comisi\u00f3n Nacional de Honestidad y Justicia de Morena<\/p>\n<p><strong>Descarga:<\/strong> <a href=\"https:\/\/teegro.gob.mx\/inicio\/wp-content\/uploads\/2021\/05\/TEE-JEC-106-2021-Acuerdo.pdf\">Descarga<\/a><\/p>\n<h3><strong>TEE\/JEC\/112\/2021 Acuerdo Plenario<\/strong><\/h3>\n<p><strong>Actor:<\/strong> Liliana Jim\u00e9nez Cant\u00fa<\/p>\n<p><strong>Autoridad responsable:<\/strong> Comit\u00e9 Ejecutivo Estatal de Morena<\/p>\n<p><strong>Descarga:<\/strong> <a href=\"https:\/\/teegro.gob.mx\/inicio\/wp-content\/uploads\/2021\/05\/TEE-JEC-112-2021-Acuerdo.pdf\">Descarga<\/a><\/p>\n<h3><strong>TEE\/JEC\/091\/2021, TEE\/JEC\/104\/2021\u00a0 y TEE\/JEC\/110\/2021 Acumulados Acuerdo Plenario<\/strong><\/h3>\n<p><strong>Actor:<\/strong> Jessi Guti\u00e9rrez Rodr\u00edguez, Jos\u00e9 Luis Hern\u00e1ndez Rodr\u00edguez y Natividad Catal\u00e1n Manzanares<\/p>\n<p><strong>Autoridad responsable:<\/strong> Comisi\u00f3n Nacional de Elecciones de Morena<\/p>\n<p><strong>Descarga:<\/strong> <a href=\"https:\/\/teegro.gob.mx\/inicio\/wp-content\/uploads\/2021\/05\/TEE-JEC-091-2021-JEC-104-110-Acum-Acuerdo.pdf\">Descarga<\/a><\/p>\n<h3><strong>TEE\/JEC\/120\/2021 Acuerdo Plenario<\/strong><\/h3>\n<p><strong>Actor:<\/strong> Crisp\u00edn Garc\u00eda Hern\u00e1ndez<\/p>\n<p><strong>Autoridad responsable:<\/strong> Comisi\u00f3n Nacional de Elecciones de Morena<\/p>\n<p><strong>Descarga:<\/strong> <a href=\"https:\/\/teegro.gob.mx\/inicio\/wp-content\/uploads\/2021\/05\/TEE-JEC-120-2021-Acuerdo.pdf\">Descarga<\/a><\/p>\n<h3><strong>TEE\/JEC\/165\/2021 Acuerdo Plenario<\/strong><\/h3>\n<p><strong>Actor:<\/strong> Daniel Josami Mendoza Salgado<\/p>\n<p><strong>Autoridad responsable:<\/strong> Comisi\u00f3n Nacional de Elecciones de Morena<\/p>\n<p><strong>Descarga:<\/strong> <a href=\"https:\/\/teegro.gob.mx\/inicio\/wp-content\/uploads\/2021\/05\/TEE-JEC-165-2021-Acuerdo.pdf\">Descargar<\/a><\/p>\n<h3><strong>TEE\/JEC\/124\/2021<\/strong><\/h3>\n<p><strong>Actor:<\/strong> Selena Ojeda Corraltitl\u00e1n<\/p>\n<p><strong>Autoridad responsable:<\/strong> Comisi\u00f3n Nacional de Honestidad y Justicia de Morena<\/p>\n<p><strong>Descarga:<\/strong> <a href=\"https:\/\/teegro.gob.mx\/inicio\/wp-content\/uploads\/2021\/05\/TEE-JEC-124-2021.pdf\">Descarga<\/a><\/p>\n<h3><strong>TEE\/JEC\/132\/2021<\/strong><\/h3>\n<p><strong>Actor:<\/strong> Daniel Meza Garc\u00eda<\/p>\n<p><strong>Autoridad responsable:<\/strong> Instituto Electoral y de Participaci\u00f3n Ciudadana del Estado de Guerrero<\/p>\n<p><strong>Descarga:<\/strong> <a href=\"https:\/\/teegro.gob.mx\/inicio\/wp-content\/uploads\/2021\/05\/TEE-JEC-132-2021.pdf\">Descarga<\/a><\/p>\n<h3><strong>TEE\/JEC\/136\/2021<\/strong><\/h3>\n<p><strong>Actor:<\/strong> Olga Baz\u00e1n Hern\u00e1ndez<\/p>\n<p><strong>Autoridad responsable:<\/strong> Instituto Electoral y de Participaci\u00f3n Ciudadana del Estado de Guerrero<\/p>\n<p><strong>Descarga:<\/strong> <a href=\"https:\/\/teegro.gob.mx\/inicio\/wp-content\/uploads\/2021\/05\/TEE-JEC-136-2021.pdf\">Descarga<\/a><\/p>\n<h3><strong>TEE\/JEC\/145\/2021<\/strong><\/h3>\n<p><strong>Actor:<\/strong> Norma Otilia Hern\u00e1ndez Mart\u00ednez<\/p>\n<p><strong>Autoridad responsable:<\/strong> Comisi\u00f3n Nacional de Honestidad y Justicia de Morena<\/p>\n<p><strong>Descarga:<\/strong> <a href=\"https:\/\/teegro.gob.mx\/inicio\/wp-content\/uploads\/2021\/05\/TEE-JEC-145-2021.pdf\">Descarga<\/a><\/p>\n<h3><strong>TEE\/JEC\/154\/2021<\/strong><\/h3>\n<p><strong>Actor:<\/strong> Mirna Galeana Torreblanca<\/p>\n<p><strong>Autoridad responsable:<\/strong> Instituto Electoral y de Participaci\u00f3n Ciudadana del Estado de Guerrero<\/p>\n<p><strong>Descarga:<\/strong> <a href=\"https:\/\/teegro.gob.mx\/inicio\/wp-content\/uploads\/2021\/05\/TEE-JEC-154-2021.pdf\">Descarga<\/a><\/p>\n<h3><strong>TEE\/RAP\/019\/2021<\/strong><\/h3>\n<p><strong>Actor:<\/strong> Manuel Alberto Saavedra Ch\u00e1vez<\/p>\n<p><strong>Autoridad responsable:<\/strong> Instituto Electoral y de Participaci\u00f3n Ciudadana del Estado de Guerrero<\/p>\n<p><strong>Descarga:<\/strong> <a href=\"https:\/\/teegro.gob.mx\/inicio\/wp-content\/uploads\/2021\/05\/TEE-RAP-019-2021.pdf\">Descarga<\/a><\/p>\n<h3><strong>TEE\/JEC\/125\/2021 y TEE\/JEC\/150\/2021 Acumulados<\/strong><\/h3>\n<p><strong>Actor:<\/strong> Erika Valencia Cardona<\/p>\n<p><strong>Autoridad responsable:<\/strong> Comisi\u00f3n Nacional de Honestidad y Justicia de Morena<\/p>\n<p><strong>Descarga:<\/strong> Retirado<\/p>\n","protected":false},"excerpt":{"rendered":"<p>Orden del d\u00eda V\u00eddeo de la Sesi\u00f3n Contenido TEE\/JEC\/093\/2021 Acuerdo Plenario &#8211; Celerino Rojas Morales TEE\/JEC\/106\/2021 Acuerdo Plenario &#8211; Rebeca Chino Aburto TEE\/JEC\/112\/2021 Acuerdo Plenario &#8211; Liliana Jim\u00e9nez Cant\u00fa TEE\/JEC\/091\/2021, TEE\/JEC\/104\/2021\u00a0 y TEE\/JEC\/110\/2021 Acumulados Acuerdo Plenario &#8211; Jessi Guti\u00e9rrez Rodr\u00edguez, Jos\u00e9 Luis Hern\u00e1ndez Rodr\u00edguez y Natividad Catal\u00e1n Manzanares TEE\/JEC\/120\/2021 Acuerdo Plenario &#8211; Crisp\u00edn Garc\u00eda Hern\u00e1ndez [&hellip;]<\/p>\n","protected":false},"author":1,"featured_media":0,"comment_status":"open","ping_status":"open","sticky":false,"template":"","format":"standard","meta":{"_acf_changed":false,"footnotes":""},"categories":[210],"tags":[],"class_list":["post-13053","post","type-post","status-publish","format-standard","hentry","category-gaceta"],"acf":[],"_links":{"self":[{"href":"https:\/\/teegro.gob.mx\/sitio2025\/wp-json\/wp\/v2\/posts\/13053","targetHints":{"allow":["GET"]}}],"collection":[{"href":"https:\/\/teegro.gob.mx\/sitio2025\/wp-json\/wp\/v2\/posts"}],"about":[{"href":"https:\/\/teegro.gob.mx\/sitio2025\/wp-json\/wp\/v2\/types\/post"}],"author":[{"embeddable":true,"href":"https:\/\/teegro.gob.mx\/sitio2025\/wp-json\/wp\/v2\/users\/1"}],"replies":[{"embeddable":true,"href":"https:\/\/teegro.gob.mx\/sitio2025\/wp-json\/wp\/v2\/comments?post=13053"}],"version-history":[{"count":19,"href":"https:\/\/teegro.gob.mx\/sitio2025\/wp-json\/wp\/v2\/posts\/13053\/revisions"}],"predecessor-version":[{"id":13072,"href":"https:\/\/teegro.gob.mx\/sitio2025\/wp-json\/wp\/v2\/posts\/13053\/revisions\/13072"}],"wp:attachment":[{"href":"https:\/\/teegro.gob.mx\/sitio2025\/wp-json\/wp\/v2\/media?parent=13053"}],"wp:term":[{"taxonomy":"category","embeddable":true,"href":"https:\/\/teegro.gob.mx\/sitio2025\/wp-json\/wp\/v2\/categories?post=13053"},{"taxonomy":"post_tag","embeddable":true,"href":"https:\/\/teegro.gob.mx\/sitio2025\/wp-json\/wp\/v2\/tags?post=13053"}],"curies":[{"name":"wp","href":"https:\/\/api.w.org\/{rel}","templated":true}]}}