{"id":13078,"date":"2021-05-15T13:12:27","date_gmt":"2021-05-15T18:12:27","guid":{"rendered":"https:\/\/teegro.gob.mx\/sitio2023\/?p=13078"},"modified":"2024-04-06T01:27:25","modified_gmt":"2024-04-06T07:27:25","slug":"trigesima-sexta-sesion-publica-de-resolucion-3","status":"publish","type":"post","link":"https:\/\/teegro.gob.mx\/sitio2025\/trigesima-sexta-sesion-publica-de-resolucion-3\/","title":{"rendered":"Trig\u00e9sima Sexta Sesi\u00f3n P\u00fablica de Resoluci\u00f3n"},"content":{"rendered":"<!-- VideographyWP Plugin Message: Automatic video embedding prevented by plugin options. -->\n\n<ul>\n<li><a href=\"https:\/\/teegro.gob.mx\/inicio\/wp-content\/uploads\/2021\/05\/Lista16052021.pdf\">Orden del d\u00eda<\/a><\/li>\n<li><a href=\"https:\/\/youtu.be\/UKZpbUJgq1E?si=fn4eN9BKI9cXb1uY\">V\u00eddeo de la Sesi\u00f3n<\/a><\/li>\n<\/ul>\n<h3>Contenido<\/h3>\n<ul>\n<li>TEE\/JEC\/092\/2021 Acuerdo Plenario &#8211; Judith Hern\u00e1ndez Beatriz<\/li>\n<li>TEE\/JEC\/109\/2021 Acuerdo Plenario &#8211; Petronila Gatica Gonz\u00e1lez<\/li>\n<li>TEE\/JEC\/171\/2021 Acuerdo Plenario &#8211; Eneida Lozano Reyez<\/li>\n<li>TEE\/JEC\/175\/2021 Acuerdo Plenario &#8211; Germ\u00e1n Parra V\u00e1zquez y Luis Obed Ben\u00edtez Lagunas<\/li>\n<li>TEE\/JEC\/050\/2021 Acuerdo Plenario &#8211; Jes\u00fas G\u00f3mez L\u00f3pez<\/li>\n<li>TEE\/JEC\/060\/2021 Acuerdo Plenario &#8211; Silvia Alem\u00e1n Mundo<\/li>\n<li>TEE\/JEC\/069\/2021 Acuerdo Plenario &#8211; Antonio P\u00e9rez D\u00edaz<\/li>\n<li>TEE\/JEC\/086\/2021 Acuerdo Plenario &#8211; Mariana F\u00e9lix Garc\u00eda <\/li>\n<li>TEE\/JEC\/087\/2021 Acuerdo Plenario &#8211; Felipe Rojas Garc\u00eda<\/li>\n<li>TEE\/JEC\/113\/2021 Acuerdo Plenario &#8211; Matilde Testa Garc\u00eda<\/li>\n<li>TEE\/PES\/016\/2021 &#8211; Representante del Partido Revolucionario Institucional en el Consejo Distrital 21, del IEPC<\/li>\n<li>TEE\/JEC\/117\/2021 &#8211; Olga Sosa Garc\u00eda<\/li>\n<li>TEE\/RAP\/024\/2021 &#8211; Partido del Trabajo<\/li>\n<li>TEE\/JEC\/148\/2021 &#8211; Rosalinda Guti\u00e9rrez Terrones<\/li>\n<li>TEE\/JEC\/164\/2021 &#8211; Mariana F\u00e9lix Garc\u00eda<\/li>\n<li>TEE\/JEC\/174\/2021 &#8211; Matilde Testa Garc\u00eda<\/li>\n<li>TEE\/JEC\/139\/2021 y TEE\/RAP\/023\/2021 Acumulados &#8211; Yolanda L\u00f3pez Calixto y Partido Verde Ecologista de M\u00e9xico<\/li>\n<li>TEE\/JEC\/169\/2021 &#8211; Ernesto Fidel Pay\u00e1n Cartinas<\/li>\n<li>TEE\/JEC\/173\/2021 &#8211; Melquiades Bedolla Figueroa<\/li>\n<li>TEE\/JEC\/180\/2021 &#8211; Mariana Carranza Figueroa<\/li>\n<\/ul>\n<h2><!--more--><\/h2>\n<h3><strong>TEE\/JEC\/092\/2021 Acuerdo Plenario<\/strong><\/h3>\n<p><strong>Actor:<\/strong> Judith Hern\u00e1ndez Beatriz<\/p>\n<p>&nbsp;<strong>Autoridad responsable:<\/strong> Comisi\u00f3n Nacional de Elecciones y Comisi\u00f3n Nacional de Honestidad y Justicia, ambas de Morena<\/p>\n<p><strong>Descarga:<\/strong> <a href=\"https:\/\/teegro.gob.mx\/inicio\/wp-content\/uploads\/2021\/05\/TEE-JEC-092-2021-Acuerdo.pdf\">Descarga<\/a><\/p>\n<h3><strong>TEE\/JEC\/109\/2021 Acuerdo Plenario<\/strong><\/h3>\n<p><strong>Actor:<\/strong> Petronila Gatica Gonz\u00e1lez<\/p>\n<p><strong>Autoridad responsable:<\/strong> Comisi\u00f3n Nacional de Elecciones y Comisi\u00f3n Nacional de Honestidad y Justicia, ambas de Morena <\/p>\n<p><strong>Descarga:<\/strong> <a href=\"https:\/\/teegro.gob.mx\/inicio\/wp-content\/uploads\/2021\/05\/TEE-JEC-109-2021-Acuerdo.pdf\">Descarga<\/a><\/p>\n<h3><strong>TEE\/JEC\/171\/2021 Acuerdo Plenario<\/strong><\/h3>\n<p><strong>Actor:<\/strong> Eneida Lozano Reyez<\/p>\n<p><strong>Autoridad responsable:<\/strong> Aspirantes a Concejales de Ayutla de los Libres y Comisi\u00f3n Nacional de Elecciones de Morena<\/p>\n<p><strong>Descarga:<\/strong> <a href=\"https:\/\/teegro.gob.mx\/inicio\/wp-content\/uploads\/2021\/05\/TEE-JEC-171-2021-Acuerdo.pdf\">Descarga<\/a><\/p>\n<h3><strong>TEE\/JEC\/175\/2021 Acuerdo Plenario<\/strong><\/h3>\n<p><strong>Actor:<\/strong> Germ\u00e1n Parra V\u00e1zquez y Luis Obed Ben\u00edtez Lagunas<\/p>\n<p><strong>Autoridad responsable:<\/strong> Comisi\u00f3n Nacional de Elecciones de Morena<\/p>\n<p><strong>Descarga:<\/strong> <a href=\"https:\/\/teegro.gob.mx\/inicio\/wp-content\/uploads\/2021\/05\/TEE-JEC-175-2021-Acuerdo.pdf\">Descarga<\/a><\/p>\n<h3><strong>TEE\/JEC\/050\/2021 Acuerdo Plenario<\/strong><\/h3>\n<p><strong>Actor:<\/strong> Jes\u00fas G\u00f3mez L\u00f3pez<\/p>\n<p><strong>Autoridad responsable:<\/strong> Comisi\u00f3n Nacional de Honestidad y Justicia de Morena <\/p>\n<p><strong>Descarga:<\/strong> <a href=\"https:\/\/teegro.gob.mx\/inicio\/wp-content\/uploads\/2021\/05\/TEE-JEC-050-2021-Acuerdo.pdf\">Descarga<\/a><\/p>\n<h3><strong>TEE\/JEC\/060\/2021 Acuerdo Plenario<\/strong><\/h3>\n<p><strong>Actor:<\/strong> Silvia Alem\u00e1n Mundo<\/p>\n<p><strong>Autoridad responsable:<\/strong> Comisi\u00f3n Nacional de Honestidad y Justicia de Morena <\/p>\n<p><strong>Descarga:<\/strong> <a href=\"https:\/\/teegro.gob.mx\/inicio\/wp-content\/uploads\/2021\/05\/TEE-JEC-060-2021-Acuerdo.pdf\">Descargar<\/a><\/p>\n<h3><strong>TEE\/JEC\/069\/2021 Acuerdo Plenario<\/strong><\/h3>\n<p><strong>Actor:<\/strong> Antonio P\u00e9rez D\u00edaz<\/p>\n<p><strong>Autoridad responsable:<\/strong> Comisi\u00f3n Nacional de Elecciones y Comit\u00e9 Ejecutivo Estatal de Morena<\/p>\n<p><strong>Descarga:<\/strong> <a href=\"https:\/\/teegro.gob.mx\/inicio\/wp-content\/uploads\/2021\/05\/TEE-JEC-069-2021-Acuerdo.pdf\">Descarga<\/a><\/p>\n<h3><strong>TEE\/JEC\/086\/2021 Acuerdo Plenario<\/strong><\/h3>\n<p><strong>Actor:<\/strong> Mariana F\u00e9lix Garc\u00eda&nbsp;<\/p>\n<p><strong>Autoridad responsable:<\/strong> Comisi\u00f3n Nacional de Elecciones de Morena<\/p>\n<p><strong>Descarga:<\/strong> <a href=\"https:\/\/teegro.gob.mx\/inicio\/wp-content\/uploads\/2021\/05\/TEE-JEC-086-2021-Acuerdo.pdf\">Descarga<\/a><\/p>\n<h3><strong>TEE\/JEC\/087\/2021 Acuerdo Plenario<\/strong><\/h3>\n<p><strong>Actor:<\/strong> Felipe Rojas Garc\u00eda<\/p>\n<p><strong>Autoridad responsable:<\/strong> Comisi\u00f3n Nacional de Honestidad y Justicia de Morena<\/p>\n<p><strong>Descarga:<\/strong> <a href=\"https:\/\/teegro.gob.mx\/inicio\/wp-content\/uploads\/2021\/05\/TEE-JEC-087-2021-Acuerdo.pdf\">Descarga<\/a><\/p>\n<h3><strong>TEE\/JEC\/113\/2021 Acuerdo Plenario<\/strong><\/h3>\n<p><strong>Actor:<\/strong> Matilde Testa Garc\u00eda<\/p>\n<p><strong>Autoridad responsable:<\/strong> Comisi\u00f3n Nacional de Honestidad y Justicia de Morena <\/p>\n<p><strong>Descarga:<\/strong> <a href=\"https:\/\/teegro.gob.mx\/inicio\/wp-content\/uploads\/2021\/05\/TEE-JEC-113-2021-Acuerdo.pdf\">Descarga<\/a><\/p>\n<h3><strong>TEE\/PES\/016\/2021<\/strong><\/h3>\n<p><strong>Actor:<\/strong> Representante del Partido Revolucionario Institucional en el Consejo Distrital 21, del IEPC<\/p>\n<p><strong>Autoridad responsable:<\/strong> Mario Figueroa Mundo, candidato a la presidencia municipal de Taxco de Alarc\u00f3n del partido Fuerza por M\u00e9xico<\/p>\n<p><strong>Descarga:<\/strong> <a href=\"https:\/\/teegro.gob.mx\/inicio\/wp-content\/uploads\/2021\/05\/TEE-PES-016-2021.pdf\">Descarga<\/a><\/p>\n<h3><strong>TEE\/JEC\/117\/2021<\/strong><\/h3>\n<p><strong>Actor:<\/strong> Olga Sosa Garc\u00eda<\/p>\n<p><strong>Autoridad responsable:<\/strong> Comisi\u00f3n Nacional de Justicia Intrapartidaria de Movimiento Ciudadano<\/p>\n<p><strong>Descarga:<\/strong> <a href=\"https:\/\/teegro.gob.mx\/inicio\/wp-content\/uploads\/2021\/05\/TEE-JEC-117-2021.pdf\">Descarga<\/a><\/p>\n<h3><strong>TEE\/RAP\/024\/2021<\/strong><\/h3>\n<p><strong>Actor:<\/strong> Partido del Trabajo<\/p>\n<p><strong>Autoridad responsable:<\/strong> Instituto Electoral y de Participaci\u00f3n Ciudadana del Estado de Guerrero<\/p>\n<p><strong>Descarga:<\/strong> <a href=\"https:\/\/teegro.gob.mx\/inicio\/wp-content\/uploads\/2021\/05\/TEE-RAP-024-2021.pdf\">Descarga<\/a><\/p>\n<h3><strong>TEE\/JEC\/148\/2021<\/strong><\/h3>\n<p><strong>Actor:<\/strong> Rosalinda Guti\u00e9rrez Terrones<\/p>\n<p><strong>Autoridad responsable:<\/strong> Comisi\u00f3n Nacional de Honestidad y Justicia de Morena<\/p>\n<p><strong>Descarga:<\/strong> <a href=\"https:\/\/teegro.gob.mx\/inicio\/wp-content\/uploads\/2021\/05\/TEE-JEC-148-2021.pdf\">Descarga<\/a><\/p>\n<h3><strong>TEE\/JEC\/164\/2021<\/strong><\/h3>\n<p><strong>Actor:<\/strong> Mariana F\u00e9lix Garc\u00eda<\/p>\n<p><strong>Autoridad responsable:<\/strong> Comisi\u00f3n Nacional de Honestidad y Justicia de Morena <\/p>\n<p><strong>Descarga:<\/strong> <a href=\"https:\/\/teegro.gob.mx\/inicio\/wp-content\/uploads\/2021\/05\/TEE-JEC-164-2021.pdf\">Descarga<\/a><\/p>\n<h3><strong>TEE\/JEC\/174\/2021<\/strong><\/h3>\n<p><strong>Actor:<\/strong> Matilde Testa Garc\u00eda<\/p>\n<p><strong>Autoridad responsable:<\/strong> Comisi\u00f3n Nacional de Honestidad y Justicia de Morena <\/p>\n<p><strong>Descarga:<\/strong> <a href=\"https:\/\/teegro.gob.mx\/inicio\/wp-content\/uploads\/2021\/05\/TEE-JEC-174-2021.pdf\">Descarga<\/a><\/p>\n<h3><strong>TEE\/JEC\/139\/2021 y TEE\/RAP\/023\/2021 Acumulados<\/strong><\/h3>\n<p><strong>Actor:<\/strong> Yolanda L\u00f3pez Calixto y Partido Verde Ecologista de M\u00e9xico<\/p>\n<p><strong>Autoridad responsable:<\/strong> Instituto Electoral y de Participaci\u00f3n Ciudadana del Estado de Guerrero<\/p>\n<p><strong>Descarga:<\/strong> <a href=\"https:\/\/teegro.gob.mx\/inicio\/wp-content\/uploads\/2021\/05\/TEE-JEC-139-2021-y-Acumulados.pdf\">Descarga<\/a><\/p>\n<h3><strong>TEE\/JEC\/169\/2021<\/strong><\/h3>\n<p><strong>Actor:<\/strong> Ernesto Fidel Pay\u00e1n Cartinas<\/p>\n<p><strong>Autoridad responsable:<\/strong> Instituto Electoral y de Participaci\u00f3n Ciudadana del Estado de Guerrero <\/p>\n<p><strong>Descarga:<\/strong> <a href=\"https:\/\/teegro.gob.mx\/inicio\/wp-content\/uploads\/2021\/05\/TEE-JEC-169-2021.pdf\">Descarga<\/a><\/p>\n<h3><strong>TEE\/JEC\/173\/2021<\/strong><\/h3>\n<p><strong>Actor:<\/strong> Melquiades Bedolla Figueroa<\/p>\n<p><strong>Autoridad responsable:<\/strong> Comisi\u00f3n Nacional de Elecciones de Morena y Comit\u00e9 Ejecutivo Nacional de Morena<\/p>\n<p><strong>Descarga:<\/strong> <a href=\"https:\/\/teegro.gob.mx\/inicio\/wp-content\/uploads\/2021\/05\/TEE-JEC-173-2021.pdf\">Descarga<\/a><\/p>\n<h3><strong>TEE\/JEC\/180\/2021<\/strong><\/h3>\n<p><strong>Actor:<\/strong> Mariana Carranza Figueroa<\/p>\n<p><strong>Autoridad responsable:<\/strong> Comisi\u00f3n Permanente del Consejo Estatal del PAN<\/p>\n<p><strong>Descarga:<\/strong> <a href=\"https:\/\/teegro.gob.mx\/inicio\/wp-content\/uploads\/2021\/05\/TEE-JEC-180-2021.pdf\">Descarga<\/a><\/p>\n","protected":false},"excerpt":{"rendered":"<p>Orden del d\u00eda V\u00eddeo de la Sesi\u00f3n Contenido TEE\/JEC\/092\/2021 Acuerdo Plenario &#8211; Judith Hern\u00e1ndez Beatriz TEE\/JEC\/109\/2021 Acuerdo Plenario &#8211; Petronila Gatica Gonz\u00e1lez TEE\/JEC\/171\/2021 Acuerdo Plenario &#8211; Eneida Lozano Reyez TEE\/JEC\/175\/2021 Acuerdo Plenario &#8211; Germ\u00e1n Parra V\u00e1zquez y Luis Obed Ben\u00edtez Lagunas TEE\/JEC\/050\/2021 Acuerdo Plenario &#8211; Jes\u00fas G\u00f3mez L\u00f3pez TEE\/JEC\/060\/2021 Acuerdo Plenario &#8211; Silvia Alem\u00e1n Mundo [&hellip;]<\/p>\n","protected":false},"author":1,"featured_media":0,"comment_status":"open","ping_status":"open","sticky":false,"template":"","format":"standard","meta":{"_acf_changed":false,"footnotes":""},"categories":[210],"tags":[],"class_list":["post-13078","post","type-post","status-publish","format-standard","hentry","category-gaceta"],"acf":[],"_links":{"self":[{"href":"https:\/\/teegro.gob.mx\/sitio2025\/wp-json\/wp\/v2\/posts\/13078","targetHints":{"allow":["GET"]}}],"collection":[{"href":"https:\/\/teegro.gob.mx\/sitio2025\/wp-json\/wp\/v2\/posts"}],"about":[{"href":"https:\/\/teegro.gob.mx\/sitio2025\/wp-json\/wp\/v2\/types\/post"}],"author":[{"embeddable":true,"href":"https:\/\/teegro.gob.mx\/sitio2025\/wp-json\/wp\/v2\/users\/1"}],"replies":[{"embeddable":true,"href":"https:\/\/teegro.gob.mx\/sitio2025\/wp-json\/wp\/v2\/comments?post=13078"}],"version-history":[{"count":32,"href":"https:\/\/teegro.gob.mx\/sitio2025\/wp-json\/wp\/v2\/posts\/13078\/revisions"}],"predecessor-version":[{"id":13111,"href":"https:\/\/teegro.gob.mx\/sitio2025\/wp-json\/wp\/v2\/posts\/13078\/revisions\/13111"}],"wp:attachment":[{"href":"https:\/\/teegro.gob.mx\/sitio2025\/wp-json\/wp\/v2\/media?parent=13078"}],"wp:term":[{"taxonomy":"category","embeddable":true,"href":"https:\/\/teegro.gob.mx\/sitio2025\/wp-json\/wp\/v2\/categories?post=13078"},{"taxonomy":"post_tag","embeddable":true,"href":"https:\/\/teegro.gob.mx\/sitio2025\/wp-json\/wp\/v2\/tags?post=13078"}],"curies":[{"name":"wp","href":"https:\/\/api.w.org\/{rel}","templated":true}]}}