{"id":13112,"date":"2021-05-17T13:00:00","date_gmt":"2021-05-17T18:00:00","guid":{"rendered":"https:\/\/teegro.gob.mx\/sitio2023\/?p=13112"},"modified":"2024-04-11T15:25:07","modified_gmt":"2024-04-11T20:25:07","slug":"trigesima-septima-sesion-publica-de-resolucion-3","status":"publish","type":"post","link":"https:\/\/teegro.gob.mx\/sitio2025\/trigesima-septima-sesion-publica-de-resolucion-3\/","title":{"rendered":"Trig\u00e9sima S\u00e9ptima Sesi\u00f3n P\u00fablica de Resoluci\u00f3n"},"content":{"rendered":"<!-- VideographyWP Plugin Message: Automatic video embedding prevented by plugin options. -->\n\n<ul>\n<li><a href=\"https:\/\/teegro.gob.mx\/inicio\/wp-content\/uploads\/2021\/05\/Lista18052021.pdf\">Orden del d\u00eda<\/a><\/li>\n<li><a href=\"https:\/\/teegro.gob.mx\/inicio\/wp-content\/uploads\/2021\/05\/Lista18052021comp.pdf\">Complementaria<\/a><\/li>\n<li><a href=\"https:\/\/youtu.be\/K15ORSHxs_E?si=kPu_DNqjCvbRcR-w\">V\u00eddeo de la Sesi\u00f3n<\/a><\/li>\n<\/ul>\n<h3>Contenido<\/h3>\n<ul>\n<li>TEE\/JEC\/176\/2021 Acuerdo Plenario &#8211; Silvestre P\u00e9rez S\u00e1nchez<\/li>\n<li>TEE\/JEC\/178\/2021 Acuerdo Plenario &#8211; Samuel Ant\u00fanez Pav\u00f3n<\/li>\n<li>TEE\/JEC\/119\/2021 Acuerdo Plenario &#8211; Natividad Catal\u00e1n Manzanares<\/li>\n<li>TEE\/JEC\/075\/2021 Acuerdo Plenario &#8211; Elizabeth Marina Hern\u00e1ndez y otros<\/li>\n<li>TEE\/JEC\/107\/2021 Acuerdo Plenario &#8211; Susana de la Cruz Garc\u00eda<\/li>\n<li>TEE\/JEC\/155\/2021 Acuerdo Plenario &#8211; Mar\u00eda Felipa Garc\u00eda Mateos<\/li>\n<li>TEE\/JEC\/151\/2021 &#8211; Javier V\u00e1zquez Garc\u00eda<\/li>\n<li>TEE\/RAP\/017\/2021 &#8211; PRD<\/li>\n<li>TEE\/PES\/017\/2021 &#8211; Fulgencio L\u00f3pez Beltr\u00e1n<\/li>\n<li>TEE\/JEC\/128\/2021, TEE\/JEC\/130\/2021, TEE\/JEC\/135\/2021, TEE\/RAP\/020\/2021, TEE\/JEC\/142\/2021, Y TEE\/JEC\/143\/2021, Acumulados &#8211; Javier V\u00e1zquez Garc\u00eda, Leobardo Reyes Sierra, Leocadio Nieto Apreza, PT, Clemente Palma Lara e Hip\u00f3lito Avelino Mendoza<\/li>\n<li>TEE\/JEC\/131\/2021 y TEE\/JEC\/177\/2021 Acumulados &#8211; Samir Daniel \u00c1vila Bonilla<\/li>\n<li>TEE\/JEC\/168\/2021 &#8211; Melquiades Bedolla Figueroa<\/li>\n<li>TEE\/RAP\/018\/2021 &#8211; PRI<\/li>\n<li>TEE\/RAP\/025\/2021 &#8211; PRD<\/li>\n<li>TEE\/JEC\/159\/2021 y TEE\/JEC\/179\/2021 Acumulados &#8211; Ernesto Fidel Pay\u00e1n Cortinas<\/li>\n<li>TEE\/PES\/019\/2021 &#8211; Fulgencio L\u00f3pez Beltr\u00e1n<\/li>\n<li>TEE\/JEC\/170\/2021 &#8211; Matilde Testa Garc\u00eda<\/li>\n<li>TEE\/JEC\/185\/2021 &#8211; H\u00e9ctor Robledo Honorato<\/li>\n<\/ul>\n<p><strong>Complementaria<\/strong><\/p>\n<ul>\n<li>TEE\/PES\/018\/2021 &#8211; Ramiro Solorio Almaz\u00e1n<\/li>\n<li>TEE\/PES\/020\/2021 &#8211; Representante del Partido Morena ante el Consejo Distrital 16, con sede en Ometepec, Guerrero<\/li>\n<\/ul>\n<h2><!--more--><\/h2>\n<h3><strong>TEE\/JEC\/176\/2021 Acuerdo Plenario<\/strong><\/h3>\n<p><strong>Actor:<\/strong> Silvestre P\u00e9rez S\u00e1nchez<\/p>\n<p>&nbsp;<strong>Autoridad responsable:<\/strong> Comisi\u00f3n Nacional de Elecciones y Comisi\u00f3n Nacional de Honestidad y Justicia de Morena<\/p>\n<p><strong>Descarga:<\/strong> <a href=\"https:\/\/teegro.gob.mx\/inicio\/wp-content\/uploads\/2021\/05\/TEE-JEC-176-2021-Acuerdo.pdf\">Descarga<\/a><\/p>\n<h3><strong>TEE\/JEC\/178\/2021 Acuerdo Plenario<\/strong><\/h3>\n<p><strong>Actor:<\/strong> Samuel Ant\u00fanez Pav\u00f3n<\/p>\n<p><strong>Autoridad responsable:<\/strong> Comisi\u00f3n Nacional de Elecciones de Morena<\/p>\n<p><strong>Descarga:<\/strong> <a href=\"https:\/\/teegro.gob.mx\/inicio\/wp-content\/uploads\/2021\/05\/TEE-JEC-178-2021-Acuerdo.pdf\">Descarga<\/a><\/p>\n<h3><strong>TEE\/JEC\/119\/2021 Acuerdo Plenario<\/strong><\/h3>\n<p><strong>Actor:<\/strong> Natividad Catal\u00e1n Manzanares<\/p>\n<p><strong>Autoridad responsable:<\/strong> Comisi\u00f3n Nacional de Elecciones de Morena<\/p>\n<p><strong>Descarga:<\/strong> <a href=\"https:\/\/teegro.gob.mx\/inicio\/wp-content\/uploads\/2021\/05\/TEE-JEC-119-2021-Acuerdo-1.pdf\">Descarga<\/a><\/p>\n<h3><strong>TEE\/JEC\/075\/2021 Acuerdo Plenario<\/strong><\/h3>\n<p><strong>Actor:<\/strong> Elizabeth Marina Hern\u00e1ndez y otros<\/p>\n<p><strong>Autoridad responsable:<\/strong> Comisi\u00f3n Nacional de Honestidad y Justicia de Morena<\/p>\n<p><strong>Descarga:<\/strong> <a href=\"https:\/\/teegro.gob.mx\/inicio\/wp-content\/uploads\/2021\/05\/TEE-JEC-075-2021-Acuerdo.pdf\">Descarga<\/a><\/p>\n<h3><strong>TEE\/JEC\/107\/2021 Acuerdo Plenario<\/strong><\/h3>\n<p><strong>Actor:<\/strong> Susana de la Cruz Garc\u00eda<\/p>\n<p><strong>Autoridad responsable:<\/strong> Comisi\u00f3n Nacional de Elecciones de Morena<\/p>\n<p><strong>Descarga:<\/strong> <a href=\"https:\/\/teegro.gob.mx\/inicio\/wp-content\/uploads\/2021\/05\/TEE-JEC-107-2021-Acuerdo.pdf\">Descarga<\/a><\/p>\n<h3><strong>TEE\/JEC\/155\/2021 Acuerdo Plenario<\/strong><\/h3>\n<p><strong>Actor:<\/strong> Mar\u00eda Felipa Garc\u00eda Mateos<\/p>\n<p><strong>Autoridad responsable:<\/strong> Comisi\u00f3n Nacional de Elecciones de Morena<\/p>\n<p><strong>Descarga:<\/strong> <a href=\"https:\/\/teegro.gob.mx\/inicio\/wp-content\/uploads\/2021\/05\/TEE-JEC-155-2021-Acuerdo-1.pdf\">Descargar<\/a><\/p>\n<h3><strong>TEE\/JEC\/151\/2021<\/strong><\/h3>\n<p><strong>Actor:<\/strong> Javier V\u00e1zquez Garc\u00eda<\/p>\n<p><strong>Autoridad responsable:<\/strong> Comisi\u00f3n Nacional de Honestidad y Justicia de Morena<\/p>\n<p><strong>Descarga:<\/strong> <a href=\"https:\/\/teegro.gob.mx\/inicio\/wp-content\/uploads\/2021\/05\/TEE-JEC-151-2021.pdf\">Descarga<\/a><\/p>\n<h3><strong>TEE\/RAP\/017\/2021<\/strong><\/h3>\n<p><strong>Actor:<\/strong> PRD<\/p>\n<p><strong>Autoridad responsable:<\/strong> Instituto Electoral y de Participaci\u00f3n Ciudadana del Estado de Guerrero<\/p>\n<p><strong>Descarga:<\/strong> <a href=\"https:\/\/teegro.gob.mx\/inicio\/wp-content\/uploads\/2021\/05\/TEE-RAP-017-2021.pdf\">Descarga<\/a><\/p>\n<h3><strong>TEE\/PES\/017\/2021<\/strong><\/h3>\n<p><strong>Denunciante:<\/strong> Fulgencio L\u00f3pez Beltr\u00e1n<\/p>\n<p><strong>Denunciado:<\/strong> Ricardo Taja Ram\u00edrez y el PRI<\/p>\n<p><strong>Descarga:<\/strong> <a href=\"https:\/\/teegro.gob.mx\/inicio\/wp-content\/uploads\/2021\/05\/TEE-PES-017-2021.pdf\">Descarga<\/a><\/p>\n<h3><strong>TEE\/JEC\/128\/2021, TEE\/JEC\/130\/2021, TEE\/JEC\/135\/2021, TEE\/RAP\/020\/2021, TEE\/JEC\/142\/2021, Y TEE\/JEC\/143\/2021, Acumulados<\/strong><\/h3>\n<p><strong>Actor:<\/strong> Javier V\u00e1zquez Garc\u00eda, Leobardo Reyes Sierra, Leocadio Nieto Apreza, PT, Clemente Palma Lara e Hip\u00f3lito Avelino Mendoza<\/p>\n<p><strong>Autoridad responsable:<\/strong> Instituto Electoral y de Participaci\u00f3n Ciudadana del Estado de Guerrero<\/p>\n<p><strong>Descarga:<\/strong> Retirado<\/p>\n<h3><strong>TEE\/JEC\/131\/2021 y TEE\/JEC\/177\/2021 Acumulados<\/strong><\/h3>\n<p><strong>Actor:<\/strong> Samir Daniel \u00c1vila Bonilla<\/p>\n<p><strong>Autoridad responsable:<\/strong> Instituto Electoral y de Participaci\u00f3n Ciudadana del Estado de Guerrero<\/p>\n<p><strong>Descarga:<\/strong> <a href=\"https:\/\/teegro.gob.mx\/inicio\/wp-content\/uploads\/2021\/05\/TEE-JEC-131-2021-y-177-acum.pdf\">Descarga<\/a><\/p>\n<h3><strong>TEE\/JEC\/168\/2021<\/strong><\/h3>\n<p><strong>Actor:<\/strong> Melquiades Bedolla Figueroa<\/p>\n<p><strong>Autoridad responsable:<\/strong> Comisi\u00f3n Nacional de Honestidad y Justicia de Morena<\/p>\n<p><strong>Descarga:<\/strong> <a href=\"https:\/\/teegro.gob.mx\/inicio\/wp-content\/uploads\/2021\/05\/TEE-JEC-168-2021.pdf\">Descarga<\/a><\/p>\n<h3><strong>TEE\/RAP\/018\/2021<\/strong><\/h3>\n<p><strong>Actor:<\/strong> PRI<\/p>\n<p><strong>Autoridad responsable:<\/strong> Instituto Electoral y de Participaci\u00f3n Ciudadana del Estado de Guerrero<\/p>\n<p><strong>Descarga:<\/strong> <a href=\"https:\/\/teegro.gob.mx\/inicio\/wp-content\/uploads\/2021\/05\/TEE-RAP-018-2021.pdf\">Descarga<\/a><\/p>\n<h3><strong>TEE\/RAP\/025\/2021<\/strong><\/h3>\n<p><strong>Actor:<\/strong> PRD<\/p>\n<p><strong>Autoridad responsable:<\/strong> Instituto Electoral y de Participaci\u00f3n Ciudadana del Estado de Guerrero<\/p>\n<p><strong>Descarga:<\/strong> <a href=\"https:\/\/teegro.gob.mx\/inicio\/wp-content\/uploads\/2021\/05\/TEE-RAP-025-2021.pdf\">Descarga<\/a><\/p>\n<h3><strong>TEE\/JEC\/159\/2021 y TEE\/JEC\/179\/2021 Acumulados<\/strong><\/h3>\n<p><strong>Actor:<\/strong> Ernesto Fidel Pay\u00e1n Cortinas<\/p>\n<p><strong>Autoridad responsable:<\/strong> Instituto Electoral y de Participaci\u00f3n Ciudadana del Estado de Guerrero<\/p>\n<p><strong>Descarga:<\/strong> <a href=\"https:\/\/teegro.gob.mx\/inicio\/wp-content\/uploads\/2021\/05\/TEE-JEC-159-2021-Y-ACUMULADO.pdf\">Descarga<\/a><\/p>\n<h3><strong>TEE\/PES\/019\/2021<br><\/strong><\/h3>\n<p><strong>Denunciante:<\/strong> Fulgencio L\u00f3pez Beltr\u00e1n<\/p>\n<p><strong>Denunciado:<\/strong> Ricardo Taja Ram\u00edrez, Revista 99 Grados y PRI<\/p>\n<p><strong>Descarga:<\/strong> <a href=\"https:\/\/teegro.gob.mx\/inicio\/wp-content\/uploads\/2021\/05\/TEE-PES-019-2021.pdf\">Descarga<\/a><\/p>\n<h3><strong>TEE\/JEC\/170\/2021<\/strong><\/h3>\n<p><strong>Actor:<\/strong> Matilde Testa Garc\u00eda<\/p>\n<p><strong>Autoridad responsable:<\/strong> Comisi\u00f3n Nacional de Elecciones y Comit\u00e9 Ejecutivo Nacional de Morena <\/p>\n<p><strong>Descarga:<\/strong> Retirado<\/p>\n<h3><strong>TEE\/JEC\/185\/2021<\/strong><\/h3>\n<p><strong>Actor:<\/strong> H\u00e9ctor Robledo Honorato <\/p>\n<p><strong>Autoridad responsable:<\/strong> Presidente y Secretario General del Comit\u00e9 Directivo Estatal del Partido Encuentro Solidario <\/p>\n<p><strong>Descarga:<\/strong> <a href=\"https:\/\/teegro.gob.mx\/inicio\/wp-content\/uploads\/2021\/05\/TEE-JEC-185-2021.pdf\">Descarga<\/a><\/p>\n<p>&nbsp;<\/p>\n<p><strong>Complementaria<\/strong><\/p>\n<h3><strong>TEE\/PES\/018\/2021<\/strong><\/h3>\n<p><strong>Denunciante:<\/strong> Ramiro Solorio Almaz\u00e1n<\/p>\n<p><strong>Denunciado:<\/strong> Ricardo Taja Ram\u00edrez<\/p>\n<p><strong>Descarga:<\/strong> <a href=\"https:\/\/teegro.gob.mx\/inicio\/wp-content\/uploads\/2021\/05\/TEE-PES-018-2021.pdf\">Descarga<\/a><\/p>\n<h3><strong>TEE\/PES\/020\/2021<\/strong><\/h3>\n<p><strong>Denunciante:<\/strong> Representante del Partido Morena ante el Consejo Distrital 16, con sede en Ometepec, Guerrero<\/p>\n<p><strong>Denunciado:<\/strong> Efr\u00e9n Adame Montalv\u00e1n y el Partido Revolucionario Institucional<\/p>\n<p><strong>Descarga:<\/strong> Retirado<\/p>\n","protected":false},"excerpt":{"rendered":"<p>Orden del d\u00eda Complementaria V\u00eddeo de la Sesi\u00f3n Contenido TEE\/JEC\/176\/2021 Acuerdo Plenario &#8211; Silvestre P\u00e9rez S\u00e1nchez TEE\/JEC\/178\/2021 Acuerdo Plenario &#8211; Samuel Ant\u00fanez Pav\u00f3n TEE\/JEC\/119\/2021 Acuerdo Plenario &#8211; Natividad Catal\u00e1n Manzanares TEE\/JEC\/075\/2021 Acuerdo Plenario &#8211; Elizabeth Marina Hern\u00e1ndez y otros TEE\/JEC\/107\/2021 Acuerdo Plenario &#8211; Susana de la Cruz Garc\u00eda TEE\/JEC\/155\/2021 Acuerdo Plenario &#8211; Mar\u00eda Felipa Garc\u00eda [&hellip;]<\/p>\n","protected":false},"author":1,"featured_media":0,"comment_status":"open","ping_status":"open","sticky":false,"template":"","format":"standard","meta":{"_acf_changed":false,"footnotes":""},"categories":[210],"tags":[],"class_list":["post-13112","post","type-post","status-publish","format-standard","hentry","category-gaceta"],"acf":[],"_links":{"self":[{"href":"https:\/\/teegro.gob.mx\/sitio2025\/wp-json\/wp\/v2\/posts\/13112","targetHints":{"allow":["GET"]}}],"collection":[{"href":"https:\/\/teegro.gob.mx\/sitio2025\/wp-json\/wp\/v2\/posts"}],"about":[{"href":"https:\/\/teegro.gob.mx\/sitio2025\/wp-json\/wp\/v2\/types\/post"}],"author":[{"embeddable":true,"href":"https:\/\/teegro.gob.mx\/sitio2025\/wp-json\/wp\/v2\/users\/1"}],"replies":[{"embeddable":true,"href":"https:\/\/teegro.gob.mx\/sitio2025\/wp-json\/wp\/v2\/comments?post=13112"}],"version-history":[{"count":39,"href":"https:\/\/teegro.gob.mx\/sitio2025\/wp-json\/wp\/v2\/posts\/13112\/revisions"}],"predecessor-version":[{"id":13868,"href":"https:\/\/teegro.gob.mx\/sitio2025\/wp-json\/wp\/v2\/posts\/13112\/revisions\/13868"}],"wp:attachment":[{"href":"https:\/\/teegro.gob.mx\/sitio2025\/wp-json\/wp\/v2\/media?parent=13112"}],"wp:term":[{"taxonomy":"category","embeddable":true,"href":"https:\/\/teegro.gob.mx\/sitio2025\/wp-json\/wp\/v2\/categories?post=13112"},{"taxonomy":"post_tag","embeddable":true,"href":"https:\/\/teegro.gob.mx\/sitio2025\/wp-json\/wp\/v2\/tags?post=13112"}],"curies":[{"name":"wp","href":"https:\/\/api.w.org\/{rel}","templated":true}]}}