{"id":13149,"date":"2021-05-19T13:34:46","date_gmt":"2021-05-19T18:34:46","guid":{"rendered":"https:\/\/teegro.gob.mx\/sitio2023\/?p=13149"},"modified":"2024-04-11T13:34:38","modified_gmt":"2024-04-11T18:34:38","slug":"trigesima-novena-sesion-publica-de-resolucion-3","status":"publish","type":"post","link":"https:\/\/teegro.gob.mx\/sitio2025\/trigesima-novena-sesion-publica-de-resolucion-3\/","title":{"rendered":"Trig\u00e9sima Novena Sesi\u00f3n P\u00fablica de Resoluci\u00f3n"},"content":{"rendered":"<!-- VideographyWP Plugin Message: Automatic video embedding prevented by plugin options. -->\n\n<ul>\n<li><a href=\"https:\/\/teegro.gob.mx\/inicio\/wp-content\/uploads\/2021\/05\/Lista20052021.pdf\">Orden del d\u00eda<\/a><\/li>\n<li><a href=\"https:\/\/teegro.gob.mx\/inicio\/wp-content\/uploads\/2021\/05\/Lista20052021comp.pdf\">Complementaria<\/a><\/li>\n<li><a href=\"https:\/\/youtu.be\/vZbejfWdMxk?si=Pk_P_YD_L9-88Cvh\">V\u00eddeo de la Sesi\u00f3n<\/a><\/li>\n<\/ul>\n<h3>Contenido<\/h3>\n<ul>\n<li>TEE\/JEC\/105\/2021 Acuerdo Plenario &#8211; Gilberto Arcadio V\u00e1zquez<\/li>\n<li>TEE\/JEC\/108\/2021 Acuerdo Plenario &#8211; Silvestre Soto Contreras<\/li>\n<li>TEE\/JEC\/172\/2021 Acuerdo Plenario &#8211; Otoniel Bernal Adame<\/li>\n<li>TEE\/JEC\/166\/2021 Acuerdo Plenario &#8211; J. Isabel Arines Hern\u00e1ndez<\/li>\n<li>TEE\/RAP\/030\/2021 Acuerdo Plenario &#8211; Crescencio Reyes Torres<\/li>\n<li>TEE\/PES\/021\/2021 &#8211; Erika Valencia Cardona<\/li>\n<li>TEE\/JEC\/128\/2021, TEE\/JEC\/130\/2021, TEE\/JEC\/135\/2021, TEE\/RAP\/020\/2021, TEE\/JEC\/042\/2021 y TEE\/JEC\/143\/2021 Acumulados &#8211; PT, Javier V\u00e1zquez Garc\u00eda, Leobardo Reyes Sierra, Leocadio Nieto Apreza, Clemente Palma Lara e H\u00edpolito Avelino Mendoza<\/li>\n<li>TEE\/JEC\/055\/2021 &#8211; Claudia Lobato M\u00e9ndez y Lizeth G\u00f3mez Bautista<\/li>\n<li>TEE\/JEC\/134\/2021 &#8211; Seraf\u00edn S\u00e1nchez Casarrubias<\/li>\n<li>TEE\/JEC\/138\/2021 &#8211; Celestino Moreno R\u00edos<\/li>\n<li>TEE\/JEC\/170\/2021 &#8211; Matilde Testa Garc\u00eda<\/li>\n<li>TEE\/PES\/005\/2021 &#8211; Representante del Partido del Trabajo ante el Consejo Distrital 21, con sede en Taxco de Alarc\u00f3n, Guerrero<\/li>\n<\/ul>\n<p><strong>Complementaria<\/strong><\/p>\n<ul>\n<li>TEE\/PES\/022\/2021 &#8211; Maricela Morales Ortiz<\/li>\n<\/ul>\n<h2><!--more--><\/h2>\n<h3><strong>TEE\/JEC\/105\/2021 Acuerdo Plenario<\/strong><\/h3>\n<p><strong>Actor:<\/strong> Gilberto Arcadio V\u00e1zquez<\/p>\n<p>&nbsp;<strong>Autoridad responsable:<\/strong> Comisi\u00f3n Nacional de Honestidad y Justicia de Morena<\/p>\n<p><strong>Descarga:<\/strong> <a href=\"https:\/\/teegro.gob.mx\/inicio\/wp-content\/uploads\/2021\/05\/TEE-JEC-105-2021-Acuerdo.pdf\">Descarga<\/a><\/p>\n<h3><strong>TEE\/JEC\/108\/2021 Acuerdo Plenario<\/strong><\/h3>\n<p><strong>Actor:<\/strong> Silvestre Soto Contreras<\/p>\n<p><strong>Autoridad responsable:<\/strong> Comisi\u00f3n Nacional de Honestidad y Justicia y Comisi\u00f3n Nacional de Elecciones de Morena<\/p>\n<p><strong>Descarga:<\/strong> <a href=\"https:\/\/teegro.gob.mx\/inicio\/wp-content\/uploads\/2021\/05\/TEE-JEC-108-2021-Acuerdo.pdf\">Descarga<\/a><\/p>\n<h3><strong>TEE\/JEC\/172\/2021 Acuerdo Plenario<\/strong><\/h3>\n<p><strong>Actor:<\/strong> Otoniel Bernal Adame<\/p>\n<p><strong>Autoridad responsable:<\/strong> Comisi\u00f3n Nacional de Elecciones de Morena<\/p>\n<p><strong>Descarga:<\/strong> <a href=\"https:\/\/teegro.gob.mx\/inicio\/wp-content\/uploads\/2021\/05\/TEE-JEC-172-2021-Acuerdo.pdf\">Descarga<\/a><\/p>\n<h3><strong>TEE\/JEC\/166\/2021 Acuerdo Plenario<\/strong><\/h3>\n<p><strong>Actor:<\/strong> J. Isabel Arines Hern\u00e1ndez<\/p>\n<p><strong>Autoridad responsable:<\/strong> Comisi\u00f3n Nacional de Elecciones de Morena<\/p>\n<p><strong>Descarga:<\/strong> <a href=\"https:\/\/teegro.gob.mx\/inicio\/wp-content\/uploads\/2021\/05\/TEE-JEC-166-2021-Acuerdo.pdf\">Descarga<\/a><\/p>\n<h3><strong>TEE\/RAP\/030\/2021 Acuerdo Plenario<\/strong><\/h3>\n<p><strong>Actor:<\/strong> Crescencio Reyes Torres<\/p>\n<p><strong>Autoridad responsable:<\/strong> Instituto Electoral y de Participaci\u00f3n Ciudadana del Estado de Guerrero<\/p>\n<p><strong>Descarga:<\/strong> <a href=\"https:\/\/teegro.gob.mx\/inicio\/wp-content\/uploads\/2021\/05\/TEE-RAP-030-2021-Acuerdo.pdf\">Descarga<\/a><\/p>\n<h3><strong>TEE\/PES\/021\/2021<\/strong><\/h3>\n<p><strong>Denunciante:<\/strong> Erika Valencia Cardona<\/p>\n<p><strong>Denunciado:<\/strong> Secretar\u00eda de la Diversidad Sexual y Secretario en funciones de Presidente y Delegado de Comisi\u00f3n Nacional de Elecciones de Morena<\/p>\n<p><strong>Descarga:<\/strong> <a href=\"https:\/\/teegro.gob.mx\/inicio\/wp-content\/uploads\/2021\/05\/TEE-PES-021_2021.pdf\">Descargar<\/a><\/p>\n<h3><strong>TEE\/JEC\/128\/2021, TEE\/JEC\/130\/2021, TEE\/JEC\/135\/2021, TEE\/RAP\/020\/2021, TEE\/JEC\/042\/2021 y TEE\/JEC\/143\/2021 Acumulados<\/strong><\/h3>\n<p><strong>Actor:<\/strong> PT, Javier V\u00e1zquez Garc\u00eda, Leobardo Reyes Sierra, Leocadio Nieto Apreza, Clemente Palma Lara e H\u00edpolito Avelino Mendoza<\/p>\n<p><strong>Autoridad responsable:<\/strong> Instituto Electoral y de Participaci\u00f3n Ciudadana del Estado de Guerrero<\/p>\n<p><strong>Descarga:<\/strong> <a href=\"https:\/\/teegro.gob.mx\/inicio\/wp-content\/uploads\/2021\/05\/TEE-JEC-128-2021-y-acumulados.pdf\">Descarga<\/a><\/p>\n<h3><strong>TEE\/JEC\/055\/2021<\/strong><\/h3>\n<p><strong>Actor:<\/strong> Claudia Lobato M\u00e9ndez y Lizeth G\u00f3mez Bautista<\/p>\n<p><strong>Autoridad responsable:<\/strong> Comisi\u00f3n Nacional de Justicia Intrapartidaria del MC<\/p>\n<p><strong>Descarga:<\/strong> <a href=\"https:\/\/teegro.gob.mx\/inicio\/wp-content\/uploads\/2021\/05\/TEE-JEC-055-2021.pdf\">Descarga<\/a><\/p>\n<h3><strong>TEE\/JEC\/134\/2021<\/strong><\/h3>\n<p><strong>Actor:<\/strong> Seraf\u00edn S\u00e1nchez Casarrubias<\/p>\n<p><strong>Autoridad responsable:<\/strong> Instituto Electoral y de Participaci\u00f3n Ciudadana del Estado de Guerrero<\/p>\n<p><strong>Descarga:<\/strong> <a href=\"https:\/\/teegro.gob.mx\/inicio\/wp-content\/uploads\/2021\/05\/TEE-JEC-134-2021.pdf\">Descarga<\/a><\/p>\n<h3><strong>TEE\/JEC\/138\/2021<\/strong><\/h3>\n<p><strong>Actor:<\/strong> Celestino Moreno R\u00edos<\/p>\n<p><strong>Autoridad responsable:<\/strong> Instituto Electoral y de Participaci\u00f3n Ciudadana del Estado de Guerrero<\/p>\n<p><strong>Descarga:<\/strong> <a href=\"https:\/\/teegro.gob.mx\/inicio\/wp-content\/uploads\/2021\/05\/TEE-JEC-138-2021.pdf\">Descarga<\/a><\/p>\n<h3><strong>TEE\/JEC\/170\/2021<\/strong><\/h3>\n<p><strong>Actor:<\/strong> Matilde Testa Garc\u00eda<\/p>\n<p><strong>Autoridad responsable:<\/strong> Comisi\u00f3n Nacional de Elecciones y Comit\u00e9 Ejecutivo Nacional de Morena<\/p>\n<p><strong>Descarga:<\/strong> <a href=\"https:\/\/teegro.gob.mx\/inicio\/wp-content\/uploads\/2021\/05\/TEE-JEC-170-2021.pdf\">Descarga<\/a><\/p>\n<h3><strong>TEE\/PES\/005\/2021<\/strong><\/h3>\n<p><strong>Denunciante:<\/strong> Representante del Partido del Trabajo ante el Consejo Distrital 21, con sede en Taxco de Alarc\u00f3n, Guerrero<\/p>\n<p><strong>Denunciado:<\/strong> Marcos Efr\u00e9n Parra G\u00f3mez<\/p>\n<p><strong>Descarga:<\/strong> <a href=\"https:\/\/teegro.gob.mx\/inicio\/wp-content\/uploads\/2021\/05\/TEE-PES-005-2021.pdf\">Descarga<\/a><\/p>\n<p>&nbsp;<\/p>\n<p><strong>Complementaria<\/strong><\/p>\n<h3><strong>TEE\/PES\/022\/2021<\/strong><\/h3>\n<p><strong>Denunciante:<\/strong> Maricela Morales Ortiz<\/p>\n<p><strong>Denunciada:<\/strong> Sandra Vel\u00e1zquez Lara<\/p>\n<p><strong>Descarga:<\/strong> <a href=\"https:\/\/teegro.gob.mx\/inicio\/wp-content\/uploads\/2021\/05\/TEE-PES-022-2021.pdf\">Descarga<\/a><\/p>\n","protected":false},"excerpt":{"rendered":"<p>Orden del d\u00eda Complementaria V\u00eddeo de la Sesi\u00f3n Contenido TEE\/JEC\/105\/2021 Acuerdo Plenario &#8211; Gilberto Arcadio V\u00e1zquez TEE\/JEC\/108\/2021 Acuerdo Plenario &#8211; Silvestre Soto Contreras TEE\/JEC\/172\/2021 Acuerdo Plenario &#8211; Otoniel Bernal Adame TEE\/JEC\/166\/2021 Acuerdo Plenario &#8211; J. Isabel Arines Hern\u00e1ndez TEE\/RAP\/030\/2021 Acuerdo Plenario &#8211; Crescencio Reyes Torres TEE\/PES\/021\/2021 &#8211; Erika Valencia Cardona TEE\/JEC\/128\/2021, TEE\/JEC\/130\/2021, TEE\/JEC\/135\/2021, TEE\/RAP\/020\/2021, TEE\/JEC\/042\/2021 [&hellip;]<\/p>\n","protected":false},"author":1,"featured_media":0,"comment_status":"open","ping_status":"open","sticky":false,"template":"","format":"standard","meta":{"_acf_changed":false,"footnotes":""},"categories":[210],"tags":[],"class_list":["post-13149","post","type-post","status-publish","format-standard","hentry","category-gaceta"],"acf":[],"_links":{"self":[{"href":"https:\/\/teegro.gob.mx\/sitio2025\/wp-json\/wp\/v2\/posts\/13149","targetHints":{"allow":["GET"]}}],"collection":[{"href":"https:\/\/teegro.gob.mx\/sitio2025\/wp-json\/wp\/v2\/posts"}],"about":[{"href":"https:\/\/teegro.gob.mx\/sitio2025\/wp-json\/wp\/v2\/types\/post"}],"author":[{"embeddable":true,"href":"https:\/\/teegro.gob.mx\/sitio2025\/wp-json\/wp\/v2\/users\/1"}],"replies":[{"embeddable":true,"href":"https:\/\/teegro.gob.mx\/sitio2025\/wp-json\/wp\/v2\/comments?post=13149"}],"version-history":[{"count":24,"href":"https:\/\/teegro.gob.mx\/sitio2025\/wp-json\/wp\/v2\/posts\/13149\/revisions"}],"predecessor-version":[{"id":13848,"href":"https:\/\/teegro.gob.mx\/sitio2025\/wp-json\/wp\/v2\/posts\/13149\/revisions\/13848"}],"wp:attachment":[{"href":"https:\/\/teegro.gob.mx\/sitio2025\/wp-json\/wp\/v2\/media?parent=13149"}],"wp:term":[{"taxonomy":"category","embeddable":true,"href":"https:\/\/teegro.gob.mx\/sitio2025\/wp-json\/wp\/v2\/categories?post=13149"},{"taxonomy":"post_tag","embeddable":true,"href":"https:\/\/teegro.gob.mx\/sitio2025\/wp-json\/wp\/v2\/tags?post=13149"}],"curies":[{"name":"wp","href":"https:\/\/api.w.org\/{rel}","templated":true}]}}