{"id":13170,"date":"2021-05-20T15:13:29","date_gmt":"2021-05-20T20:13:29","guid":{"rendered":"https:\/\/teegro.gob.mx\/sitio2023\/?p=13170"},"modified":"2024-04-08T15:35:35","modified_gmt":"2024-04-08T20:35:35","slug":"cuadragesima-sesion-publica-de-resolucion-3","status":"publish","type":"post","link":"https:\/\/teegro.gob.mx\/sitio2025\/cuadragesima-sesion-publica-de-resolucion-3\/","title":{"rendered":"Cuadrag\u00e9sima Sesi\u00f3n P\u00fablica de Resoluci\u00f3n"},"content":{"rendered":"<!-- VideographyWP Plugin Message: Automatic video embedding prevented by plugin options. -->\n\n<ul>\n<li><a href=\"https:\/\/teegro.gob.mx\/inicio\/wp-content\/uploads\/2021\/05\/lista21052021.pdf\">Orden del d\u00eda<\/a><\/li>\n<li><a href=\"https:\/\/teegro.gob.mx\/inicio\/wp-content\/uploads\/2021\/05\/Lista21052021c.pdf\">Complementaria<\/a><\/li>\n<li><a href=\"https:\/\/youtu.be\/WFp1Xn6XRts?si=uhZwU7c2-QwhGtko\">V\u00eddeo de la Sesi\u00f3n<\/a><\/li>\n<\/ul>\n<h3>Contenido<\/h3>\n<ul>\n<li>TEE\/JEC\/187\/2021 y TEE\/JEC\/192\/2021 Acumulados Acuerdo Plenario &#8211; Ernesto Fidel Payan Cortinas<\/li>\n<li>TEE\/JEC\/066\/2021 Acuerdo Plenario &#8211; Paula S\u00e1nchez Jim\u00e9nez<\/li>\n<li>TEE\/JEC\/080\/2021 Acuerdo Plenario &#8211; Israle Alejandro Fern\u00e1ndez Jaimes y otros<\/li>\n<li>TEE\/JEC\/194\/2021 &#8211; Crescencio Reyes Torres<\/li>\n<\/ul>\n<p><strong>Complementaria<\/strong><\/p>\n<ul>\n<li>TEE\/RAP\/029\/2021 Acuerdo Plenario &#8211; Miriam Galeana Bustos<\/li>\n<li>TEE\/PES\/023\/2021 Acuerdo Plenario &#8211; Pedro Sergio Guti\u00e9rrez L\u00f3pez<\/li>\n<\/ul>\n<h2><!--more--><\/h2>\n<h3><strong>TEE\/JEC\/187\/2021 y TEE\/JEC\/192\/2021 Acumulados Acuerdo Plenario<\/strong><\/h3>\n<p><strong>Actor:<\/strong> Ernesto Fidel Payan Cortinas<\/p>\n<p>&nbsp;<strong>Autoridad responsable:<\/strong> Comit\u00e9 Ejecutivo Nacional y Comisi\u00f3n Nacional de Elecciones de Morena<\/p>\n<p><strong>Descarga:<\/strong> <a href=\"https:\/\/teegro.gob.mx\/inicio\/wp-content\/uploads\/2021\/05\/TEE-JEC-187-2021-Acuerdo.pdf\">Descargar<\/a><\/p>\n<h3><strong>TEE\/JEC\/066\/2021 Acuerdo Plenario<\/strong><\/h3>\n<p><strong>Actor:<\/strong> Paula S\u00e1nchez Jim\u00e9nez<\/p>\n<p><strong>Autoridad responsable:<\/strong> Comisi\u00f3n Nacional de Honestidad y Justicia de Morena<\/p>\n<p><strong>Descarga:<\/strong> <a href=\"https:\/\/teegro.gob.mx\/inicio\/wp-content\/uploads\/2021\/05\/TEE-JEC-066-2021-Acuerdo.pdf\">Descarga<\/a><\/p>\n<h3><strong>TEE\/JEC\/080\/2021 Acuerdo Plenario<\/strong><\/h3>\n<p><strong>Actor:<\/strong> Israle Alejandro Fern\u00e1ndez Jaimes y otros<\/p>\n<p><strong>Autoridad responsable:<\/strong> Comisi\u00f3n Nacional de Honestidad y Justicia de Morena <\/p>\n<p><strong>Descarga:<\/strong> <a href=\"https:\/\/teegro.gob.mx\/inicio\/wp-content\/uploads\/2021\/05\/TEE-JEC-080-2021-Acuerdo.pdf\">Descarga<\/a><\/p>\n<h3><strong>TEE\/JEC\/194\/2021<\/strong><\/h3>\n<p><strong>Actor:<\/strong> Crescencio Reyes Torres<\/p>\n<p><strong>Autoridad responsable:<\/strong> Instituto Electoral y de Participaci\u00f3n Ciudadana del Estado de Guerrero<\/p>\n<p><strong>Descarga:<\/strong> <a href=\"https:\/\/teegro.gob.mx\/inicio\/wp-content\/uploads\/2021\/05\/TEE-JEC-194-2021.pdf\">Descarga<\/a><\/p>\n<p>&nbsp;<\/p>\n<p><strong>Complementaria<\/strong><\/p>\n<h3><strong>TEE\/RAP\/029\/2021 Acuerdo Plenario<\/strong><\/h3>\n<p><strong>Actor:<\/strong> Miriam Galeana Bustos<\/p>\n<p><strong>Autoridad responsable:<\/strong> Instituto Electoral y de Participaci\u00f3n Ciudadana del Estado de Guerrero <\/p>\n<p><strong>Descarga:<\/strong> <a href=\"https:\/\/teegro.gob.mx\/inicio\/wp-content\/uploads\/2021\/05\/TEE-RAP-029-2021_Acuerdo.pdf\">Descarga<\/a><\/p>\n<h3><strong>TEE\/PES\/023\/2021 Acuerdo Plenario<\/strong><\/h3>\n<p><strong>Actor:<\/strong> Pedro Sergio Guti\u00e9rrez L\u00f3pez<\/p>\n<p><strong>Autoridad responsable:<\/strong> Marcos Efr\u00e9n Parra Gom\u00e9z<\/p>\n<p><strong>Descarga:<\/strong> <a href=\"https:\/\/teegro.gob.mx\/inicio\/wp-content\/uploads\/2021\/05\/TEE-PES-023-2021-Acuerdo.pdf\">Descargar<\/a><\/p>\n<p><strong>rga:<\/strong> Descarga<\/p>\n","protected":false},"excerpt":{"rendered":"<p>Orden del d\u00eda Complementaria V\u00eddeo de la Sesi\u00f3n Contenido TEE\/JEC\/187\/2021 y TEE\/JEC\/192\/2021 Acumulados Acuerdo Plenario &#8211; Ernesto Fidel Payan Cortinas TEE\/JEC\/066\/2021 Acuerdo Plenario &#8211; Paula S\u00e1nchez Jim\u00e9nez TEE\/JEC\/080\/2021 Acuerdo Plenario &#8211; Israle Alejandro Fern\u00e1ndez Jaimes y otros TEE\/JEC\/194\/2021 &#8211; Crescencio Reyes Torres Complementaria TEE\/RAP\/029\/2021 Acuerdo Plenario &#8211; Miriam Galeana Bustos TEE\/PES\/023\/2021 Acuerdo Plenario &#8211; Pedro [&hellip;]<\/p>\n","protected":false},"author":1,"featured_media":0,"comment_status":"open","ping_status":"open","sticky":false,"template":"","format":"standard","meta":{"_acf_changed":false,"footnotes":""},"categories":[210],"tags":[],"class_list":["post-13170","post","type-post","status-publish","format-standard","hentry","category-gaceta"],"acf":[],"_links":{"self":[{"href":"https:\/\/teegro.gob.mx\/sitio2025\/wp-json\/wp\/v2\/posts\/13170","targetHints":{"allow":["GET"]}}],"collection":[{"href":"https:\/\/teegro.gob.mx\/sitio2025\/wp-json\/wp\/v2\/posts"}],"about":[{"href":"https:\/\/teegro.gob.mx\/sitio2025\/wp-json\/wp\/v2\/types\/post"}],"author":[{"embeddable":true,"href":"https:\/\/teegro.gob.mx\/sitio2025\/wp-json\/wp\/v2\/users\/1"}],"replies":[{"embeddable":true,"href":"https:\/\/teegro.gob.mx\/sitio2025\/wp-json\/wp\/v2\/comments?post=13170"}],"version-history":[{"count":12,"href":"https:\/\/teegro.gob.mx\/sitio2025\/wp-json\/wp\/v2\/posts\/13170\/revisions"}],"predecessor-version":[{"id":13182,"href":"https:\/\/teegro.gob.mx\/sitio2025\/wp-json\/wp\/v2\/posts\/13170\/revisions\/13182"}],"wp:attachment":[{"href":"https:\/\/teegro.gob.mx\/sitio2025\/wp-json\/wp\/v2\/media?parent=13170"}],"wp:term":[{"taxonomy":"category","embeddable":true,"href":"https:\/\/teegro.gob.mx\/sitio2025\/wp-json\/wp\/v2\/categories?post=13170"},{"taxonomy":"post_tag","embeddable":true,"href":"https:\/\/teegro.gob.mx\/sitio2025\/wp-json\/wp\/v2\/tags?post=13170"}],"curies":[{"name":"wp","href":"https:\/\/api.w.org\/{rel}","templated":true}]}}