{"id":13184,"date":"2021-05-23T15:36:07","date_gmt":"2021-05-23T20:36:07","guid":{"rendered":"https:\/\/teegro.gob.mx\/sitio2023\/?p=13184"},"modified":"2024-04-08T16:16:38","modified_gmt":"2024-04-08T21:16:38","slug":"cuadragesima-primera-sesion-publica-de-resolucion-3","status":"publish","type":"post","link":"https:\/\/teegro.gob.mx\/sitio2025\/cuadragesima-primera-sesion-publica-de-resolucion-3\/","title":{"rendered":"Cuadrag\u00e9sima Primera Sesi\u00f3n P\u00fablica de Resoluci\u00f3n"},"content":{"rendered":"<!-- VideographyWP Plugin Message: Automatic video embedding prevented by plugin options. -->\n\n<ul>\n<li><a href=\"https:\/\/teegro.gob.mx\/inicio\/wp-content\/uploads\/2021\/05\/Lista24052021.pdf\">Orden del d\u00eda<\/a><\/li>\n<li><a href=\"https:\/\/youtu.be\/CspwXDEPHWo?si=bW7SL0zGFtHeK2Lz\">V\u00eddeo de la Sesi\u00f3n<\/a><\/li>\n<\/ul>\n<h3>Contenido<\/h3>\n<ul>\n<li>TEE\/JEC\/148\/2021 ACUERDO PLENARIO &#8211; Rosalinda Guti\u00e9rrez Terrones<\/li>\n<li>TEE\/JEC\/096\/2021, TEE\/JEC\/097\/2021 y TEE\/JEC\/098\/2021 ACUMULADOS ACUERDO PLENARIO &#8211; Rosa Isela Mendoza Valdez, J. Jes\u00fas Hern\u00e1ndez Jaimes y Ana Valenzuela Palacios<\/li>\n<li>TEE\/JEC\/175\/2021 ACUERDO PLENARIO &#8211; Germ\u00e1n Parra V\u00e1zquez y Luis Obed Benitez Lagunas<\/li>\n<li>TEE\/JEC\/085\/2021 ACUERDO PLENARIO &#8211; Mariana F\u00e9lix Garc\u00eda<\/li>\n<li>TEE\/JEC\/103\/2021 ACUERDO PLENARIO &#8211; Guadalupe Hern\u00e1ndez L\u00f3pez<\/li>\n<li>TEE\/PES\/025\/2021 ACUERDO PLENARIO &#8211; Fulgencio L\u00f3pez Beltr\u00e1n<\/li>\n<li>TEE\/JEL\/006\/2021 &#8211; Carlos Alberto Villalpando Mili\u00e1n<\/li>\n<li>TEE\/JEC\/184\/2021 y TEE\/RAP\/028\/2021 ACUMULADOS &#8211; Mar\u00eda Isabel Ayala Nicanor y Morena<\/li>\n<li>TEE\/PES\/024\/2021 &#8211; Efr\u00e9n Hern\u00e1ndez Montalv\u00e1n<\/li>\n<li>TEE\/JEC\/146\/2021 &#8211; Norma Otilia Hern\u00e1ndez Mart\u00ednez<\/li>\n<li>TEE\/JEC\/190\/2021 &#8211; Felipe Rojas Garc\u00eda<\/li>\n<\/ul>\n<h2><!--more--><\/h2>\n<h3><strong>TEE\/JEC\/148\/2021 ACUERDO PLENARIO<\/strong><\/h3>\n<p><strong>Actor:<\/strong> Rosalinda Guti\u00e9rrez Terrones<\/p>\n<p>&nbsp;<strong>Autoridad responsable:<\/strong> Comisi\u00f3n Nacional de Honestidad y Justicia de Morena<\/p>\n<p><strong>Descarga:<\/strong> <a href=\"https:\/\/teegro.gob.mx\/inicio\/wp-content\/uploads\/2021\/05\/TEE-JEC-148-2021-Acuerdo.pdf\">Descarga<\/a><\/p>\n<h3><strong>TEE\/JEC\/096\/2021, TEE\/JEC\/097\/2021 y TEE\/JEC\/098\/2021 ACUMULADOS ACUERDO PLENARIO<\/strong><\/h3>\n<p><strong>Actor:<\/strong> Rosa Isela Mendoza Valdez, J. Jes\u00fas Hern\u00e1ndez Jaimes y Ana Valenzuela Palacios<\/p>\n<p><strong>Autoridad responsable:<\/strong> Comisi\u00f3n Nacional de Elecciones de Morena<\/p>\n<p><strong>Descarga:<\/strong> <a href=\"https:\/\/teegro.gob.mx\/inicio\/wp-content\/uploads\/2021\/05\/TEE-JEC-096-2021-Acuerdo.pdf\">Descarga<\/a><\/p>\n<h3><strong>TEE\/JEC\/175\/2021 ACUERDO PLENARIO<\/strong><\/h3>\n<p><strong>Actor:<\/strong> Germ\u00e1n Parra V\u00e1zquez y Luis Obed Benitez Lagunas<\/p>\n<p><strong>Autoridad responsable:<\/strong> Comisi\u00f3n Nacional de Elecciones de Morena<\/p>\n<p><strong>Descarga:<\/strong> <a href=\"https:\/\/teegro.gob.mx\/inicio\/wp-content\/uploads\/2021\/05\/TEE-JEC_175-2021-Acuerdo.pdf\">Descarga<\/a><\/p>\n<h3><strong>TEE\/JEC\/085\/2021 ACUERDO PLENARIO<\/strong><\/h3>\n<p><strong>Actor:<\/strong> Mariana F\u00e9lix Garc\u00eda<\/p>\n<p><strong>Autoridad responsable:<\/strong> Comisi\u00f3n Nacional de Elecciones y Comisi\u00f3n Honestidad y Justicia de Morena<\/p>\n<p><strong>Descarga:<\/strong> <a href=\"https:\/\/teegro.gob.mx\/inicio\/wp-content\/uploads\/2021\/05\/TEE-JEC-085-2021-Acuerdo.pdf\">Descarga<\/a><\/p>\n<h3><strong>TEE\/JEC\/103\/2021 ACUERDO PLENARIO<\/strong><\/h3>\n<p><strong>Actor:<\/strong> Guadalupe Hern\u00e1ndez L\u00f3pez<\/p>\n<p><strong>Autoridad responsable:<\/strong> Comisi\u00f3n Nacional de Elecciones y Comisi\u00f3n Honestidad y Justicia de Morena y otra<\/p>\n<p><strong>Descarga:<\/strong> <a href=\"https:\/\/teegro.gob.mx\/inicio\/wp-content\/uploads\/2021\/05\/TEE-JEC-103-2021-Acuerdo.pdf\">Descarga<\/a><\/p>\n<h3><strong>TEE\/PES\/025\/2021 ACUERDO PLENARIO&nbsp;<\/strong><\/h3>\n<p><strong>Denunciante:<\/strong> Fulgencio L\u00f3pez Beltr\u00e1n<\/p>\n<p><strong>Denunciado:<\/strong> Ricardo Taja Ram\u00edrez<\/p>\n<p><strong>Descarga:<\/strong> <a href=\"https:\/\/teegro.gob.mx\/inicio\/wp-content\/uploads\/2021\/05\/TEE-PES-025-2021-Acuerdo.pdf\">Descargar<\/a><\/p>\n<h3><strong>TEE\/JEL\/006\/2021<\/strong><\/h3>\n<p><strong>Actor:<\/strong> Carlos Alberto Villalpando Mili\u00e1n<\/p>\n<p><strong>Autoridad responsable:<\/strong> Comisi\u00f3n Nacional de Honestidad y Justicia de Morena<\/p>\n<p><strong>Descarga:<\/strong> <a href=\"https:\/\/teegro.gob.mx\/inicio\/wp-content\/uploads\/2021\/05\/TEE-JEL-006-2021.pdf\">Descarga<\/a><\/p>\n<h3><strong>TEE\/JEC\/184\/2021 y TEE\/RAP\/028\/2021 ACUMULADOS<\/strong><\/h3>\n<p><strong>Actor:<\/strong> Mar\u00eda Isabel Ayala Nicanor y Morena&nbsp;<\/p>\n<p><strong>Autoridad responsable:<\/strong> Instituto Electoral y de Participaci\u00f3n Ciudadana del Estado de Guerrero<\/p>\n<p><strong>Descarga:<\/strong> <a href=\"https:\/\/teegro.gob.mx\/inicio\/wp-content\/uploads\/2021\/05\/TEE-JEC-184-2021.pdf\">Descarga<\/a><\/p>\n<h3><strong>TEE\/PES\/024\/2021<\/strong><\/h3>\n<p><strong>Actor:<\/strong> Efr\u00e9n Hern\u00e1ndez Montalv\u00e1n<\/p>\n<p><strong>Autoridad responsable:<\/strong> Adriana Mart\u00ednez Hern\u00e1ndez<\/p>\n<p><strong>Descarga:<\/strong> <a href=\"https:\/\/teegro.gob.mx\/inicio\/wp-content\/uploads\/2021\/05\/TEE-PES-024-2021.pdf\">Descarga<\/a><\/p>\n<h3><strong>TEE\/JEC\/146\/2021<\/strong><\/h3>\n<p><strong>Actor:<\/strong> Norma Otilia Hern\u00e1ndez Mart\u00ednez<\/p>\n<p><strong>Autoridad responsable:<\/strong> Comisi\u00f3n Nacional de Honestidad y Justicia de Morena<\/p>\n<p><strong>Descarga:<\/strong> <a href=\"https:\/\/teegro.gob.mx\/inicio\/wp-content\/uploads\/2021\/05\/TEE-JEC-146-2021.pdf\">Descarga<\/a><\/p>\n<h3><strong>TEE\/JEC\/190\/2021<\/strong><\/h3>\n<p><strong>Actor:<\/strong> Felipe Rojas Garc\u00eda<\/p>\n<p><strong>Autoridad responsable:<\/strong> Comisi\u00f3n Nacional de Honestidad y Justicia de Morena<\/p>\n<p><strong>Descarga:<\/strong> <a href=\"https:\/\/teegro.gob.mx\/inicio\/wp-content\/uploads\/2021\/05\/TEE-JEC-190-2021.pdf\">Descarga<\/a><\/p>\n","protected":false},"excerpt":{"rendered":"<p>Orden del d\u00eda V\u00eddeo de la Sesi\u00f3n Contenido TEE\/JEC\/148\/2021 ACUERDO PLENARIO &#8211; Rosalinda Guti\u00e9rrez Terrones TEE\/JEC\/096\/2021, TEE\/JEC\/097\/2021 y TEE\/JEC\/098\/2021 ACUMULADOS ACUERDO PLENARIO &#8211; Rosa Isela Mendoza Valdez, J. Jes\u00fas Hern\u00e1ndez Jaimes y Ana Valenzuela Palacios TEE\/JEC\/175\/2021 ACUERDO PLENARIO &#8211; Germ\u00e1n Parra V\u00e1zquez y Luis Obed Benitez Lagunas TEE\/JEC\/085\/2021 ACUERDO PLENARIO &#8211; Mariana F\u00e9lix Garc\u00eda TEE\/JEC\/103\/2021 [&hellip;]<\/p>\n","protected":false},"author":1,"featured_media":0,"comment_status":"open","ping_status":"open","sticky":false,"template":"","format":"standard","meta":{"_acf_changed":false,"footnotes":""},"categories":[210],"tags":[],"class_list":["post-13184","post","type-post","status-publish","format-standard","hentry","category-gaceta"],"acf":[],"_links":{"self":[{"href":"https:\/\/teegro.gob.mx\/sitio2025\/wp-json\/wp\/v2\/posts\/13184","targetHints":{"allow":["GET"]}}],"collection":[{"href":"https:\/\/teegro.gob.mx\/sitio2025\/wp-json\/wp\/v2\/posts"}],"about":[{"href":"https:\/\/teegro.gob.mx\/sitio2025\/wp-json\/wp\/v2\/types\/post"}],"author":[{"embeddable":true,"href":"https:\/\/teegro.gob.mx\/sitio2025\/wp-json\/wp\/v2\/users\/1"}],"replies":[{"embeddable":true,"href":"https:\/\/teegro.gob.mx\/sitio2025\/wp-json\/wp\/v2\/comments?post=13184"}],"version-history":[{"count":20,"href":"https:\/\/teegro.gob.mx\/sitio2025\/wp-json\/wp\/v2\/posts\/13184\/revisions"}],"predecessor-version":[{"id":13204,"href":"https:\/\/teegro.gob.mx\/sitio2025\/wp-json\/wp\/v2\/posts\/13184\/revisions\/13204"}],"wp:attachment":[{"href":"https:\/\/teegro.gob.mx\/sitio2025\/wp-json\/wp\/v2\/media?parent=13184"}],"wp:term":[{"taxonomy":"category","embeddable":true,"href":"https:\/\/teegro.gob.mx\/sitio2025\/wp-json\/wp\/v2\/categories?post=13184"},{"taxonomy":"post_tag","embeddable":true,"href":"https:\/\/teegro.gob.mx\/sitio2025\/wp-json\/wp\/v2\/tags?post=13184"}],"curies":[{"name":"wp","href":"https:\/\/api.w.org\/{rel}","templated":true}]}}