{"id":13205,"date":"2021-05-24T14:00:00","date_gmt":"2021-05-24T19:00:00","guid":{"rendered":"https:\/\/teegro.gob.mx\/sitio2023\/?p=13205"},"modified":"2024-04-08T16:45:41","modified_gmt":"2024-04-08T21:45:41","slug":"cuadragesima-segunda-sesion-publica-de-resolucion-3","status":"publish","type":"post","link":"https:\/\/teegro.gob.mx\/sitio2025\/cuadragesima-segunda-sesion-publica-de-resolucion-3\/","title":{"rendered":"Cuadrag\u00e9sima Segunda Sesi\u00f3n P\u00fablica de Resoluci\u00f3n"},"content":{"rendered":"<!-- VideographyWP Plugin Message: Automatic video embedding prevented by plugin options. -->\n\n<ul>\n<li><a href=\"https:\/\/teegro.gob.mx\/inicio\/wp-content\/uploads\/2021\/05\/Lista25052021.pdf\">Orden del d\u00eda<\/a><\/li>\n<li><a href=\"https:\/\/youtu.be\/DbyiNEdKQtM?si=POHWBrujrEwON9TJ\">V\u00eddeo de la Sesi\u00f3n<\/a><\/li>\n<\/ul>\n<h3>Contenido<\/h3>\n<ul>\n<li>TEE\/JEC\/114\/2021 ACUERDO PLENARIO &#8211; Patricia Paulino Ventura<\/li>\n<li>TEE\/JEC\/123\/2021 ACUERDO PLENARIO &#8211; Pedro Trujillo Palacios<\/li>\n<li>TEE\/JEC\/196\/2021 &#8211; Matlide Testa Garc\u00eda<\/li>\n<li>TEE\/JEC\/161\/2021 Y TEE\/JEC\/162\/2021 ACUMULADO &#8211; Fanny Serna Padilla y Olivia Arriaga Irabien<\/li>\n<li>TEE\/JEC\/181\/2021 &#8211; Juan Carlos Plancarte Loranca<\/li>\n<li>TEE\/JEC\/191\/2021 &#8211; Matilde Testa Garc\u00eda<\/li>\n<li>TEE\/PES\/026\/2021 &#8211; Fulgencio L\u00f3pez Beltr\u00e1n<\/li>\n<li>TEE\/JEC\/167\/2021 &#8211; Matilde Testa Garc\u00eda<\/li>\n<li>TEE\/JEC\/182\/2021 &#8211; Francisco Mondrag\u00f3n Pascacio<\/li>\n<\/ul>\n<h2><!--more--><\/h2>\n<h3><strong>TEE\/JEC\/114\/2021 ACUERDO PLENARIO<\/strong><\/h3>\n<p><strong>Actor:<\/strong> Patricia Paulino Ventura<\/p>\n<p>&nbsp;<strong>Autoridad responsable:<\/strong> Comit\u00e9 Ejecutivo Estatal de Morena<\/p>\n<p><strong>Descarga:<\/strong> <a href=\"https:\/\/teegro.gob.mx\/inicio\/wp-content\/uploads\/2021\/05\/TEE-JEC-114-2021-Acuerdo-1.pdf\">Descarga<\/a><\/p>\n<h3><strong>TEE\/JEC\/123\/2021 ACUERDO PLENARIO<\/strong><\/h3>\n<p><strong>Actor:<\/strong> Pedro Trujillo Palacios<\/p>\n<p><strong>Autoridad responsable:<\/strong> Comisi\u00f3n Nacional de Honestidad y Justicia de Morena<\/p>\n<p><strong>Descarga:<\/strong> <a href=\"https:\/\/teegro.gob.mx\/inicio\/wp-content\/uploads\/2021\/05\/TEE-JEC-123-2021-Acuerdo-1.pdf\">Descarga<\/a><\/p>\n<h3><strong>TEE\/JEC\/196\/2021<\/strong><\/h3>\n<p><strong>Actor:<\/strong> Matlide Testa Garc\u00eda<\/p>\n<p><strong>Autoridad responsable:<\/strong> Comisi\u00f3n Nacional de Honestidad y Justicia de Morena<\/p>\n<p><strong>Descarga:<\/strong> <a href=\"https:\/\/teegro.gob.mx\/inicio\/wp-content\/uploads\/2021\/05\/TEE-JEC-196-2021.pdf\">Descarga<\/a><\/p>\n<h3><strong>TEE\/JEC\/161\/2021 Y TEE\/JEC\/162\/2021 ACUMULADO<\/strong><\/h3>\n<p><strong>Actor:<\/strong> Fanny Serna Padilla y Olivia Arriaga Irabien<\/p>\n<p><strong>Autoridad responsable:<\/strong> Comisi\u00f3n Nacional de Elecciones de Morena<\/p>\n<p><strong>Descarga:<\/strong> <a href=\"https:\/\/teegro.gob.mx\/inicio\/wp-content\/uploads\/2021\/05\/TEE-JEC-161-2021-y-Acumulados.pdf\">Descarga<\/a><\/p>\n<h3><strong>TEE\/JEC\/181\/2021<\/strong><\/h3>\n<p><strong>Actor:<\/strong> Juan Carlos Plancarte Loranca<\/p>\n<p><strong>Autoridad responsable: <\/strong>Comisi\u00f3n Nacional de Honestidad y Justicia de Morena<\/p>\n<p><strong>Descarga:<\/strong> <a href=\"https:\/\/teegro.gob.mx\/inicio\/wp-content\/uploads\/2021\/05\/TEE-JEC-181-2021.pdf\">Descarga<\/a><\/p>\n<h3><strong>TEE\/JEC\/191\/2021<\/strong><\/h3>\n<p><strong>Actor:<\/strong> Matilde Testa Garc\u00eda<\/p>\n<p><strong>Autoridad responsable:<\/strong> Comisi\u00f3n Nacional de Elecciones de Morena<\/p>\n<p><strong>Descarga:<\/strong> <a href=\"https:\/\/teegro.gob.mx\/inicio\/wp-content\/uploads\/2021\/05\/TEE-JEC-191-2021.pdf\">Descargar<\/a><\/p>\n<h3><strong>TEE\/PES\/026\/2021<\/strong><\/h3>\n<p><strong>Denunciante:<\/strong> Fulgencio L\u00f3pez Beltr\u00e1n<\/p>\n<p><strong>Denunciado:<\/strong> Ricardo Taja Ram\u00edrez<\/p>\n<p><strong>Descarga:<\/strong> <a href=\"https:\/\/teegro.gob.mx\/inicio\/wp-content\/uploads\/2021\/05\/TEE-PES-026-2021.pdf\">Descarga<\/a><\/p>\n<h3><strong>TEE\/JEC\/167\/2021<\/strong><\/h3>\n<p><strong>Actor:<\/strong> Matilde Testa Garc\u00eda<\/p>\n<p><strong>Autoridad responsable:<\/strong> Comisi\u00f3n Nacional de Honestidad y Justicia del Partido Pol\u00edtico Morena<\/p>\n<p><strong>Descarga:<\/strong> <a href=\"https:\/\/teegro.gob.mx\/inicio\/wp-content\/uploads\/2021\/05\/TEE-JEC-167-2021.pdf\">Descarga<\/a><\/p>\n<h3><strong>TEE\/JEC\/182\/2021<\/strong><\/h3>\n<p><strong>Actor:<\/strong> Francisco Mondrag\u00f3n Pascacio<\/p>\n<p><strong>Autoridad responsable:<\/strong> Comisi\u00f3n Nacional de Honestidad y Justicia de Morena<\/p>\n<p><strong>Descarga:<\/strong> <a href=\"https:\/\/teegro.gob.mx\/inicio\/wp-content\/uploads\/2021\/05\/TEE-JEC-182-2021.pdf\">Descarga<\/a><\/p>\n","protected":false},"excerpt":{"rendered":"<p>Orden del d\u00eda V\u00eddeo de la Sesi\u00f3n Contenido TEE\/JEC\/114\/2021 ACUERDO PLENARIO &#8211; Patricia Paulino Ventura TEE\/JEC\/123\/2021 ACUERDO PLENARIO &#8211; Pedro Trujillo Palacios TEE\/JEC\/196\/2021 &#8211; Matlide Testa Garc\u00eda TEE\/JEC\/161\/2021 Y TEE\/JEC\/162\/2021 ACUMULADO &#8211; Fanny Serna Padilla y Olivia Arriaga Irabien TEE\/JEC\/181\/2021 &#8211; Juan Carlos Plancarte Loranca TEE\/JEC\/191\/2021 &#8211; Matilde Testa Garc\u00eda TEE\/PES\/026\/2021 &#8211; Fulgencio L\u00f3pez Beltr\u00e1n [&hellip;]<\/p>\n","protected":false},"author":1,"featured_media":0,"comment_status":"open","ping_status":"open","sticky":false,"template":"","format":"standard","meta":{"_acf_changed":false,"footnotes":""},"categories":[210],"tags":[],"class_list":["post-13205","post","type-post","status-publish","format-standard","hentry","category-gaceta"],"acf":[],"_links":{"self":[{"href":"https:\/\/teegro.gob.mx\/sitio2025\/wp-json\/wp\/v2\/posts\/13205","targetHints":{"allow":["GET"]}}],"collection":[{"href":"https:\/\/teegro.gob.mx\/sitio2025\/wp-json\/wp\/v2\/posts"}],"about":[{"href":"https:\/\/teegro.gob.mx\/sitio2025\/wp-json\/wp\/v2\/types\/post"}],"author":[{"embeddable":true,"href":"https:\/\/teegro.gob.mx\/sitio2025\/wp-json\/wp\/v2\/users\/1"}],"replies":[{"embeddable":true,"href":"https:\/\/teegro.gob.mx\/sitio2025\/wp-json\/wp\/v2\/comments?post=13205"}],"version-history":[{"count":13,"href":"https:\/\/teegro.gob.mx\/sitio2025\/wp-json\/wp\/v2\/posts\/13205\/revisions"}],"predecessor-version":[{"id":13219,"href":"https:\/\/teegro.gob.mx\/sitio2025\/wp-json\/wp\/v2\/posts\/13205\/revisions\/13219"}],"wp:attachment":[{"href":"https:\/\/teegro.gob.mx\/sitio2025\/wp-json\/wp\/v2\/media?parent=13205"}],"wp:term":[{"taxonomy":"category","embeddable":true,"href":"https:\/\/teegro.gob.mx\/sitio2025\/wp-json\/wp\/v2\/categories?post=13205"},{"taxonomy":"post_tag","embeddable":true,"href":"https:\/\/teegro.gob.mx\/sitio2025\/wp-json\/wp\/v2\/tags?post=13205"}],"curies":[{"name":"wp","href":"https:\/\/api.w.org\/{rel}","templated":true}]}}