{"id":13220,"date":"2021-05-26T14:30:47","date_gmt":"2021-05-26T19:30:47","guid":{"rendered":"https:\/\/teegro.gob.mx\/sitio2023\/?p=13220"},"modified":"2024-04-08T17:12:14","modified_gmt":"2024-04-08T22:12:14","slug":"cuadragesima-tercera-sesion-publica-de-resolucion","status":"publish","type":"post","link":"https:\/\/teegro.gob.mx\/sitio2025\/cuadragesima-tercera-sesion-publica-de-resolucion\/","title":{"rendered":"Cuadrag\u00e9sima Tercera Sesi\u00f3n P\u00fablica de Resoluci\u00f3n"},"content":{"rendered":"<!-- VideographyWP Plugin Message: Automatic video embedding prevented by plugin options. -->\n\n<ul>\n<li><a href=\"https:\/\/teegro.gob.mx\/inicio\/wp-content\/uploads\/2021\/05\/Lista27052021.pdf\">Orden del d\u00eda<\/a><\/li>\n<li><a href=\"https:\/\/youtu.be\/D_hFJr_a-yQ?si=Y5rI5bQOGwGN7Mdo\">V\u00eddeo de la Sesi\u00f3n<\/a><\/li>\n<\/ul>\n<h3>Contenido<\/h3>\n<ul>\n<li>TEE\/JEC\/186\/2021 ACUERDO PLENARIO &#8211; Hermenegildo Garc\u00eda de la Cruz<\/li>\n<li>TEE\/JEC\/204\/2021 ACUERDO PLENARIO &#8211; Alejandro Gonz\u00e1lez Munibe<\/li>\n<li>TEE\/JEC\/180\/2021 ACUERDO PLENARIO &#8211; Marina Carranza Figueroa<\/li>\n<li>TEE\/JEC\/193\/2021 &#8211; Edelmira Del Moral Miranda<\/li>\n<li>TEE\/RAP\/027\/2021 &#8211; Representante del PRI ante el Consejo Distrital Electoral 21<\/li>\n<li>TEE\/JEC\/183\/2021 &#8211; Olga Baz\u00e1n Gonz\u00e1lez<\/li>\n<li>TEE\/JEC\/195\/2021 &#8211; Patricia Paulino Ventura<\/li>\n<li>TEE\/JEC\/197\/2021 &#8211; Miriam Galeana Bustos<\/li>\n<li>TEE\/JEC\/199\/2021 &#8211; Lucio Carlos Garc\u00eda Salgado<\/li>\n<li>TEE\/JEC\/200\/2021 &#8211; Adri\u00e1n Wences Carrasco<\/li>\n<\/ul>\n<h2><!--more--><\/h2>\n<h3><strong>TEE\/JEC\/186\/2021 ACUERDO PLENARIO<\/strong><\/h3>\n<p><strong>Actor:<\/strong> Hermenegildo Garc\u00eda de la Cruz<\/p>\n<p>&nbsp;<strong>Autoridad responsable:<\/strong> Comisi\u00f3n Nacional de Elecciones de Morena<\/p>\n<p><strong>Descarga:<\/strong> <a href=\"https:\/\/teegro.gob.mx\/inicio\/wp-content\/uploads\/2021\/05\/TEE-JEC-186-2021-Acuerdo.pdf\">Descarga<\/a><\/p>\n<h3><strong>TEE\/JEC\/204\/2021 ACUERDO PLENARIO<\/strong><\/h3>\n<p><strong>Actor:<\/strong> Alejandro Gonz\u00e1lez Munibe<\/p>\n<p><strong>Autoridad responsable:<\/strong> Comisi\u00f3n Nacional de Elecciones de Morena<\/p>\n<p><strong>Descarga:<\/strong> <a href=\"https:\/\/teegro.gob.mx\/inicio\/wp-content\/uploads\/2021\/05\/TEE-JEC-204-2021-Acuerdo.pdf\">Descarga<\/a><\/p>\n<h3><strong>TEE\/JEC\/180\/2021 ACUERDO PLENARIO<\/strong><\/h3>\n<p><strong>Actor:<\/strong> Marina Carranza Figueroa<\/p>\n<p><strong>Autoridad responsable:<\/strong> Comisi\u00f3n Permanente del Consejo Estatal del PAN<\/p>\n<p><strong>Descarga:<\/strong> <a href=\"https:\/\/teegro.gob.mx\/inicio\/wp-content\/uploads\/2021\/05\/TEE-JEC-180-2021-Acuerdo.pdf\">Descarga<\/a><\/p>\n<h3><strong>TEE\/JEC\/193\/2021<\/strong><\/h3>\n<p><strong>Actor:<\/strong> Edelmira Del Moral Miranda<\/p>\n<p><strong>Autoridad responsable:<\/strong> Instituto Electoral y de Participaci\u00f3n Ciudadana del Estado de Guerrero<\/p>\n<p><strong>Descarga:<\/strong> <a href=\"https:\/\/teegro.gob.mx\/inicio\/wp-content\/uploads\/2021\/05\/TEE-JEC-193-2021.pdf\">Descarga<\/a><\/p>\n<h3><strong>TEE\/RAP\/027\/2021<\/strong><\/h3>\n<p><strong>Actor:<\/strong> Representante del PRI ante el Consejo Distrital Electoral 21<\/p>\n<p><strong>Autoridad responsable:<\/strong> Instituto Electoral y de Participaci\u00f3n Ciudadana del Estado de Guerrero<\/p>\n<p><strong>Descarga:<\/strong> <a href=\"https:\/\/teegro.gob.mx\/inicio\/wp-content\/uploads\/2021\/05\/TEE-RAP-027-2021.pdf\">Descarga<\/a><\/p>\n<h3><strong>TEE\/JEC\/183\/2021<\/strong><\/h3>\n<p><strong>Actor:<\/strong> Olga Baz\u00e1n Gonz\u00e1lez<\/p>\n<p><strong>Autoridad responsable:<\/strong> Comisi\u00f3n Nacional de Honestidad y Justicia de Morena<\/p>\n<p><strong>Descarga:<\/strong> <a href=\"https:\/\/teegro.gob.mx\/inicio\/wp-content\/uploads\/2021\/05\/TEE-JEC-183-2021.pdf\">Descargar<\/a><\/p>\n<h3><strong>TEE\/JEC\/195\/2021<\/strong><\/h3>\n<p><strong>Actor:<\/strong> Patricia Paulino Ventura<\/p>\n<p><strong>Autoridad responsable:<\/strong> Comisi\u00f3n Nacional de Honestidad y Justicia de Morena<\/p>\n<p><strong>Descarga:<\/strong> <a href=\"https:\/\/teegro.gob.mx\/inicio\/wp-content\/uploads\/2021\/05\/TEE-JEC-195_2021.pdf\">Descarga<\/a><\/p>\n<h3><strong>TEE\/JEC\/197\/2021<\/strong><\/h3>\n<p><strong>Actor:<\/strong> Miriam Galeana Bustos<\/p>\n<p><strong>Autoridad responsable:<\/strong> Instituto Electoral y de Participaci\u00f3n Ciudadana del Estado de Guerrero<\/p>\n<p><strong>Descarga:<\/strong> <a href=\"https:\/\/teegro.gob.mx\/inicio\/wp-content\/uploads\/2021\/05\/TEE-JEC-197_2021.pdf\">Descarga<\/a><\/p>\n<h3><strong>TEE\/JEC\/199\/2021<\/strong><\/h3>\n<p><strong>Actor:<\/strong> Lucio Carlos Garc\u00eda Salgado<\/p>\n<p><strong>Autoridad responsable:<\/strong> Instituto Electoral y de Participaci\u00f3n Ciudadana del Estado de Guerrero<\/p>\n<p><strong>Descarga:<\/strong> <a href=\"https:\/\/teegro.gob.mx\/inicio\/wp-content\/uploads\/2021\/05\/TEE-JEC-199-2021.pdf\">Descarga<\/a><\/p>\n<h3><strong>TEE\/JEC\/200\/2021<\/strong><\/h3>\n<p><strong>Actor:<\/strong> Adri\u00e1n Wences Carrasco<\/p>\n<p><strong>Autoridad responsable:<\/strong> Instituto Electoral y de Participaci\u00f3n Ciudadana del Estado de Guerrero<\/p>\n<p><strong>Descarga:<\/strong> <a href=\"https:\/\/teegro.gob.mx\/inicio\/wp-content\/uploads\/2021\/05\/TEE-JEC-200-2021.pdf\">Descarga<\/a><\/p>\n","protected":false},"excerpt":{"rendered":"<p>Orden del d\u00eda V\u00eddeo de la Sesi\u00f3n Contenido TEE\/JEC\/186\/2021 ACUERDO PLENARIO &#8211; Hermenegildo Garc\u00eda de la Cruz TEE\/JEC\/204\/2021 ACUERDO PLENARIO &#8211; Alejandro Gonz\u00e1lez Munibe TEE\/JEC\/180\/2021 ACUERDO PLENARIO &#8211; Marina Carranza Figueroa TEE\/JEC\/193\/2021 &#8211; Edelmira Del Moral Miranda TEE\/RAP\/027\/2021 &#8211; Representante del PRI ante el Consejo Distrital Electoral 21 TEE\/JEC\/183\/2021 &#8211; Olga Baz\u00e1n Gonz\u00e1lez TEE\/JEC\/195\/2021 &#8211; [&hellip;]<\/p>\n","protected":false},"author":1,"featured_media":0,"comment_status":"open","ping_status":"open","sticky":false,"template":"","format":"standard","meta":{"_acf_changed":false,"footnotes":""},"categories":[210],"tags":[],"class_list":["post-13220","post","type-post","status-publish","format-standard","hentry","category-gaceta"],"acf":[],"_links":{"self":[{"href":"https:\/\/teegro.gob.mx\/sitio2025\/wp-json\/wp\/v2\/posts\/13220","targetHints":{"allow":["GET"]}}],"collection":[{"href":"https:\/\/teegro.gob.mx\/sitio2025\/wp-json\/wp\/v2\/posts"}],"about":[{"href":"https:\/\/teegro.gob.mx\/sitio2025\/wp-json\/wp\/v2\/types\/post"}],"author":[{"embeddable":true,"href":"https:\/\/teegro.gob.mx\/sitio2025\/wp-json\/wp\/v2\/users\/1"}],"replies":[{"embeddable":true,"href":"https:\/\/teegro.gob.mx\/sitio2025\/wp-json\/wp\/v2\/comments?post=13220"}],"version-history":[{"count":15,"href":"https:\/\/teegro.gob.mx\/sitio2025\/wp-json\/wp\/v2\/posts\/13220\/revisions"}],"predecessor-version":[{"id":13235,"href":"https:\/\/teegro.gob.mx\/sitio2025\/wp-json\/wp\/v2\/posts\/13220\/revisions\/13235"}],"wp:attachment":[{"href":"https:\/\/teegro.gob.mx\/sitio2025\/wp-json\/wp\/v2\/media?parent=13220"}],"wp:term":[{"taxonomy":"category","embeddable":true,"href":"https:\/\/teegro.gob.mx\/sitio2025\/wp-json\/wp\/v2\/categories?post=13220"},{"taxonomy":"post_tag","embeddable":true,"href":"https:\/\/teegro.gob.mx\/sitio2025\/wp-json\/wp\/v2\/tags?post=13220"}],"curies":[{"name":"wp","href":"https:\/\/api.w.org\/{rel}","templated":true}]}}