{"id":13236,"date":"2021-05-27T18:30:00","date_gmt":"2021-05-27T23:30:00","guid":{"rendered":"https:\/\/teegro.gob.mx\/sitio2023\/?p=13236"},"modified":"2024-04-08T18:13:56","modified_gmt":"2024-04-08T23:13:56","slug":"cuadragesima-cuarta-sesion-publica-de-resolucion","status":"publish","type":"post","link":"https:\/\/teegro.gob.mx\/sitio2025\/cuadragesima-cuarta-sesion-publica-de-resolucion\/","title":{"rendered":"Cuadrag\u00e9sima Cuarta Sesi\u00f3n P\u00fablica de Resoluci\u00f3n"},"content":{"rendered":"<!-- VideographyWP Plugin Message: Automatic video embedding prevented by plugin options. -->\n\n<ul>\n<li><a href=\"https:\/\/teegro.gob.mx\/inicio\/wp-content\/uploads\/2021\/05\/Lista28052021.pdf\">Orden del d\u00eda<\/a><\/li>\n<li><a href=\"https:\/\/youtu.be\/bwDv8ffKf-E?si=9KI0WE4olvVPhQKO\">V\u00eddeo de la Sesi\u00f3n<\/a><\/li>\n<\/ul>\n<h3>Contenido<\/h3>\n<ul>\n<li>TEE\/JEC\/202\/2021 Acuerdo Plenario &#8211; Petronila Gatica Gonz\u00e1lez<\/li>\n<li>TEE\/JEC\/165\/2021 Acuerdo Plenario &#8211; Daniel Josami Mendoza Salgado<\/li>\n<li>TEE\/JEC\/187\/2021 y TEE\/JEC\/192\/2021, Acumulados Acuerdo Plenario &#8211; Ernesto Fidel Pay\u00e1n Cortinas<\/li>\n<li>TEE\/JEC\/205\/2021 Acuerdo Plenario &#8211; Javier V\u00e1zquez Garc\u00eda <\/li>\n<li>TEE\/PES\/005\/2020 Acuerdo Plenario &#8211; Eleazar Mar\u00edn Quebrado<\/li>\n<li>TEE\/JEC\/163\/2021 &#8211; Carmelo Loeza Hern\u00e1ndez <\/li>\n<li>TEE\/JEL\/007\/2021 &#8211; Norma Otilia Hern\u00e1ndez Mart\u00ednez<\/li>\n<li>TEE\/PES\/027\/2021 &#8211; Jos\u00e9 Luis Delgado Garza<\/li>\n<li>TEE\/PES\/028\/2021 &#8211; Isa\u00edas Rojas Ram\u00edrez<\/li>\n<li>TEE\/JEC\/209\/2021 &#8211; Liliana Elfega Galeana Hern\u00e1ndez<\/li>\n<\/ul>\n<h2><!--more--><\/h2>\n<h3><strong>TEE\/JEC\/202\/2021 Acuerdo Plenario<\/strong><\/h3>\n<p><strong>Actor:<\/strong> Petronila Gatica Gonz\u00e1lez<\/p>\n<p>&nbsp;<strong>Autoridad responsable:<\/strong> Comisi\u00f3n Nacional de Elecciones y Comit\u00e9 Ejecutivo Nacional de Morena<\/p>\n<p><strong>Descarga:<\/strong> <a href=\"https:\/\/teegro.gob.mx\/inicio\/wp-content\/uploads\/2021\/05\/TEE-JEC-202-2021-ACUERDO.pdf\">Descarga<\/a><\/p>\n<h3><strong>TEE\/JEC\/165\/2021 Acuerdo Plenario<\/strong><\/h3>\n<p><strong>Actor:<\/strong> Daniel Josami Mendoza Salgado<\/p>\n<p><strong>Autoridad responsable:<\/strong> Comisi\u00f3n Nacional de Elecciones de Morena<\/p>\n<p><strong>Descarga:<\/strong> <a href=\"https:\/\/teegro.gob.mx\/inicio\/wp-content\/uploads\/2021\/05\/TEE-JEC-165-2021-ACUERDO.pdf\">Descarga<\/a><\/p>\n<h3><strong>TEE\/JEC\/187\/2021 y TEE\/JEC\/192\/2021, Acumulados Acuerdo Plenario<\/strong><\/h3>\n<p><strong>Actor:<\/strong> Ernesto Fidel Pay\u00e1n Cortinas<\/p>\n<p><strong>Autoridad responsable:<\/strong> Comit\u00e9 Ejecutivo Nacional y Comisi\u00f3n Nacional de Elecciones de Morena<\/p>\n<p><strong>Descarga:<\/strong> <a href=\"https:\/\/teegro.gob.mx\/inicio\/wp-content\/uploads\/2021\/05\/TEE-JEC-187-2021-Y-ACUMULADOS-ACUERDO.pdf\">Descarga<\/a><\/p>\n<h3><strong>TEE\/JEC\/205\/2021 Acuerdo Plenario<\/strong><\/h3>\n<p><strong>Actor:<\/strong> Javier V\u00e1zquez Garc\u00eda<\/p>\n<p><strong>Autoridad responsable:<\/strong> Comisi\u00f3n Nacional de Elecciones de Morena<\/p>\n<p><strong>Descarga:<\/strong> <a href=\"https:\/\/teegro.gob.mx\/inicio\/wp-content\/uploads\/2021\/05\/TEE-JEC-205-2021-ACUERDO.pdf\">Descarga<\/a><\/p>\n<h3><strong>TEE\/PES\/005\/2020 Acuerdo Plenario<br><\/strong><\/h3>\n<p><strong>Denunciante:<\/strong> Eleazar Mar\u00edn Quebrado<\/p>\n<p><strong>Denunciado:<\/strong> Efr\u00e9n \u00c1ngel Romero Soltelo y otras personas<\/p>\n<p><strong>Descarga:<\/strong> <a href=\"https:\/\/teegro.gob.mx\/inicio\/wp-content\/uploads\/2021\/05\/TEE-PES-005-2020_ACUERDO.pdf\">Descarga<\/a><\/p>\n<h3><strong>TEE\/JEC\/163\/2021<br><\/strong><\/h3>\n<p><strong>Actor:<\/strong> Carmelo Loeza Hern\u00e1ndez<\/p>\n<p><strong>Autoridad responsable:<\/strong> Comisi\u00f3n Nacional de Honestidad y Justicia de Morena<\/p>\n<p><strong>Descarga:<\/strong> <a href=\"https:\/\/teegro.gob.mx\/inicio\/wp-content\/uploads\/2021\/05\/TEE-JEC-163-2021.pdf\">Descargar<\/a><\/p>\n<h3><strong>TEE\/JEL\/007\/2021<\/strong><\/h3>\n<p><strong>Actor:<\/strong> Norma Otilia Hern\u00e1ndez Mart\u00ednez<\/p>\n<p><strong>Autoridad responsable:<\/strong> Comisi\u00f3n Nacional de Honestidad y Justicia de Morena <\/p>\n<p><strong>Descarga:<\/strong> <a href=\"https:\/\/teegro.gob.mx\/inicio\/wp-content\/uploads\/2021\/05\/TEE-JEL-007-2021.pdf\">Descarga<\/a><\/p>\n<h3><strong>TEE\/PES\/027\/2021<\/strong><\/h3>\n<p><strong>Denunciante:<\/strong> Jos\u00e9 Luis Delgado Garza<\/p>\n<p><strong>Denunciado:<\/strong> UAGro y Jos\u00e9 Alfredo Romero Olea; Ricardo Taja Ram\u00edrez y el PRI <\/p>\n<p><strong>Descarga:<\/strong> <a href=\"https:\/\/teegro.gob.mx\/inicio\/wp-content\/uploads\/2021\/05\/TEE-PES-027-2021.pdf\">Descarga<\/a><\/p>\n<h3><strong>TEE\/PES\/028\/2021<\/strong><\/h3>\n<p><strong>Denunciante:<\/strong> Isa\u00edas Rojas Ram\u00edrez<\/p>\n<p><strong>Denunciado:<\/strong> Gilberto Solano Arriaga <\/p>\n<p><strong>Descarga:<\/strong> <a href=\"https:\/\/teegro.gob.mx\/inicio\/wp-content\/uploads\/2021\/05\/TEE-PES-028-2021.pdf\">Descarga<\/a><\/p>\n<h3><strong>TEE\/JEC\/209\/2021<\/strong><\/h3>\n<p><strong>Actor:<\/strong> Liliana Elfega Galeana Hern\u00e1ndez<\/p>\n<p><strong>Autoridad responsable:&nbsp;<\/strong>Consejo General del IEPC Guerrero <\/p>\n<p><strong>Descarga:<\/strong> <a href=\"https:\/\/teegro.gob.mx\/inicio\/wp-content\/uploads\/2021\/05\/TEE-JEC-209-2021.pdf\">Descarga<\/a><\/p>\n","protected":false},"excerpt":{"rendered":"<p>Orden del d\u00eda V\u00eddeo de la Sesi\u00f3n Contenido TEE\/JEC\/202\/2021 Acuerdo Plenario &#8211; Petronila Gatica Gonz\u00e1lez TEE\/JEC\/165\/2021 Acuerdo Plenario &#8211; Daniel Josami Mendoza Salgado TEE\/JEC\/187\/2021 y TEE\/JEC\/192\/2021, Acumulados Acuerdo Plenario &#8211; Ernesto Fidel Pay\u00e1n Cortinas TEE\/JEC\/205\/2021 Acuerdo Plenario &#8211; Javier V\u00e1zquez Garc\u00eda TEE\/PES\/005\/2020 Acuerdo Plenario &#8211; Eleazar Mar\u00edn Quebrado TEE\/JEC\/163\/2021 &#8211; Carmelo Loeza Hern\u00e1ndez TEE\/JEL\/007\/2021 &#8211; [&hellip;]<\/p>\n","protected":false},"author":1,"featured_media":0,"comment_status":"open","ping_status":"open","sticky":false,"template":"","format":"standard","meta":{"_acf_changed":false,"footnotes":""},"categories":[210],"tags":[],"class_list":["post-13236","post","type-post","status-publish","format-standard","hentry","category-gaceta"],"acf":[],"_links":{"self":[{"href":"https:\/\/teegro.gob.mx\/sitio2025\/wp-json\/wp\/v2\/posts\/13236","targetHints":{"allow":["GET"]}}],"collection":[{"href":"https:\/\/teegro.gob.mx\/sitio2025\/wp-json\/wp\/v2\/posts"}],"about":[{"href":"https:\/\/teegro.gob.mx\/sitio2025\/wp-json\/wp\/v2\/types\/post"}],"author":[{"embeddable":true,"href":"https:\/\/teegro.gob.mx\/sitio2025\/wp-json\/wp\/v2\/users\/1"}],"replies":[{"embeddable":true,"href":"https:\/\/teegro.gob.mx\/sitio2025\/wp-json\/wp\/v2\/comments?post=13236"}],"version-history":[{"count":20,"href":"https:\/\/teegro.gob.mx\/sitio2025\/wp-json\/wp\/v2\/posts\/13236\/revisions"}],"predecessor-version":[{"id":13256,"href":"https:\/\/teegro.gob.mx\/sitio2025\/wp-json\/wp\/v2\/posts\/13236\/revisions\/13256"}],"wp:attachment":[{"href":"https:\/\/teegro.gob.mx\/sitio2025\/wp-json\/wp\/v2\/media?parent=13236"}],"wp:term":[{"taxonomy":"category","embeddable":true,"href":"https:\/\/teegro.gob.mx\/sitio2025\/wp-json\/wp\/v2\/categories?post=13236"},{"taxonomy":"post_tag","embeddable":true,"href":"https:\/\/teegro.gob.mx\/sitio2025\/wp-json\/wp\/v2\/tags?post=13236"}],"curies":[{"name":"wp","href":"https:\/\/api.w.org\/{rel}","templated":true}]}}