{"id":13281,"date":"2021-06-01T11:05:21","date_gmt":"2021-06-01T16:05:21","guid":{"rendered":"https:\/\/teegro.gob.mx\/sitio2023\/?p=13281"},"modified":"2024-04-09T12:24:41","modified_gmt":"2024-04-09T17:24:41","slug":"cuadragesima-octava-sesion-publica-de-resolucion","status":"publish","type":"post","link":"https:\/\/teegro.gob.mx\/sitio2025\/cuadragesima-octava-sesion-publica-de-resolucion\/","title":{"rendered":"Cuadrag\u00e9sima Octava Sesi\u00f3n P\u00fablica de Resoluci\u00f3n"},"content":{"rendered":"<!-- VideographyWP Plugin Message: Automatic video embedding prevented by plugin options. -->\n\n<ul>\n<li><a href=\"https:\/\/teegro.gob.mx\/inicio\/wp-content\/uploads\/2021\/05\/Lista01062021.pdf\">Orden del d\u00eda<\/a><\/li>\n<li><a href=\"https:\/\/teegro.gob.mx\/inicio\/wp-content\/uploads\/2021\/06\/Lista01062021comp.pdf\">Complementaria<\/a><\/li>\n<li><a href=\"https:\/\/youtu.be\/UibCMQ2elvs?si=TfT0sF3k3oPYLnOA\">V\u00eddeo de la Sesi\u00f3n<\/a><\/li>\n<\/ul>\n<h3>Contenido<\/h3>\n<ul>\n<li>TEE\/JEC\/201\/2021 &#8211; Dato Protegido<\/li>\n<li>TEE\/JEC\/206\/2021 &#8211; Carlos Marx Barbosa Guzm\u00e1n<\/li>\n<li>TEE\/JEC\/188\/2021 &#8211; Sally Lily S\u00e1nchez Servin<\/li>\n<li>TEE\/JEC\/203\/2021 &#8211; Carmelo Loaeza Hern\u00e1ndez<\/li>\n<li>TEE\/PES\/029\/2021 &#8211; Emilio Chavarr\u00eda D\u00edaz<\/li>\n<\/ul>\n<p><strong>Complementaria<\/strong><\/p>\n<ul>\n<li>TEE\/JEC\/207\/2021 &#8211; Erika Valencia Cardona<\/li>\n<li>TEE\/JEC\/189\/2021 &#8211; Mar\u00eda Felipa Garc\u00eda Mateos<\/li>\n<\/ul>\n<h2><!--more--><\/h2>\n<h3><strong>TEE\/JEC\/201\/2021<\/strong><\/h3>\n<p><strong>Actor:<\/strong> Dato Protegido<\/p>\n<p>&nbsp;<strong>Autoridad responsable:<\/strong> Instituto Electoral y de Participaci\u00f3n Ciudadana del Estado de Guerrero<\/p>\n<p><strong>Descarga:<\/strong> <a href=\"https:\/\/teegro.gob.mx\/inicio\/wp-content\/uploads\/2021\/06\/TEE-JEC-201-2021.pdf\">Descarga<\/a><\/p>\n<h3><strong>TEE\/JEC\/206\/2021<\/strong><\/h3>\n<p><strong>Actor:<\/strong> Carlos Marx Barbosa Guzm\u00e1n<\/p>\n<p><strong>Autoridad responsable:<\/strong> Comisi\u00f3n Nacional de Honestidad y Justicia de Morena<\/p>\n<p><strong>Descarga:<\/strong> <a href=\"https:\/\/teegro.gob.mx\/inicio\/wp-content\/uploads\/2021\/06\/TEE-JEC-206-2021.pdf\">Descarga<\/a><\/p>\n<h3><strong>TEE\/JEC\/188\/2021<\/strong><\/h3>\n<p><strong>Actor:<\/strong> Sally Lily S\u00e1nchez Servin<\/p>\n<p><strong>Autoridad responsable:<\/strong> Instituto Electoral y de Participaci\u00f3n Ciudadana del Estado de Guerrero<\/p>\n<p><strong>Descarga:<\/strong> <a href=\"https:\/\/teegro.gob.mx\/inicio\/wp-content\/uploads\/2021\/06\/TEE-JEC-188-2021.pdf\">Descarga<\/a><\/p>\n<h3><strong>TEE\/JEC\/203\/2021<\/strong><\/h3>\n<p><strong>Actor:<\/strong> Carmelo Loaeza Hern\u00e1ndez<\/p>\n<p><strong>Autoridad responsable:<\/strong> Comisi\u00f3n Nacional de Honestidad y Justicia del Partido Morena<\/p>\n<p><strong>Descarga:<\/strong> <a href=\"https:\/\/teegro.gob.mx\/inicio\/wp-content\/uploads\/2021\/06\/TEE-JEC-203-2021.pdf\">Descarga<\/a><\/p>\n<h3><strong>TEE\/PES\/029\/2021<\/strong><\/h3>\n<p><strong>Denunciante:<\/strong> Emilio Chavarr\u00eda D\u00edaz<\/p>\n<p><strong>Denunciado:<\/strong> Norma Otilia Hern\u00e1ndez Mart\u00ednez, J. F\u00e9lix Salgado Macedonio y Morena<\/p>\n<p><strong>Descarga:<\/strong> <a href=\"https:\/\/teegro.gob.mx\/inicio\/wp-content\/uploads\/2021\/06\/TEE-PES-029-2021.pdf\">Descarga<\/a><\/p>\n<p>&nbsp;<\/p>\n<p><strong>Complementaria<\/strong><\/p>\n<h3><strong>TEE\/JEC\/207\/2021<\/strong><\/h3>\n<p><strong>Actor:<\/strong> Erika Valencia Cardona<\/p>\n<p><strong>Autoridad responsable:<\/strong> Comisi\u00f3n Nacional de Honestidad y Justicia de Morena<\/p>\n<p><strong>Descarga:<\/strong> <a href=\"https:\/\/teegro.gob.mx\/inicio\/wp-content\/uploads\/2021\/06\/TEE-JEC-207-2021.pdf\">Descargar<\/a><\/p>\n<h3><strong>TEE\/JEC\/189\/2021<\/strong><\/h3>\n<p><strong>Actor:<\/strong> Mar\u00eda Felipa Garc\u00eda Mateos<\/p>\n<p><strong>Autoridad responsable:<\/strong> Comisi\u00f3n Nacional de Honestidad y Justicia de Morena<\/p>\n<p><strong>Descarga:<\/strong> <a href=\"https:\/\/teegro.gob.mx\/inicio\/wp-content\/uploads\/2021\/06\/TEE-JEC-189-2021.pdf\">Descarga<\/a><\/p>\n","protected":false},"excerpt":{"rendered":"<p>Orden del d\u00eda Complementaria V\u00eddeo de la Sesi\u00f3n Contenido TEE\/JEC\/201\/2021 &#8211; Dato Protegido TEE\/JEC\/206\/2021 &#8211; Carlos Marx Barbosa Guzm\u00e1n TEE\/JEC\/188\/2021 &#8211; Sally Lily S\u00e1nchez Servin TEE\/JEC\/203\/2021 &#8211; Carmelo Loaeza Hern\u00e1ndez TEE\/PES\/029\/2021 &#8211; Emilio Chavarr\u00eda D\u00edaz Complementaria TEE\/JEC\/207\/2021 &#8211; Erika Valencia Cardona TEE\/JEC\/189\/2021 &#8211; Mar\u00eda Felipa Garc\u00eda Mateos<\/p>\n","protected":false},"author":1,"featured_media":0,"comment_status":"open","ping_status":"open","sticky":false,"template":"","format":"standard","meta":{"_acf_changed":false,"footnotes":""},"categories":[210],"tags":[],"class_list":["post-13281","post","type-post","status-publish","format-standard","hentry","category-gaceta"],"acf":[],"_links":{"self":[{"href":"https:\/\/teegro.gob.mx\/sitio2025\/wp-json\/wp\/v2\/posts\/13281","targetHints":{"allow":["GET"]}}],"collection":[{"href":"https:\/\/teegro.gob.mx\/sitio2025\/wp-json\/wp\/v2\/posts"}],"about":[{"href":"https:\/\/teegro.gob.mx\/sitio2025\/wp-json\/wp\/v2\/types\/post"}],"author":[{"embeddable":true,"href":"https:\/\/teegro.gob.mx\/sitio2025\/wp-json\/wp\/v2\/users\/1"}],"replies":[{"embeddable":true,"href":"https:\/\/teegro.gob.mx\/sitio2025\/wp-json\/wp\/v2\/comments?post=13281"}],"version-history":[{"count":13,"href":"https:\/\/teegro.gob.mx\/sitio2025\/wp-json\/wp\/v2\/posts\/13281\/revisions"}],"predecessor-version":[{"id":13895,"href":"https:\/\/teegro.gob.mx\/sitio2025\/wp-json\/wp\/v2\/posts\/13281\/revisions\/13895"}],"wp:attachment":[{"href":"https:\/\/teegro.gob.mx\/sitio2025\/wp-json\/wp\/v2\/media?parent=13281"}],"wp:term":[{"taxonomy":"category","embeddable":true,"href":"https:\/\/teegro.gob.mx\/sitio2025\/wp-json\/wp\/v2\/categories?post=13281"},{"taxonomy":"post_tag","embeddable":true,"href":"https:\/\/teegro.gob.mx\/sitio2025\/wp-json\/wp\/v2\/tags?post=13281"}],"curies":[{"name":"wp","href":"https:\/\/api.w.org\/{rel}","templated":true}]}}