{"id":13306,"date":"2021-07-01T09:00:00","date_gmt":"2021-07-01T14:00:00","guid":{"rendered":"https:\/\/teegro.gob.mx\/sitio2023\/?p=13306"},"modified":"2024-04-10T13:33:17","modified_gmt":"2024-04-10T18:33:17","slug":"sexagesima-sesion-publica-de-resolucion","status":"publish","type":"post","link":"https:\/\/teegro.gob.mx\/sitio2025\/sexagesima-sesion-publica-de-resolucion\/","title":{"rendered":"Sexag\u00e9sima Sesi\u00f3n P\u00fablica de Resoluci\u00f3n"},"content":{"rendered":"<!-- VideographyWP Plugin Message: Automatic video embedding prevented by plugin options. -->\n\n<ul>\n<li><a href=\"https:\/\/teegro.gob.mx\/inicio\/wp-content\/uploads\/2021\/06\/lista01072021.pdf\">Orden del d\u00eda<\/a><\/li>\n<li><a href=\"https:\/\/youtu.be\/MoK6Fa6P42I?si=GxlFd8TVAizYwAUM\">V\u00eddeo de la Sesi\u00f3n<\/a><\/li>\n<\/ul>\n<h3>Contenido<\/h3>\n<ul>\n<li>TEE\/JEC\/221\/2021 &#8211; Roci\u00f3 Oropeza Ben\u00edtez<\/li>\n<li>TEE\/JEC\/242\/2021 &#8211; Julia Marbeya Pachuca Merino<\/li>\n<li>TEE\/JIN\/006\/2021 &#8211; Representante del PVE<\/li>\n<li>TEE\/PES\/026\/2021 &#8211; Fulgencio L\u00f3pez Beltr\u00e1n<\/li>\n<li>TEE\/JEC\/255\/2021 &#8211; Miguel Alvarado R\u00edos<\/li>\n<li>TEE\/JEC\/226\/2021 &#8211; Clotilde Oliva Alavez Mej\u00eda y Melissa Flores Cisneros<\/li>\n<li>TEE\/JEC\/222\/2021 &#8211; Medardo Mu\u00f1oz Gatica<\/li>\n<li>TEE\/JIN\/012\/2021 &#8211; PAN<\/li>\n<li>TEE\/JIN\/030\/2021 &#8211; Representante del PT<\/li>\n<li>TEE\/PES\/048\/2021 &#8211; Representante de Morena<\/li>\n<li>TEE\/JEC\/232\/2021 y TEE\/JEC\/247\/2021 ACUMULADO &#8211; Mar\u00eda Guadalupe \u00c1ngel del Moral y Maribel Arrieta Rodr\u00edguez<\/li>\n<li>TEE\/JEC\/270\/2021 &#8211; Edmundo Delgado Gallardo<\/li>\n<\/ul>\n<h2><!--more--><\/h2>\n<h3><strong>TEE\/JEC\/221\/2021<\/strong><\/h3>\n<p><strong>Actor:<\/strong> Roci\u00f3 Oropeza Ben\u00edtez<\/p>\n<p>&nbsp;<strong>Autoridad responsable:<\/strong> Comisi\u00f3n Nacional de Honestidad y Justicia de Morena<\/p>\n<p><strong>Descarga:<\/strong> <a href=\"https:\/\/teegro.gob.mx\/inicio\/wp-content\/uploads\/2021\/07\/TEE-JEC-221-2021-.pdf\">Descarga<\/a><\/p>\n<h3><strong>TEE\/JEC\/242\/2021<\/strong><\/h3>\n<p><strong>Actor:<\/strong> Julia Marbeya Pachuca Merino<\/p>\n<p><strong>Autoridad responsable:<\/strong> Consejo Distrital Electoral 23, del IEPC<\/p>\n<p><strong>Descarga:<\/strong> <a href=\"https:\/\/teegro.gob.mx\/inicio\/wp-content\/uploads\/2021\/07\/TEE-JEC-242-2021.pdf\">Descarga<\/a><\/p>\n<h3><strong>TEE\/JIN\/006\/2021<\/strong><\/h3>\n<p><strong>Actor:<\/strong> Representante del PVE<\/p>\n<p><strong>Autoridad responsable:<\/strong> Consejo Distrital Electoral 15, del IEPC<\/p>\n<p><strong>Descarga:<\/strong> <a href=\"https:\/\/teegro.gob.mx\/inicio\/wp-content\/uploads\/2021\/07\/TEE-JIN-006-2021.pdf\">Descarga<\/a><\/p>\n<h3><strong>TEE\/PES\/026\/2021<\/strong><\/h3>\n<p><strong>Denunciante:<\/strong> Fulgencio L\u00f3pez Beltr\u00e1n<\/p>\n<p><strong>Denunciado:<\/strong> Ricardo Taja Ram\u00edrez, y PRI<\/p>\n<p><strong>Descarga:<\/strong> <a href=\"https:\/\/teegro.gob.mx\/inicio\/wp-content\/uploads\/2021\/07\/TEE-PES-026-2021.pdf\">Descarga<\/a><\/p>\n<h3><strong>TEE\/JEC\/255\/2021<\/strong><\/h3>\n<p><strong>Actor:<\/strong> Miguel Alvarado R\u00edos<\/p>\n<p><strong>Autoridad responsable:<\/strong> Consejo Distrital Electoral 10, del IEPC<\/p>\n<p><strong>Descarga:<\/strong> <a href=\"https:\/\/teegro.gob.mx\/inicio\/wp-content\/uploads\/2021\/07\/TEE-JEC-255-2021.pdf\">Descarga<\/a><\/p>\n<h3><strong>TEE\/JEC\/226\/2021<\/strong><\/h3>\n<p><strong>Actor:<\/strong> Clotilde Oliva Alavez Mej\u00eda y Melissa Flores Cisneros<\/p>\n<p><strong>Autoridad responsable:<\/strong> Consejo Distrital Electoral 11, del IEPC<\/p>\n<p><strong>Descarga:<\/strong> <a href=\"https:\/\/teegro.gob.mx\/inicio\/wp-content\/uploads\/2021\/07\/TEE-JEC-226-2021-.pdf\">Descargar<\/a><\/p>\n<h3><strong>TEE\/JEC\/222\/2021<\/strong><\/h3>\n<p><strong>Actor:<\/strong> Medardo Mu\u00f1oz Gatica<\/p>\n<p><strong>Autoridad responsable:<\/strong> Consejo Distrital Electoral 14, del IEPC<\/p>\n<p><strong>Descarga:<\/strong> <a href=\"https:\/\/teegro.gob.mx\/inicio\/wp-content\/uploads\/2021\/07\/TEE-JEC-222-2021.pdf\">Descarga<\/a><\/p>\n<h3><strong>TEE\/JIN\/012\/2021<\/strong><\/h3>\n<p><strong>Actor:<\/strong> PAN<\/p>\n<p><strong>Autoridad responsable:<\/strong> Consejo Distrital Electoral 26, del IEPC<\/p>\n<p><strong>Descarga:<\/strong> <a href=\"https:\/\/teegro.gob.mx\/inicio\/wp-content\/uploads\/2021\/07\/TEE-JIN-012-2021.pdf\">Descarga<\/a><\/p>\n<h3><strong>TEE\/JIN\/030\/2021<\/strong><\/h3>\n<p><strong>Actor:<\/strong> Representante del PT<\/p>\n<p><strong>Autoridad responsable:<\/strong> Consejo Distrital Electoral 23, del IEPC<\/p>\n<p><strong>Descarga:<\/strong> <a href=\"https:\/\/teegro.gob.mx\/inicio\/wp-content\/uploads\/2021\/07\/TEE-JIN-030-2021.pdf\">Descarga<\/a><\/p>\n<h3><strong>TEE\/PES\/048\/2021<\/strong><\/h3>\n<p><strong>Actor:<\/strong> Representante de Morena<\/p>\n<p><strong>Autoridad responsable:<\/strong> Erik Catal\u00e1n Rend\u00f3n<\/p>\n<p><strong>Descarga:<\/strong> <a href=\"https:\/\/teegro.gob.mx\/inicio\/wp-content\/uploads\/2021\/07\/TEE-PES-048-2021-Acuerdo.pdf\">Descarga<\/a><\/p>\n<h3><strong>TEE\/JEC\/232\/2021 y TEE\/JEC\/247\/2021 ACUMULADO<\/strong><\/h3>\n<p><strong>Actor:<\/strong> Mar\u00eda Guadalupe \u00c1ngel del Moral y Maribel Arrieta Rodr\u00edguez<\/p>\n<p><strong>Autoridad responsable:<\/strong> Consejo Distrital Electoral 24, del IEPC<\/p>\n<p><strong>Descarga:<\/strong> <a href=\"https:\/\/teegro.gob.mx\/inicio\/wp-content\/uploads\/2021\/07\/TEE-JEC-232-2021-Y-JEC-247.pdf\">Descarga<\/a><\/p>\n<h3><strong>TEE\/JEC\/270\/2021<\/strong><\/h3>\n<p><strong>Actor:<\/strong> Edmundo Delgado Gallardo<\/p>\n<p><strong>Autoridad responsable:<\/strong> Consejo Distrital Electoral 28, del IEPC<\/p>\n<p><strong>Descarga:<\/strong> <a href=\"https:\/\/teegro.gob.mx\/inicio\/wp-content\/uploads\/2021\/07\/TEE-JEC-270-2021.pdf\">Descarga<\/a><\/p>\n","protected":false},"excerpt":{"rendered":"<p>Orden del d\u00eda V\u00eddeo de la Sesi\u00f3n Contenido TEE\/JEC\/221\/2021 &#8211; Roci\u00f3 Oropeza Ben\u00edtez TEE\/JEC\/242\/2021 &#8211; Julia Marbeya Pachuca Merino TEE\/JIN\/006\/2021 &#8211; Representante del PVE TEE\/PES\/026\/2021 &#8211; Fulgencio L\u00f3pez Beltr\u00e1n TEE\/JEC\/255\/2021 &#8211; Miguel Alvarado R\u00edos TEE\/JEC\/226\/2021 &#8211; Clotilde Oliva Alavez Mej\u00eda y Melissa Flores Cisneros TEE\/JEC\/222\/2021 &#8211; Medardo Mu\u00f1oz Gatica TEE\/JIN\/012\/2021 &#8211; PAN TEE\/JIN\/030\/2021 &#8211; Representante [&hellip;]<\/p>\n","protected":false},"author":1,"featured_media":0,"comment_status":"open","ping_status":"open","sticky":false,"template":"","format":"standard","meta":{"_acf_changed":false,"footnotes":""},"categories":[210],"tags":[],"class_list":["post-13306","post","type-post","status-publish","format-standard","hentry","category-gaceta"],"acf":[],"_links":{"self":[{"href":"https:\/\/teegro.gob.mx\/sitio2025\/wp-json\/wp\/v2\/posts\/13306","targetHints":{"allow":["GET"]}}],"collection":[{"href":"https:\/\/teegro.gob.mx\/sitio2025\/wp-json\/wp\/v2\/posts"}],"about":[{"href":"https:\/\/teegro.gob.mx\/sitio2025\/wp-json\/wp\/v2\/types\/post"}],"author":[{"embeddable":true,"href":"https:\/\/teegro.gob.mx\/sitio2025\/wp-json\/wp\/v2\/users\/1"}],"replies":[{"embeddable":true,"href":"https:\/\/teegro.gob.mx\/sitio2025\/wp-json\/wp\/v2\/comments?post=13306"}],"version-history":[{"count":17,"href":"https:\/\/teegro.gob.mx\/sitio2025\/wp-json\/wp\/v2\/posts\/13306\/revisions"}],"predecessor-version":[{"id":13474,"href":"https:\/\/teegro.gob.mx\/sitio2025\/wp-json\/wp\/v2\/posts\/13306\/revisions\/13474"}],"wp:attachment":[{"href":"https:\/\/teegro.gob.mx\/sitio2025\/wp-json\/wp\/v2\/media?parent=13306"}],"wp:term":[{"taxonomy":"category","embeddable":true,"href":"https:\/\/teegro.gob.mx\/sitio2025\/wp-json\/wp\/v2\/categories?post=13306"},{"taxonomy":"post_tag","embeddable":true,"href":"https:\/\/teegro.gob.mx\/sitio2025\/wp-json\/wp\/v2\/tags?post=13306"}],"curies":[{"name":"wp","href":"https:\/\/api.w.org\/{rel}","templated":true}]}}