{"id":13318,"date":"2021-06-03T13:00:00","date_gmt":"2021-06-03T18:00:00","guid":{"rendered":"https:\/\/teegro.gob.mx\/sitio2023\/?p=13318"},"modified":"2024-04-09T13:29:34","modified_gmt":"2024-04-09T18:29:34","slug":"quincuagesima-primera-sesion-publica-de-resolucion","status":"publish","type":"post","link":"https:\/\/teegro.gob.mx\/sitio2025\/quincuagesima-primera-sesion-publica-de-resolucion\/","title":{"rendered":"Quincuag\u00e9sima Primera Sesi\u00f3n P\u00fablica de Resoluci\u00f3n"},"content":{"rendered":"<!-- VideographyWP Plugin Message: Automatic video embedding prevented by plugin options. -->\n\n<ul>\n<li><a href=\"https:\/\/teegro.gob.mx\/inicio\/wp-content\/uploads\/2021\/06\/Lista04052021.pdf\">Orden del d\u00eda<\/a><\/li>\n<li><a href=\"https:\/\/youtu.be\/l91UZxi1RNw?si=DQ3TaOc8ch7TMpzs\">V\u00eddeo de la Sesi\u00f3n<\/a><\/li>\n<\/ul>\n<h3>Contenido<\/h3>\n<ul>\n<li>TEE\/JEC\/161\/2021 y TEE\/JEC\/162\/2021 <strong>ACUERDO PLENARIO<\/strong> &#8211; Fanny Serna Padilla y Olivia Arriaga Irabien<\/li>\n<li>TEE\/JEC\/176\/2021 <strong>ACUERDO PLENARIO<\/strong> &#8211; Silvestre P\u00e9rez S\u00e1nchez<\/li>\n<li>TEE\/JEC\/204\/2021 <strong>ACUERDO PLENARIO<\/strong> &#8211; Alejandro Gonz\u00e1lez Munibe<\/li>\n<li>TEE\/JEC\/060\/2021 y TEE\/JEC\/069\/2021 <strong>ACUERDO PLENARIO<\/strong> &#8211; Silvia Alem\u00e1n Mundo y Antonio P\u00e9rez D\u00edaz<\/li>\n<\/ul>\n<h2><!--more--><\/h2>\n<h3><strong>TEE\/JEC\/161\/2021 y TEE\/JEC\/162\/2021 ACUERDO PLENARIO<\/strong><\/h3>\n<p><strong>Actor:<\/strong> Fanny Serna Padilla y Olivia Arriaga Irabien<\/p>\n<p>&nbsp;<strong>Autoridad responsable:<\/strong> Comisi\u00f3n Nacional de Elecciones de Morena<\/p>\n<p><strong>Descarga:<\/strong> <a href=\"https:\/\/teegro.gob.mx\/inicio\/wp-content\/uploads\/2021\/06\/TEE-JEC-161-2021-Y-ACUMULADO-Acuerdo.pdf\">Descarga<\/a><\/p>\n<h3><strong>TEE\/JEC\/176\/2021 ACUERDO PLENARIO<\/strong><\/h3>\n<p><strong>Actor:<\/strong> Silvestre P\u00e9rez S\u00e1nchez<\/p>\n<p><strong>Autoridad responsable:<\/strong> Comisi\u00f3n Nacional de Elecciones de Morena<\/p>\n<p><strong>Descarga:<\/strong> <a href=\"https:\/\/teegro.gob.mx\/inicio\/wp-content\/uploads\/2021\/06\/TEE-JEC-176-2021-Acuerdo.pdf\">Descarga<\/a><\/p>\n<h3><strong>TEE\/JEC\/204\/2021 ACUERDO PLENARIO<\/strong><\/h3>\n<p><strong>Actor:<\/strong> Alejandro Gonz\u00e1lez Munibe<\/p>\n<p><strong>Autoridad responsable:<\/strong> Comisi\u00f3n Nacional de Elecciones de Morena<\/p>\n<p><strong>Descarga:<\/strong> <a href=\"https:\/\/teegro.gob.mx\/inicio\/wp-content\/uploads\/2021\/06\/TEE-JEC-204-2021-Acuerdo.pdf\">Descarga<\/a><\/p>\n<h3><strong>TEE\/JEC\/060\/2021 y TEE\/JEC\/069\/2021 ACUERDO PLENARIO<\/strong><\/h3>\n<p><strong>Actor:<\/strong> Silvia Alem\u00e1n Mundo y Antonio P\u00e9rez D\u00edaz<\/p>\n<p><strong>Autoridad responsable:<\/strong> Comisi\u00f3n Nacional de Elecciones de Morena<\/p>\n<p><strong>Descarga:<\/strong> <a href=\"http:\/\/TEE-JEC-060-2021-Y-TEE-JEC-060-2021-Acuerdo\" data-wplink-url-error=\"true\">Descarga<\/a><\/p>\n","protected":false},"excerpt":{"rendered":"<p>Orden del d\u00eda V\u00eddeo de la Sesi\u00f3n Contenido TEE\/JEC\/161\/2021 y TEE\/JEC\/162\/2021 ACUERDO PLENARIO &#8211; Fanny Serna Padilla y Olivia Arriaga Irabien TEE\/JEC\/176\/2021 ACUERDO PLENARIO &#8211; Silvestre P\u00e9rez S\u00e1nchez TEE\/JEC\/204\/2021 ACUERDO PLENARIO &#8211; Alejandro Gonz\u00e1lez Munibe TEE\/JEC\/060\/2021 y TEE\/JEC\/069\/2021 ACUERDO PLENARIO &#8211; Silvia Alem\u00e1n Mundo y Antonio P\u00e9rez D\u00edaz<\/p>\n","protected":false},"author":1,"featured_media":0,"comment_status":"open","ping_status":"open","sticky":false,"template":"","format":"standard","meta":{"_acf_changed":false,"footnotes":""},"categories":[210],"tags":[],"class_list":["post-13318","post","type-post","status-publish","format-standard","hentry","category-gaceta"],"acf":[],"_links":{"self":[{"href":"https:\/\/teegro.gob.mx\/sitio2025\/wp-json\/wp\/v2\/posts\/13318","targetHints":{"allow":["GET"]}}],"collection":[{"href":"https:\/\/teegro.gob.mx\/sitio2025\/wp-json\/wp\/v2\/posts"}],"about":[{"href":"https:\/\/teegro.gob.mx\/sitio2025\/wp-json\/wp\/v2\/types\/post"}],"author":[{"embeddable":true,"href":"https:\/\/teegro.gob.mx\/sitio2025\/wp-json\/wp\/v2\/users\/1"}],"replies":[{"embeddable":true,"href":"https:\/\/teegro.gob.mx\/sitio2025\/wp-json\/wp\/v2\/comments?post=13318"}],"version-history":[{"count":11,"href":"https:\/\/teegro.gob.mx\/sitio2025\/wp-json\/wp\/v2\/posts\/13318\/revisions"}],"predecessor-version":[{"id":13329,"href":"https:\/\/teegro.gob.mx\/sitio2025\/wp-json\/wp\/v2\/posts\/13318\/revisions\/13329"}],"wp:attachment":[{"href":"https:\/\/teegro.gob.mx\/sitio2025\/wp-json\/wp\/v2\/media?parent=13318"}],"wp:term":[{"taxonomy":"category","embeddable":true,"href":"https:\/\/teegro.gob.mx\/sitio2025\/wp-json\/wp\/v2\/categories?post=13318"},{"taxonomy":"post_tag","embeddable":true,"href":"https:\/\/teegro.gob.mx\/sitio2025\/wp-json\/wp\/v2\/tags?post=13318"}],"curies":[{"name":"wp","href":"https:\/\/api.w.org\/{rel}","templated":true}]}}