{"id":13338,"date":"2021-06-08T13:00:49","date_gmt":"2021-06-08T18:00:49","guid":{"rendered":"https:\/\/teegro.gob.mx\/sitio2023\/?p=13338"},"modified":"2024-04-09T14:13:39","modified_gmt":"2024-04-09T19:13:39","slug":"quincuagesima-tercera-sesion-publica-de-resolucion","status":"publish","type":"post","link":"https:\/\/teegro.gob.mx\/sitio2025\/quincuagesima-tercera-sesion-publica-de-resolucion\/","title":{"rendered":"Quincuag\u00e9sima Tercera Sesi\u00f3n P\u00fablica de Resoluci\u00f3n"},"content":{"rendered":"<!-- VideographyWP Plugin Message: Automatic video embedding prevented by plugin options. -->\n\n<ul>\n<li><a href=\"https:\/\/teegro.gob.mx\/inicio\/wp-content\/uploads\/2021\/06\/Lista09062021.pdf\">Orden del d\u00eda<\/a><\/li>\n<li><a href=\"https:\/\/teegro.gob.mx\/inicio\/wp-content\/uploads\/2021\/06\/Lista09062021com.pdf\">Complementaria<\/a><\/li>\n<li><a href=\"https:\/\/youtu.be\/WWbgRc0LkZw?si=wb9ghHQPMYr4rSmE\">V\u00eddeo de la Sesi\u00f3n<\/a><\/li>\n<\/ul>\n<h3>Contenido<\/h3>\n<ul>\n<li>TEE\/JEC\/186\/2021 ACUERDO PLENARIO &#8211; Hermenegildo Garc\u00eda de la Cruz<\/li>\n<li>TEE\/JEC\/203\/2021 ACUERDO PLENARIO &#8211; Carmelo Loeza Hern\u00e1ndez<\/li>\n<li>TEE\/JEC\/180\/2021 ACUERDO PLENARIO &#8211; Marina Carranza Figueroa<\/li>\n<li>TEE\/PES\/030\/2021 ACUERDO PLENARIO &#8211; Flor Ivette de Jes\u00fas Nava<\/li>\n<li>TEE\/PES\/035\/2021 ACUERDO PLENARIO &#8211; Manuel Alberto Saavedra Ch\u00e1vez<\/li>\n<li>TEE\/PES\/031\/2021 &#8211; Flor Ivette de Jes\u00fas Nava<\/li>\n<li>TEE\/PES\/036\/2021 &#8211; Flor Ivette de Jes\u00fas Nava<\/li>\n<li>TEE\/JEC\/214\/2021 &#8211; Magdiel Valente \u00c1lvarez y otras Personas<\/li>\n<li>TEE\/PES\/034\/2021 &#8211; Manuel Alberto Saavedra Ch\u00e1vez<\/li>\n<\/ul>\n<p><strong>Complementaria<\/strong><\/p>\n<ul>\n<li>TEE\/PES\/032\/2021 &#8211; Flor Ivette de Jes\u00fas Nava<\/li>\n<li>TEE\/PES\/033\/2021 &#8211; Gerardo Romero Garc\u00eda<\/li>\n<\/ul>\n<h2><!--more--><\/h2>\n<h3><strong>TEE\/JEC\/186\/2021 ACUERDO PLENARIO<\/strong><\/h3>\n<p><strong>Actor:<\/strong> Hermenegildo Garc\u00eda de la Cruz<\/p>\n<p>&nbsp;<strong>Autoridad responsable:<\/strong> Comisi\u00f3n Nacional de Elecciones de Morena<\/p>\n<p><strong>Descarga:<\/strong> <a href=\"https:\/\/teegro.gob.mx\/inicio\/wp-content\/uploads\/2021\/06\/TEE-JEC-186-2021-Acuerdo.pdf\">Descarga<\/a><\/p>\n<h3><strong>TEE\/JEC\/203\/2021 ACUERDO PLENARIO<\/strong><\/h3>\n<p><strong>Actor:<\/strong> Carmelo Loeza Hern\u00e1ndez<\/p>\n<p><strong>Autoridad responsable:<\/strong> Comisi\u00f3n Nacional de Honestidad y Justicia de Morena<\/p>\n<p><strong>Descarga:<\/strong> <a href=\"https:\/\/teegro.gob.mx\/inicio\/wp-content\/uploads\/2021\/06\/TEE-JEC-203-2021-Acuerdo.pdf\">Descarga<\/a><\/p>\n<h3><strong>TEE\/JEC\/180\/2021 ACUERDO PLENARIO<\/strong><\/h3>\n<p><strong>Actor:<\/strong> Marina Carranza Figueroa<\/p>\n<p><strong>Autoridad responsable:<\/strong> Comisi\u00f3n Permanente del Consejo Estatal del PAN<\/p>\n<p><strong>Descarga:<\/strong> <a href=\"https:\/\/teegro.gob.mx\/inicio\/wp-content\/uploads\/2021\/06\/TEE-JEC-180-2021-Acuerdo.pdf\">Descarga<\/a><\/p>\n<h3><strong>TEE\/PES\/030\/2021 ACUERDO PLENARIO<\/strong><\/h3>\n<p><strong>Denunciante:<\/strong> Flor Ivette de Jes\u00fas Nava<\/p>\n<p><strong>Denunciada:<\/strong> Abelina L\u00f3pez Rodr\u00edguez<\/p>\n<p><strong>Descarga:<\/strong> <a href=\"https:\/\/teegro.gob.mx\/inicio\/wp-content\/uploads\/2021\/06\/TEE-PES-030-2021-Acuerdo.pdf\">Descarga<\/a><\/p>\n<h3><strong>TEE\/PES\/035\/2021 ACUERDO PLENARIO<\/strong><\/h3>\n<p><strong>Denunciante:<\/strong> Manuel Alberto Saavedra Ch\u00e1vez<\/p>\n<p><strong>Denunciada:<\/strong> Abelina L\u00f3pez Rodr\u00edguez y Morena<\/p>\n<p><strong>Descarga:<\/strong> <a href=\"https:\/\/teegro.gob.mx\/inicio\/wp-content\/uploads\/2021\/06\/TEE-PES-035-2021-Acuerdo.pdf\">Descarga<\/a><\/p>\n<h3><strong>TEE\/PES\/031\/2021<\/strong><\/h3>\n<p><strong>Denunciante:<\/strong> Flor Ivette de Jes\u00fas Nava<\/p>\n<p><strong>Denunciada:<\/strong> Abelina L\u00f3pez Rodr\u00edguez y Morena<\/p>\n<p><strong>Descarga:<\/strong> <a href=\"https:\/\/teegro.gob.mx\/inicio\/wp-content\/uploads\/2021\/06\/TEE-PES-031-2021.pdf\">Descargar<\/a><\/p>\n<h3><strong>TEE\/PES\/036\/2021<\/strong><\/h3>\n<p><strong>Denunciante:<\/strong> Flor Ivette de Jes\u00fas Nava<\/p>\n<p><strong>Denunciado:<\/strong> Ramiro Solorio Almaz\u00e1n<\/p>\n<p><strong>Descarga:<\/strong> <a href=\"https:\/\/teegro.gob.mx\/inicio\/wp-content\/uploads\/2021\/06\/TEE-PES-036-2021.pdf\">Descarga<\/a><\/p>\n<h3><strong>TEE\/JEC\/214\/2021<\/strong><\/h3>\n<p><strong>Actor:<\/strong> Magdiel Valente \u00c1lvarez y otras Personas<\/p>\n<p><strong>Autoridad responsable:<\/strong> Comisi\u00f3n Nacional de Honestidad y Justicia de Morena<\/p>\n<p><strong>Descarga:<\/strong> <a href=\"https:\/\/teegro.gob.mx\/inicio\/wp-content\/uploads\/2021\/06\/TEE-JEC-214-2021.pdf\">Descarga<\/a><\/p>\n<h3><strong>TEE\/PES\/034\/2021<\/strong><\/h3>\n<p><strong>Denunciante:<\/strong> Manuel Alberto Saavedra Ch\u00e1vez<\/p>\n<p><strong>Denunciada:<\/strong> Abelina L\u00f3pez Rodr\u00edguez y Morena<\/p>\n<p><strong>Descarga:<\/strong> <a href=\"https:\/\/teegro.gob.mx\/inicio\/wp-content\/uploads\/2021\/06\/TEE-PES-034-2021.pdf\">Descarga<\/a><\/p>\n<p>&nbsp;<\/p>\n<p><strong>Complementaria<\/strong><\/p>\n<h3><strong>TEE\/PES\/032\/2021<\/strong><\/h3>\n<p><strong>Denunciante:<\/strong> Flor Ivette de Jes\u00fas Nava<\/p>\n<p><strong>Denunciada:<\/strong> Abelina L\u00f3pez Rodr\u00edguez y Morena<\/p>\n<p><strong>Descarga:<\/strong> <a href=\"https:\/\/teegro.gob.mx\/inicio\/wp-content\/uploads\/2021\/06\/TEE-PES-032-2021.pdf\">Descarga<\/a><\/p>\n<h3><strong>TEE\/PES\/033\/202 <\/strong><\/h3>\n<p><strong>Denunciante:<\/strong> Gerardo Romero Garc\u00eda<\/p>\n<p><strong>Denunciada:<\/strong> Omar Jalil Flores Majul<\/p>\n<p><strong>Descarga:<\/strong> <a href=\"https:\/\/teegro.gob.mx\/inicio\/wp-content\/uploads\/2021\/06\/TEE-PES-033-2021.pdf\">Descarga<\/a><\/p>\n","protected":false},"excerpt":{"rendered":"<p>Orden del d\u00eda Complementaria V\u00eddeo de la Sesi\u00f3n Contenido TEE\/JEC\/186\/2021 ACUERDO PLENARIO &#8211; Hermenegildo Garc\u00eda de la Cruz TEE\/JEC\/203\/2021 ACUERDO PLENARIO &#8211; Carmelo Loeza Hern\u00e1ndez TEE\/JEC\/180\/2021 ACUERDO PLENARIO &#8211; Marina Carranza Figueroa TEE\/PES\/030\/2021 ACUERDO PLENARIO &#8211; Flor Ivette de Jes\u00fas Nava TEE\/PES\/035\/2021 ACUERDO PLENARIO &#8211; Manuel Alberto Saavedra Ch\u00e1vez TEE\/PES\/031\/2021 &#8211; Flor Ivette de Jes\u00fas [&hellip;]<\/p>\n","protected":false},"author":1,"featured_media":0,"comment_status":"open","ping_status":"open","sticky":false,"template":"","format":"standard","meta":{"_acf_changed":false,"footnotes":""},"categories":[210],"tags":[],"class_list":["post-13338","post","type-post","status-publish","format-standard","hentry","category-gaceta"],"acf":[],"_links":{"self":[{"href":"https:\/\/teegro.gob.mx\/sitio2025\/wp-json\/wp\/v2\/posts\/13338","targetHints":{"allow":["GET"]}}],"collection":[{"href":"https:\/\/teegro.gob.mx\/sitio2025\/wp-json\/wp\/v2\/posts"}],"about":[{"href":"https:\/\/teegro.gob.mx\/sitio2025\/wp-json\/wp\/v2\/types\/post"}],"author":[{"embeddable":true,"href":"https:\/\/teegro.gob.mx\/sitio2025\/wp-json\/wp\/v2\/users\/1"}],"replies":[{"embeddable":true,"href":"https:\/\/teegro.gob.mx\/sitio2025\/wp-json\/wp\/v2\/comments?post=13338"}],"version-history":[{"count":14,"href":"https:\/\/teegro.gob.mx\/sitio2025\/wp-json\/wp\/v2\/posts\/13338\/revisions"}],"predecessor-version":[{"id":13354,"href":"https:\/\/teegro.gob.mx\/sitio2025\/wp-json\/wp\/v2\/posts\/13338\/revisions\/13354"}],"wp:attachment":[{"href":"https:\/\/teegro.gob.mx\/sitio2025\/wp-json\/wp\/v2\/media?parent=13338"}],"wp:term":[{"taxonomy":"category","embeddable":true,"href":"https:\/\/teegro.gob.mx\/sitio2025\/wp-json\/wp\/v2\/categories?post=13338"},{"taxonomy":"post_tag","embeddable":true,"href":"https:\/\/teegro.gob.mx\/sitio2025\/wp-json\/wp\/v2\/tags?post=13338"}],"curies":[{"name":"wp","href":"https:\/\/api.w.org\/{rel}","templated":true}]}}