{"id":13355,"date":"2021-06-13T13:00:00","date_gmt":"2021-06-13T18:00:00","guid":{"rendered":"https:\/\/teegro.gob.mx\/sitio2023\/?p=13355"},"modified":"2024-04-09T14:40:18","modified_gmt":"2024-04-09T19:40:18","slug":"quincuagesima-cuarta-sesion-publica-de-resolucion","status":"publish","type":"post","link":"https:\/\/teegro.gob.mx\/sitio2025\/quincuagesima-cuarta-sesion-publica-de-resolucion\/","title":{"rendered":"Quincuag\u00e9sima Cuarta Sesi\u00f3n P\u00fablica de Resoluci\u00f3n"},"content":{"rendered":"<!-- VideographyWP Plugin Message: Automatic video embedding prevented by plugin options. -->\n\n<ul>\n<li><a href=\"https:\/\/teegro.gob.mx\/inicio\/wp-content\/uploads\/2021\/06\/Lista14062021.pdf\">Orden del d\u00eda<\/a><\/li>\n<li><a href=\"https:\/\/youtu.be\/Lv9mjjt8S6M?si=Rr4E0hztk7UbdQaG\">V\u00eddeo de la Sesi\u00f3n<\/a><\/li>\n<\/ul>\n<h3>Contenido<\/h3>\n<ul>\n<li>TEE\/JEC\/054\/2021 ACUERDO PLENARIO &#8211; Rigoberto Ramos Romero y Gabriel Fernando Ram\u00edrez Ram\u00edrez<\/li>\n<li>TEE\/JEC\/068\/2021 ACUERDO PLENARIO &#8211; Jes\u00fas S\u00e1nchez L\u00f3pez y otras personas<\/li>\n<li>TEE\/JEC\/079\/2021 ACUERDO PLENARIO &#8211; Antonio de Jes\u00fas Mart\u00ednez del \u00c1ngel<\/li>\n<li>TEE\/JEC\/125\/2021 y TEE\/JEC\/150\/2021 ACUERDO PLENARIO &#8211; Erika Valencia Cardona<\/li>\n<li>TEE\/JEC\/163\/2021 ACUERDO PLENARIO &#8211; Carmelo Loeza Hern\u00e1ndez<\/li>\n<li>TEE\/JEC\/182\/2021 ACUERDO PLENARIO &#8211; Francisco Mondrag\u00f3n Pascacio<\/li>\n<li>TEE\/JEC\/205\/2021 ACUERDO PLENARIO &#8211; Javier V\u00e1zquez Garc\u00eda<\/li>\n<li>TEE\/JEC\/211\/2021 &#8211; Basilia Casta\u00f1eda Maciel<\/li>\n<li>TEE\/JEC\/216\/2021 &#8211; Pascual Romero Garc\u00eda<\/li>\n<li>TEE\/JEC\/217\/2021 &#8211; Abel Adalberto Abarca Salda\u00f1a<\/li>\n<li>TEE\/JEC\/219\/2021 &#8211; Carmelo Loeza Hern\u00e1ndez<\/li>\n<li>TEE\/JEC\/218\/2021 &#8211; Carmelo Loeza Hern\u00e1ndez<\/li>\n<li>TEE\/JEC\/215\/2021 &#8211; J. Asunci\u00f3n Campuzano Guadarrama<\/li>\n<li>TEE\/JEC\/220\/2021 &#8211; Olga Baz\u00e1n Gonz\u00e1lez<\/li>\n<\/ul>\n<h2><!--more--><\/h2>\n<h3><strong>TEE\/JEC\/054\/2021 ACUERDO PLENARIO<\/strong><\/h3>\n<p><strong>Actor:<\/strong> Rigoberto Ramos Romero y Gabriel Fernando Ram\u00edrez Ram\u00edrez<\/p>\n<p>&nbsp;<strong>Autoridad responsable:<\/strong> Instituto Electoral y de Participaci\u00f3n Ciudadana del Estado de Guerrero<\/p>\n<p><strong>Descarga:<\/strong> <a href=\"https:\/\/teegro.gob.mx\/inicio\/wp-content\/uploads\/2021\/06\/TEE-JEC-054-2021-Acuerdo.pdf\">Descarga<\/a><\/p>\n<h3><strong>TEE\/JEC\/068\/2021 ACUERDO PLENARIO<\/strong><\/h3>\n<p><strong>Actor:<\/strong> Jes\u00fas S\u00e1nchez L\u00f3pez y otras personas<\/p>\n<p><strong>Autoridad responsable:<\/strong> Comisi\u00f3n Nacional de Elecciones de Morena<\/p>\n<p><strong>Descarga:<\/strong> <a href=\"https:\/\/teegro.gob.mx\/inicio\/wp-content\/uploads\/2021\/06\/TEE-JEC-068-2021-Acuerdo.pdf\">Descarga<\/a><\/p>\n<h3><strong>TEE\/JEC\/079\/2021 ACUERDO PLENARIO<\/strong><\/h3>\n<p><strong>Actor:<\/strong> Antonio de Jes\u00fas Mart\u00ednez del \u00c1ngel<\/p>\n<p><strong>Autoridad responsable:<\/strong> Comisi\u00f3n Nacional de Honestidad y Justicia<\/p>\n<p><strong>Descarga:<\/strong> <a href=\"https:\/\/teegro.gob.mx\/inicio\/wp-content\/uploads\/2021\/06\/TEE-JEC-079-2021-Acuerdo.pdf\">Descarga<\/a><\/p>\n<h3><strong>TEE\/JEC\/125\/2021 y TEE\/JEC\/150\/2021 ACUERDO PLENARIO<\/strong><\/h3>\n<p><strong>Actor:<\/strong> Erika Valencia Cardona<\/p>\n<p><strong>Autoridad responsable:<\/strong> Comisi\u00f3n Nacional de Honestidad y Justicia de Morena<\/p>\n<p><strong>Descarga:<\/strong> <a href=\"https:\/\/teegro.gob.mx\/inicio\/wp-content\/uploads\/2021\/06\/TEE-JEC-125-2021-Acuerdo.pdf\">Descarga<\/a><\/p>\n<h3><strong>TEE\/JEC\/163\/2021 ACUERDO PLENARIO<\/strong><\/h3>\n<p><strong>Actor:<\/strong> Carmelo Loeza Hern\u00e1ndez<\/p>\n<p><strong>Autoridad responsable:<\/strong> Comisi\u00f3n Nacional De Honestidad y Justicia de Morena<\/p>\n<p><strong>Descarga:<\/strong> <a href=\"https:\/\/teegro.gob.mx\/inicio\/wp-content\/uploads\/2021\/06\/TEE-JEC-163-2021-Acuerdo.pdf\">Descarga<\/a><\/p>\n<h3><strong>TEE\/JEC\/182\/2021 ACUERDO PLENARIO<\/strong><\/h3>\n<p><strong>Actor:<\/strong> Francisco Mondrag\u00f3n Pascacio<\/p>\n<p><strong>Autoridad responsable:<\/strong> Comisi\u00f3n Nacional de Honestidad y Justicia de Morena<\/p>\n<p><strong>Descarga:<\/strong> <a href=\"https:\/\/teegro.gob.mx\/inicio\/wp-content\/uploads\/2021\/06\/TEE-JEC-182-2021-Acuerdo.pdf\">Descargar<\/a><\/p>\n<h3><strong>TEE\/JEC\/205\/2021 ACUERDO PLENARIO<\/strong><\/h3>\n<p><strong>Actor:<\/strong> Javier V\u00e1zquez Garc\u00eda<\/p>\n<p><strong>Autoridad responsable:<\/strong> Comisi\u00f3n Nacional de Elecciones de Morena<\/p>\n<p><strong>Descarga:<\/strong> <a href=\"https:\/\/teegro.gob.mx\/inicio\/wp-content\/uploads\/2021\/06\/TEE-JEC-205-2021-Acuerdo.pdf\">Descarga<\/a><\/p>\n<h3><strong>TEE\/JEC\/211\/2021<\/strong><\/h3>\n<p><strong>Actor:<\/strong> Basilia Casta\u00f1eda Maciel<\/p>\n<p><strong>Autoridad responsable:<\/strong> Comisi\u00f3n Nacional de Honestidad y Justicia de Morena<\/p>\n<p><strong>Descarga:<\/strong> <a href=\"https:\/\/teegro.gob.mx\/inicio\/wp-content\/uploads\/2021\/06\/TEE-JEC-211-2021.pdf\">Descarga<\/a><\/p>\n<h3><strong>TEE\/JEC\/216\/2021<\/strong><\/h3>\n<p><strong>Actor:<\/strong> Pascual Romero Garc\u00eda<\/p>\n<p><strong>Autoridad responsable:<\/strong> Comisi\u00f3n Nacional de Honestidad y Justicia de Morena<\/p>\n<p><strong>Descarga:<\/strong> <a href=\"https:\/\/teegro.gob.mx\/inicio\/wp-content\/uploads\/2021\/06\/TEE-JEC-216-2021.pdf\">Descarga<\/a><\/p>\n<h3><strong>TEE\/JEC\/217\/2021<\/strong><\/h3>\n<p><strong>Actor:<\/strong> Abel Adalberto Abarca Salda\u00f1a<\/p>\n<p><strong>Autoridad responsable:<\/strong> Comisi\u00f3n Nacional de Elecciones de Morena y otras<\/p>\n<p><strong>Descarga:<\/strong> <a href=\"https:\/\/teegro.gob.mx\/inicio\/wp-content\/uploads\/2021\/06\/TEE-JEC-217-2021.pdf\">Descarga<\/a><\/p>\n<h3><strong>TEE\/JEC\/219\/2021<\/strong><\/h3>\n<p><strong>Actor:<\/strong> Carmelo Loeza Hern\u00e1ndez<\/p>\n<p><strong>Autoridad responsable:<\/strong> Comisi\u00f3n Nacional de Honestidad y Justicia de Morena<\/p>\n<p><strong>Descarga:<\/strong> <a href=\"https:\/\/teegro.gob.mx\/inicio\/wp-content\/uploads\/2021\/06\/TEE-JEC-219-2021.pdf\">Descarga<\/a><\/p>\n<h3><strong>TEE\/JEC\/218\/2021<\/strong><\/h3>\n<p><strong>Actor:<\/strong> Carmelo Loeza Hern\u00e1ndez<\/p>\n<p><strong>Autoridad responsable:<\/strong> Comisi\u00f3n Nacional de Honestidad y Justicia de Morena<\/p>\n<p><strong>Descarga:<\/strong> <a href=\"https:\/\/teegro.gob.mx\/inicio\/wp-content\/uploads\/2021\/06\/TEE-JEC-218-2021.pdf\">Descarga<\/a><\/p>\n<h3><strong>TEE\/JEC\/215\/2021<\/strong><\/h3>\n<p><strong>Actor:<\/strong> J. Asunci\u00f3n Campuzano Guadarrama<\/p>\n<p><strong>Autoridad responsable:<\/strong> Comisi\u00f3n Nacional de Honestidad y Justicia de Morena<\/p>\n<p><strong>Descarga:<\/strong> <a href=\"https:\/\/teegro.gob.mx\/inicio\/wp-content\/uploads\/2021\/06\/TEE-JEC-215-2021.pdf\">Descarga<\/a><\/p>\n<h3><strong>TEE\/JEC\/220\/2021<\/strong><\/h3>\n<p><strong>Actor:<\/strong> Olga Baz\u00e1n Gonz\u00e1lez<\/p>\n<p><strong>Autoridad responsable:<\/strong> Comisi\u00f3n Nacional de Honestidad y Justicia de Morena<\/p>\n<p><strong>Descarga:<\/strong> <a href=\"https:\/\/teegro.gob.mx\/inicio\/wp-content\/uploads\/2021\/06\/TEE-JEC-220-2021-.pdf\">Descarga<\/a><\/p>\n","protected":false},"excerpt":{"rendered":"<p>Orden del d\u00eda V\u00eddeo de la Sesi\u00f3n Contenido TEE\/JEC\/054\/2021 ACUERDO PLENARIO &#8211; Rigoberto Ramos Romero y Gabriel Fernando Ram\u00edrez Ram\u00edrez TEE\/JEC\/068\/2021 ACUERDO PLENARIO &#8211; Jes\u00fas S\u00e1nchez L\u00f3pez y otras personas TEE\/JEC\/079\/2021 ACUERDO PLENARIO &#8211; Antonio de Jes\u00fas Mart\u00ednez del \u00c1ngel TEE\/JEC\/125\/2021 y TEE\/JEC\/150\/2021 ACUERDO PLENARIO &#8211; Erika Valencia Cardona TEE\/JEC\/163\/2021 ACUERDO PLENARIO &#8211; Carmelo Loeza [&hellip;]<\/p>\n","protected":false},"author":1,"featured_media":0,"comment_status":"open","ping_status":"open","sticky":false,"template":"","format":"standard","meta":{"_acf_changed":false,"footnotes":""},"categories":[210],"tags":[],"class_list":["post-13355","post","type-post","status-publish","format-standard","hentry","category-gaceta"],"acf":[],"_links":{"self":[{"href":"https:\/\/teegro.gob.mx\/sitio2025\/wp-json\/wp\/v2\/posts\/13355","targetHints":{"allow":["GET"]}}],"collection":[{"href":"https:\/\/teegro.gob.mx\/sitio2025\/wp-json\/wp\/v2\/posts"}],"about":[{"href":"https:\/\/teegro.gob.mx\/sitio2025\/wp-json\/wp\/v2\/types\/post"}],"author":[{"embeddable":true,"href":"https:\/\/teegro.gob.mx\/sitio2025\/wp-json\/wp\/v2\/users\/1"}],"replies":[{"embeddable":true,"href":"https:\/\/teegro.gob.mx\/sitio2025\/wp-json\/wp\/v2\/comments?post=13355"}],"version-history":[{"count":18,"href":"https:\/\/teegro.gob.mx\/sitio2025\/wp-json\/wp\/v2\/posts\/13355\/revisions"}],"predecessor-version":[{"id":13374,"href":"https:\/\/teegro.gob.mx\/sitio2025\/wp-json\/wp\/v2\/posts\/13355\/revisions\/13374"}],"wp:attachment":[{"href":"https:\/\/teegro.gob.mx\/sitio2025\/wp-json\/wp\/v2\/media?parent=13355"}],"wp:term":[{"taxonomy":"category","embeddable":true,"href":"https:\/\/teegro.gob.mx\/sitio2025\/wp-json\/wp\/v2\/categories?post=13355"},{"taxonomy":"post_tag","embeddable":true,"href":"https:\/\/teegro.gob.mx\/sitio2025\/wp-json\/wp\/v2\/tags?post=13355"}],"curies":[{"name":"wp","href":"https:\/\/api.w.org\/{rel}","templated":true}]}}