{"id":13375,"date":"2021-06-15T13:00:00","date_gmt":"2021-06-15T18:00:00","guid":{"rendered":"https:\/\/teegro.gob.mx\/sitio2023\/?p=13375"},"modified":"2024-04-09T15:24:48","modified_gmt":"2024-04-09T20:24:48","slug":"quincuagesima-quinta-sesion-publica-de-resolucion","status":"publish","type":"post","link":"https:\/\/teegro.gob.mx\/sitio2025\/quincuagesima-quinta-sesion-publica-de-resolucion\/","title":{"rendered":"Quincuag\u00e9sima Quinta Sesi\u00f3n P\u00fablica de Resoluci\u00f3n"},"content":{"rendered":"<!-- VideographyWP Plugin Message: Automatic video embedding prevented by plugin options. -->\n\n<ul>\n<li><a href=\"https:\/\/teegro.gob.mx\/inicio\/wp-content\/uploads\/2021\/06\/Lista16062021.pdf\">Orden del d\u00eda<\/a><\/li>\n<li><a href=\"https:\/\/teegro.gob.mx\/inicio\/wp-content\/uploads\/2021\/06\/Lista16062021comp.pdf\">Complementaria<\/a><\/li>\n<li><a href=\"https:\/\/youtu.be\/vgHBfGOCQzg?si=aLoIOL4mfQfVsnlu\">V\u00eddeo de la Sesi\u00f3n<\/a><\/li>\n<\/ul>\n<h3>Contenido<\/h3>\n<ul>\n<li>TEE\/JEC\/202\/2021 Acuerdo Plenario &#8211; Petronila Gatica Gonz\u00e1lez<\/li>\n<li>TEE\/RAP\/032\/2021 &#8211; Daniel Meza Loeza<\/li>\n<li>TEE\/PES\/037\/2021 &#8211; Ricardo Taja Ram\u00edrez<\/li>\n<li>TEE\/PES\/039\/2021 &#8211; Partido Revolucionario Institucional<\/li>\n<li>TEE\/PES\/040\/2021 &#8211; Emilio Chavarr\u00eda D\u00edaz<\/li>\n<\/ul>\n<p><strong>Complementaria<\/strong><\/p>\n<ul>\n<li>TEE\/PES\/038\/2021 &#8211; Abelina L\u00f3pez Rodr\u00edguez<\/li>\n<\/ul>\n<h2><!--more--><\/h2>\n<h3><strong>TEE\/JEC\/202\/2021 Acuerdo Plenario<\/strong><\/h3>\n<p><strong>Actor:<\/strong> Petronila Gatica Gonz\u00e1lez<\/p>\n<p>&nbsp;<strong>Autoridad responsable:<\/strong> Comisi\u00f3n Nacional de Elecciones de Morena<\/p>\n<p><strong>Descarga:<\/strong> <a href=\"https:\/\/teegro.gob.mx\/inicio\/wp-content\/uploads\/2021\/06\/TEE-JEC-202-2021-Acuerdo.pdf\">Descarga<\/a><\/p>\n<h3><strong>TEE\/RAP\/032\/2021<\/strong><\/h3>\n<p><strong>Actor:<\/strong> Daniel Meza Loeza<\/p>\n<p><strong>Autoridad responsable:<\/strong> Instituto Electoral y de Participaci\u00f3n Ciudadana del Estado de Guerrero<\/p>\n<p><strong>Descarga:<\/strong> <a href=\"https:\/\/teegro.gob.mx\/inicio\/wp-content\/uploads\/2021\/06\/TEE-RAP-032-2021.pdf\">Descarga<\/a><\/p>\n<h3><strong>TEE\/PES\/037\/2021<\/strong><\/h3>\n<p><strong>Denunciante:<\/strong> Ricardo Taja Ram\u00edrez<\/p>\n<p><strong>Denunciado:<\/strong> Ramiro Solorio Almaz\u00e1n<\/p>\n<p><strong>Descarga:<\/strong> <a href=\"https:\/\/teegro.gob.mx\/inicio\/wp-content\/uploads\/2021\/06\/TEE-PES-037-2021.pdf\">Descarga<\/a><\/p>\n<h3><strong>TEE\/PES\/039\/2021<\/strong><\/h3>\n<p><strong>Denunciante:<\/strong> Partido Revolucionario Institucional<\/p>\n<p><strong>Denunciada:<\/strong> Abelina L\u00f3pez Rodr\u00edguez y Morena<\/p>\n<p><strong>Descarga:<\/strong> <a href=\"https:\/\/teegro.gob.mx\/inicio\/wp-content\/uploads\/2021\/06\/TEE-PES-039-2021.pdf\">Descarga<\/a><\/p>\n<h3><strong>TEE\/PES\/040\/2021<\/strong><\/h3>\n<p><strong>Denunciante:<\/strong> Emilio Chavarr\u00eda D\u00edaz<\/p>\n<p><strong>Denunciada:<\/strong> J. F\u00e9lix Salgado Macedonio y Morena<\/p>\n<p><strong>Descarga:<\/strong> <a href=\"https:\/\/teegro.gob.mx\/inicio\/wp-content\/uploads\/2021\/06\/TEE-PES-040-2021.pdf\">Descarga<\/a><\/p>\n<p>&nbsp;<\/p>\n<p><strong>Complementaria<\/strong><\/p>\n<h3><strong>TEE\/PES\/038\/2021<\/strong><\/h3>\n<p><strong>Denunciante:<\/strong> Abelina L\u00f3pez Rodr\u00edguez<\/p>\n<p><strong>Denunciado:<\/strong> Ricardo Taja Ram\u00edrez<\/p>\n<p><strong>Descarga:<\/strong> <a href=\"https:\/\/teegro.gob.mx\/inicio\/wp-content\/uploads\/2021\/06\/TEE-PES-038-2021.pdf\">Descargar<\/a><\/p>\n","protected":false},"excerpt":{"rendered":"<p>Orden del d\u00eda Complementaria V\u00eddeo de la Sesi\u00f3n Contenido TEE\/JEC\/202\/2021 Acuerdo Plenario &#8211; Petronila Gatica Gonz\u00e1lez TEE\/RAP\/032\/2021 &#8211; Daniel Meza Loeza TEE\/PES\/037\/2021 &#8211; Ricardo Taja Ram\u00edrez TEE\/PES\/039\/2021 &#8211; Partido Revolucionario Institucional TEE\/PES\/040\/2021 &#8211; Emilio Chavarr\u00eda D\u00edaz Complementaria TEE\/PES\/038\/2021 &#8211; Abelina L\u00f3pez Rodr\u00edguez<\/p>\n","protected":false},"author":1,"featured_media":0,"comment_status":"open","ping_status":"open","sticky":false,"template":"","format":"standard","meta":{"_acf_changed":false,"footnotes":""},"categories":[210],"tags":[],"class_list":["post-13375","post","type-post","status-publish","format-standard","hentry","category-gaceta"],"acf":[],"_links":{"self":[{"href":"https:\/\/teegro.gob.mx\/sitio2025\/wp-json\/wp\/v2\/posts\/13375","targetHints":{"allow":["GET"]}}],"collection":[{"href":"https:\/\/teegro.gob.mx\/sitio2025\/wp-json\/wp\/v2\/posts"}],"about":[{"href":"https:\/\/teegro.gob.mx\/sitio2025\/wp-json\/wp\/v2\/types\/post"}],"author":[{"embeddable":true,"href":"https:\/\/teegro.gob.mx\/sitio2025\/wp-json\/wp\/v2\/users\/1"}],"replies":[{"embeddable":true,"href":"https:\/\/teegro.gob.mx\/sitio2025\/wp-json\/wp\/v2\/comments?post=13375"}],"version-history":[{"count":11,"href":"https:\/\/teegro.gob.mx\/sitio2025\/wp-json\/wp\/v2\/posts\/13375\/revisions"}],"predecessor-version":[{"id":13386,"href":"https:\/\/teegro.gob.mx\/sitio2025\/wp-json\/wp\/v2\/posts\/13375\/revisions\/13386"}],"wp:attachment":[{"href":"https:\/\/teegro.gob.mx\/sitio2025\/wp-json\/wp\/v2\/media?parent=13375"}],"wp:term":[{"taxonomy":"category","embeddable":true,"href":"https:\/\/teegro.gob.mx\/sitio2025\/wp-json\/wp\/v2\/categories?post=13375"},{"taxonomy":"post_tag","embeddable":true,"href":"https:\/\/teegro.gob.mx\/sitio2025\/wp-json\/wp\/v2\/tags?post=13375"}],"curies":[{"name":"wp","href":"https:\/\/api.w.org\/{rel}","templated":true}]}}