{"id":13387,"date":"2021-06-18T13:00:44","date_gmt":"2021-06-18T18:00:44","guid":{"rendered":"https:\/\/teegro.gob.mx\/sitio2023\/?p=13387"},"modified":"2024-04-09T16:06:35","modified_gmt":"2024-04-09T21:06:35","slug":"quincuagesima-sexta-sesion-publica-de-resolucion","status":"publish","type":"post","link":"https:\/\/teegro.gob.mx\/sitio2025\/quincuagesima-sexta-sesion-publica-de-resolucion\/","title":{"rendered":"Quincuag\u00e9sima Sexta Sesi\u00f3n P\u00fablica de Resoluci\u00f3n"},"content":{"rendered":"<!-- VideographyWP Plugin Message: Automatic video embedding prevented by plugin options. -->\n\n<ul>\n<li><a href=\"https:\/\/teegro.gob.mx\/inicio\/wp-content\/uploads\/2021\/06\/Lista19062021.pdf\">Orden del d\u00eda<\/a><\/li>\n<li><a href=\"https:\/\/teegro.gob.mx\/inicio\/wp-content\/uploads\/2021\/06\/Listas19062021comp.pdf\">Complementaria<\/a><\/li>\n<li><a href=\"https:\/\/youtu.be\/M78KJvlzEcA?si=0Q8PN3KXBCgBGFfb\">V\u00eddeo de la Sesi\u00f3n<\/a><\/li>\n<\/ul>\n<h3>Contenido<\/h3>\n<ul>\n<li>TEE\/JIN\/004\/2021 ACUERDO PLENARIO &#8211; Karina Vanessa Galeana Morales<\/li>\n<li>TEE\/JEC\/180\/2021 ACUERDO PLENARIO &#8211; Marina Carranza Figueroa<\/li>\n<li>TEE\/PES\/041\/2021 &#8211; Ricardo Taja Ram\u00edrez<\/li>\n<li>TEE\/PES\/042\/2021 &#8211; Flor Ivette de Jes\u00fas Nava<\/li>\n<li>TEE\/PES\/023\/2021 &#8211; Pedro Sergio Guti\u00e9rrez L\u00f3pez<\/li>\n<li>TEE\/PES\/030\/2021 &#8211; Flor Ivette de Jes\u00fas Nava<\/li>\n<li>TEE\/PES\/035\/2021 &#8211; Manuel Alberto Saavedra Ch\u00e1vez<\/li>\n<li>TEE\/PES\/005\/2020 &#8211; Eleazar Mar\u00edn Quebrado<\/li>\n<\/ul>\n<p><strong>Complementaria<\/strong><\/p>\n<ul>\n<li>TEE\/JIN\/018\/2021 ACUERDO PLENARIO &#8211; Miguel Alvarado R\u00edos <\/li>\n<li>TEE\/JIN\/003\/2021 ACUERDO PLENARIO &#8211; Berenice Bravo Nogueda<\/li>\n<li>TEE\/PES\/044\/2021 &#8211; Maricela Morales Ortiz<\/li>\n<li>TEE\/PES\/043\/2021 &#8211; Yasm\u00edn Arriaga Torres<\/li>\n<\/ul>\n<h2><!--more--><\/h2>\n<h3><strong>TEE\/JIN\/004\/2021 ACUERDO PLENARIO<\/strong><\/h3>\n<p><strong>Actor:<\/strong> Karina Vanessa Galeana Morales<\/p>\n<p>&nbsp;<strong>Autoridad responsable:<\/strong> Consejo Distrital Electoral 10, IEPC<\/p>\n<p><strong>Descarga:<\/strong> <a href=\"https:\/\/teegro.gob.mx\/inicio\/wp-content\/uploads\/2021\/06\/TEE-JIN-004-2021-Acuerdo.pdf\">Descarga<\/a><\/p>\n<h3><strong>TEE\/JEC\/180\/2021 ACUERDO PLENARIO<\/strong><\/h3>\n<p><strong>Actor:<\/strong> Marina Carranza Figueroa<\/p>\n<p>&nbsp;<strong>Autoridad responsable:<\/strong> Comisi\u00f3n Permanente del Consejo Estatal del PAN<\/p>\n<p><strong>Descarga:<\/strong> <a href=\"https:\/\/teegro.gob.mx\/inicio\/wp-content\/uploads\/2021\/06\/TEE-JEC-180-2021-Acuerdo-1.pdf\">Descarga<\/a><\/p>\n<h3><strong>TEE\/PES\/041\/2021<\/strong><\/h3>\n<p><strong>Denunciante:<\/strong> Ricardo Taja Ram\u00edrez<\/p>\n<p><strong>Denunciada:<\/strong> Abelina L\u00f3pez Rodr\u00edguez<\/p>\n<p><strong>Descarga:<\/strong> <a href=\"https:\/\/teegro.gob.mx\/inicio\/wp-content\/uploads\/2021\/06\/TEE-PES-041-2021.pdf\">Descarga<\/a><\/p>\n<h3><strong>TEE\/PES\/042\/2021<\/strong><\/h3>\n<p><strong>Denunciante:<\/strong> Flor Ivette de Jes\u00fas Nava<\/p>\n<p><strong>Denunciado:<\/strong> Ramiro Solorio Almaz\u00e1n<\/p>\n<p><strong>Descarga:<\/strong> <a href=\"https:\/\/teegro.gob.mx\/inicio\/wp-content\/uploads\/2021\/06\/TEE-PES-042-2021.pdf\">Descarga<\/a><\/p>\n<h3><strong>TEE\/PES\/023\/2021<\/strong><\/h3>\n<p><strong>Denunciante:<\/strong> Pedro Sergio Guti\u00e9rrez L\u00f3pez<\/p>\n<p><strong>Denunciado:<\/strong> Marcos Efr\u00e9n Parra G\u00f3mez<\/p>\n<p><strong>Descarga:<\/strong> <a href=\"https:\/\/teegro.gob.mx\/inicio\/wp-content\/uploads\/2021\/06\/TEE-PES-023-2021.pdf\">Descarga<\/a><\/p>\n<h3><strong>TEE\/PES\/030\/2021<\/strong><\/h3>\n<p><strong>Denunciante:<\/strong> Flor Ivette de Jes\u00fas Nava<\/p>\n<p><strong>Denunciado:<\/strong> Abelina L\u00f3pez Rodr\u00edguez<\/p>\n<p><strong>Descarga:<\/strong> <a href=\"https:\/\/teegro.gob.mx\/inicio\/wp-content\/uploads\/2021\/06\/TEE-PES-030-2021-Y-Acumulados.pdf\">Descarga<\/a><\/p>\n<h3><strong>TEE\/PES\/035\/2021<\/strong><\/h3>\n<p><strong>Denunciante:<\/strong> Manuel Alberto Saavedra Ch\u00e1vez<\/p>\n<p><strong>Denunciado:<\/strong> Abelina L\u00f3pez Rodr\u00edguez<\/p>\n<p><strong>Descarga:<\/strong> <a href=\"https:\/\/teegro.gob.mx\/inicio\/wp-content\/uploads\/2021\/06\/TEE-PES-030-2021-Y-Acumulados.pdf\">Descarga<\/a><\/p>\n<h3><strong>TEE\/PES\/005\/2020<\/strong><\/h3>\n<p><strong>Denunciante:<\/strong> Eleazar Mar\u00edn Quebrado<\/p>\n<p><strong>Denunciado:<\/strong> Efr\u00e9n \u00c1ngel Romero Sotelo, Fernando Javier Cuevas Ortiz y Gerardo Rend\u00f3n Ju\u00e1rez, Presidente, Tesorero y Secretario del Ayuntamiento de Teloloapan<\/p>\n<p><strong>Descarga:<\/strong> Retirado<\/p>\n<p>&nbsp;<\/p>\n<p><strong>Complementaria<\/strong><\/p>\n<h3><strong>TEE\/<\/strong>JIN\/018\/2021 ACUERDO PLENARIO<\/h3>\n<p><strong>Actor:<\/strong> Miguel Alvarado R\u00edos<\/p>\n<p><strong>Autoridad responsable:<\/strong> Consejo Distrital Electoral 10, del IEPC<\/p>\n<p><strong>Descarga:<\/strong> <a href=\"https:\/\/teegro.gob.mx\/inicio\/wp-content\/uploads\/2021\/06\/TEE-JIN-018-2021-Acuerdo.pdf\">Descarga<\/a><\/p>\n<h3><strong>TEE\/<\/strong>JIN\/003\/2021 ACUERDO PLENARIO<\/h3>\n<p><strong>Actor:<\/strong> Berenice Bravo Nogueda<\/p>\n<p><strong>Autoridad responsable:<\/strong> Consejo Distrital Electoral 4, del IEPC<\/p>\n<p><strong>Descarga:<\/strong> <a href=\"https:\/\/teegro.gob.mx\/inicio\/wp-content\/uploads\/2021\/06\/TEE-JIN-003-2021-Acuerdo.pdf\">Descarga<\/a><\/p>\n<h3><strong>TEE\/PES\/044\/2021<\/strong><\/h3>\n<p><strong>Denunciante:<\/strong> Maricela Morales Ortiz<\/p>\n<p><strong>Denunciada:<\/strong> Sandra Vel\u00e1zquez Lara, Partido Acci\u00f3n Nacional y Jaime Guatemala Ni\u00f1o<\/p>\n<p><strong>Descarga:<\/strong> <a href=\"https:\/\/teegro.gob.mx\/inicio\/wp-content\/uploads\/2021\/06\/TEE-PES-044-2021.pdf\">Descargar<\/a><\/p>\n<h3><strong>TEE\/PES\/043\/2021<\/strong><\/h3>\n<p><strong>Denunciante:<\/strong> Yasm\u00edn Arriaga Torres<\/p>\n<p><strong>Denunciada:<\/strong> P\u00e1gina digital y\/o responsable del contenido digital \u201cEl Ring de Guerrero\u201d, Jos\u00e9 Luis Gonz\u00e1lez Cuevas, editor y director del semanario \u00bfNO QUE NO? Comunicaci\u00f3n Estrat\u00e9gica; y Marco Antonio Leyva Mena<\/p>\n<p><strong>Descarga:<\/strong> <a href=\"https:\/\/teegro.gob.mx\/inicio\/wp-content\/uploads\/2021\/06\/TEE-PES-043-2021-.pdf\">Descarga<\/a><\/p>\n","protected":false},"excerpt":{"rendered":"<p>Orden del d\u00eda Complementaria V\u00eddeo de la Sesi\u00f3n Contenido TEE\/JIN\/004\/2021 ACUERDO PLENARIO &#8211; Karina Vanessa Galeana Morales TEE\/JEC\/180\/2021 ACUERDO PLENARIO &#8211; Marina Carranza Figueroa TEE\/PES\/041\/2021 &#8211; Ricardo Taja Ram\u00edrez TEE\/PES\/042\/2021 &#8211; Flor Ivette de Jes\u00fas Nava TEE\/PES\/023\/2021 &#8211; Pedro Sergio Guti\u00e9rrez L\u00f3pez TEE\/PES\/030\/2021 &#8211; Flor Ivette de Jes\u00fas Nava TEE\/PES\/035\/2021 &#8211; Manuel Alberto Saavedra Ch\u00e1vez [&hellip;]<\/p>\n","protected":false},"author":1,"featured_media":0,"comment_status":"open","ping_status":"open","sticky":false,"template":"","format":"standard","meta":{"_acf_changed":false,"footnotes":""},"categories":[210],"tags":[],"class_list":["post-13387","post","type-post","status-publish","format-standard","hentry","category-gaceta"],"acf":[],"_links":{"self":[{"href":"https:\/\/teegro.gob.mx\/sitio2025\/wp-json\/wp\/v2\/posts\/13387","targetHints":{"allow":["GET"]}}],"collection":[{"href":"https:\/\/teegro.gob.mx\/sitio2025\/wp-json\/wp\/v2\/posts"}],"about":[{"href":"https:\/\/teegro.gob.mx\/sitio2025\/wp-json\/wp\/v2\/types\/post"}],"author":[{"embeddable":true,"href":"https:\/\/teegro.gob.mx\/sitio2025\/wp-json\/wp\/v2\/users\/1"}],"replies":[{"embeddable":true,"href":"https:\/\/teegro.gob.mx\/sitio2025\/wp-json\/wp\/v2\/comments?post=13387"}],"version-history":[{"count":21,"href":"https:\/\/teegro.gob.mx\/sitio2025\/wp-json\/wp\/v2\/posts\/13387\/revisions"}],"predecessor-version":[{"id":13411,"href":"https:\/\/teegro.gob.mx\/sitio2025\/wp-json\/wp\/v2\/posts\/13387\/revisions\/13411"}],"wp:attachment":[{"href":"https:\/\/teegro.gob.mx\/sitio2025\/wp-json\/wp\/v2\/media?parent=13387"}],"wp:term":[{"taxonomy":"category","embeddable":true,"href":"https:\/\/teegro.gob.mx\/sitio2025\/wp-json\/wp\/v2\/categories?post=13387"},{"taxonomy":"post_tag","embeddable":true,"href":"https:\/\/teegro.gob.mx\/sitio2025\/wp-json\/wp\/v2\/tags?post=13387"}],"curies":[{"name":"wp","href":"https:\/\/api.w.org\/{rel}","templated":true}]}}